{"id":13619,"date":"2025-01-28T22:39:08","date_gmt":"2025-01-28T22:39:08","guid":{"rendered":"https:\/\/congokin.blog\/?p=13619"},"modified":"2025-01-28T22:42:31","modified_gmt":"2025-01-28T22:42:31","slug":"chute-de-goma-la-double-crainte-dune-scission-de-la-rdc-et-dune-escalade-avec-le-rwanda","status":"publish","type":"post","link":"https:\/\/congokin.blog\/?p=13619","title":{"rendered":"Chute de Goma\u00a0: la double crainte d\u2019une scission de la RDC et d\u2019une escalade avec le Rwanda"},"content":{"rendered":"\n<p>Afrique.&nbsp;<\/p>\n\n\n\n<h1 class=\"wp-block-heading\">Chute de Goma\u00a0: la double crainte d\u2019une scission de la RDC et d\u2019une escalade avec le Rwanda<\/h1>\n\n\n\n<p class=\"has-luminous-vivid-amber-background-color has-background\">Les rebelles du M23 ont annonc\u00e9 le 27\u00a0janvier avoir pris Goma, plus grande ville de l\u2019est de la R\u00e9publique d\u00e9mocratique du Congo et chef-lieu de la province du Nord-Kivu. Une avanc\u00e9e d\u00e9cisive qui vient conforter la mainmise graduelle du groupe arm\u00e9, avec l\u2019appui rwandais, sur cette riche r\u00e9gion orientale. \u201cAujourd\u2019hui au Faso\u201d d\u00e9nonce les atermoiements de l\u2019Union africaine et de certains pays occidentaux.<\/p>\n\n\n\n<p><a href=\"https:\/\/www.courrierinternational.com\/article\/afrique-chute-de-goma-la-double-crainte-d-une-scission-de-la-rdc-et-d-une-escalade-avec-le-rwanda_226994#article-box-source\"><\/a><\/p>\n\n\n\n<figure class=\"wp-block-image is-resized\"><a href=\"https:\/\/focus.courrierinternational.com\/2025\/01\/27\/0\/0\/5096\/3397\/1280\/0\/60\/0\/e213829_sirius-fs-upload-1-0kprxkxd8ikl-1737972611519-goma-tombe-courrier-international-rdc.jpg\"><img decoding=\"async\" src=\"https:\/\/focus.courrierinternational.com\/2025\/01\/27\/0\/0\/5096\/3397\/320\/0\/60\/0\/e213829_sirius-fs-upload-1-0kprxkxd8ikl-1737972611519-goma-tombe-courrier-international-rdc.jpg\" alt=\"Ces habitants, originaires de Kibati, ville situ\u00e9e pr\u00e8s de Goma, fuient les combats entre le M23\u00a0et les forces arm\u00e9es de la RDC, le 26\u00a0janvier 2025. \" style=\"width:840px;height:auto\"\/><\/a><figcaption class=\"wp-element-caption\">Ces habitants, originaires de Kibati, ville situ\u00e9e pr\u00e8s de Goma, fuient les combats entre le M23&nbsp;et les forces arm\u00e9es de la RDC, le 26&nbsp;janvier 2025.&nbsp;Photo JOSPIN MWISHA\/AFP<\/figcaption><\/figure>\n\n\n\n<p>Partager<\/p>\n\n\n\n<figure class=\"wp-block-image is-resized\"><a href=\"https:\/\/focus.courrierinternational.com\/2025\/01\/27\/0\/0\/2000\/2667\/1280\/0\/60\/0\/b6f1cf9_sirius-fs-upload-1-fm5nroyqbz5a-1737990365739-web20250127-congo-rwanda-kivu.png\"><img decoding=\"async\" src=\"https:\/\/focus.courrierinternational.com\/2025\/01\/27\/0\/0\/2000\/2667\/320\/0\/60\/0\/b6f1cf9_sirius-fs-upload-1-fm5nroyqbz5a-1737990365739-web20250127-congo-rwanda-kivu.png\" alt=\"Le M23\u00a0revendique la prise de la ville de Goma.\" style=\"width:840px;height:auto\"\/><\/a><figcaption class=\"wp-element-caption\">Le M23&nbsp;revendique la prise de la ville de Goma.&nbsp;SOURCE&nbsp;: RADIO OKAPI.<\/figcaption><\/figure>\n\n\n\n<p>Sake [ville situ\u00e9e \u00e0&nbsp;20&nbsp;kilom\u00e8tres&nbsp;\u00e0 l\u2019ouest de&nbsp;Goma], la derni\u00e8re serrure avant Goma, le chef-lieu de la r\u00e9gion, est manifestement tomb\u00e9e dans les mains du M23&nbsp;! C\u2019est la hantise qui taraudait les esprits et celle des habitants. [Dans la nuit du 26&nbsp;au 27&nbsp;janvier, le M23&nbsp;a annonc\u00e9 la&nbsp;<em>\u201clib\u00e9ration\u201d&nbsp;<\/em>de Goma,&nbsp;<em>voir le communiqu\u00e9 de presse plus bas<\/em>].<\/p>\n\n\n\n<p><a href=\"https:\/\/www.courrierinternational.com\/article\/tensions-l-armee-rwandaise-prete-a-envahir-la-rdc_226985\"><\/a><\/p>\n\n\n\n<p><a href=\"https:\/\/www.courrierinternational.com\/article\/tensions-l-armee-rwandaise-prete-a-envahir-la-rdc_226985\">Lire aussi&nbsp;:&nbsp;Tensions.&nbsp;L\u2019arm\u00e9e rwandaise \u201cpr\u00eate \u00e0 envahir\u201d la RDC&nbsp;?<\/a><\/p>\n\n\n\n<p>\u00c0 l\u2019heure o\u00f9 ces lignes seront lues, cela devrait \u00eatre le cas, car d\u00e9j\u00e0 des coups de feu sont entendus \u00e0 Munougui, \u00e0 quelques p\u00e2t\u00e9s de maisons du QG de la Monusco [Mission de l\u2019organisation des Nations unies pour la stabilisation en R\u00e9publique d\u00e9mocratique du Congo], et m\u00eame dans Goma, chant du cygne des Farc [Forces arm\u00e9es de la R\u00e9publique d\u00e9mocratique du Congo] et des&nbsp;<em>wazalendo<\/em>&nbsp;[\u201cpatriotes\u201d en&nbsp;kiswahili, terme d\u00e9signant des groupes d\u2019autod\u00e9fense suppl\u00e9tifs de l\u2019arm\u00e9e] en d\u00e9route.<\/p>\n\n\n\n<p>Depuis le jeudi 23&nbsp;janvier \u00e0 l\u2019aube, c\u2019est une v\u00e9ritable guerre meurtri\u00e8re qui oppose les soldats congolais \u00e0 la r\u00e9bellion M23, excroissance de l\u2019arm\u00e9e rwandaise. Hier dimanche 26&nbsp;janvier, les combats ont doubl\u00e9 d\u2019intensit\u00e9, et la capitale de cette r\u00e9gion en a fait les frais.<\/p>\n\n\n\n<figure class=\"wp-block-image is-resized\"><a href=\"https:\/\/focus.courrierinternational.com\/2025\/01\/27\/0\/0\/1109\/1632\/1280\/0\/60\/0\/b37a53f_sirius-fs-upload-1-axz4uqbxmxui-1737967648001-girtqcsxaaaqqsv.jpeg\"><img decoding=\"async\" src=\"https:\/\/focus.courrierinternational.com\/2025\/01\/27\/0\/0\/1109\/1632\/320\/0\/60\/0\/b37a53f_sirius-fs-upload-1-axz4uqbxmxui-1737967648001-girtqcsxaaaqqsv.jpeg\" alt=\"Communiqu\u00e9 de l\u2019Alliance Fleuve Congo, qui comprend le M23. \" style=\"width:840px;height:auto\"\/><\/a><figcaption class=\"wp-element-caption\">Communiqu\u00e9 de l\u2019Alliance Fleuve Congo, qui comprend le M23.&nbsp;\u201cThe New Times\u201d<\/figcaption><\/figure>\n\n\n\n<p>Neuf soldats sud-africains tu\u00e9s, un de la Monusco \u00e9galement&nbsp;; r\u00e9union d\u2019urgence du Conseil de s\u00e9curit\u00e9 de l\u2019ONU sur demande pressante de la RDC, dont la ministre des Affaires \u00e9trang\u00e8res est \u00e0 New York&nbsp;; \u00e9vacuation de tous les diplomates rwandais de la RDC et rupture des relations entre les deux&nbsp;pays&nbsp;: c\u2019est l\u2019escalade en Afrique centrale, et entre ces deux voisins.<\/p>\n\n\n\n<h2 class=\"wp-block-heading\">Prurit sanglant<\/h2>\n\n\n\n<p>Aux victimes et bless\u00e9s s\u2019ajoute la catastrophe humanitaire, qui est devenue une r\u00e9alit\u00e9 avec plus de 600&nbsp;000 d\u00e9plac\u00e9s qui ont quitt\u00e9 leur camp pour \u00e9chapper aux combats entre les bellig\u00e9rants. Goma est priv\u00e9e d\u2019\u00e9lectricit\u00e9 et d\u2019eau, et le spectre d\u2019une \u00e9pid\u00e9mie n\u2019est pas \u00e0 exclure, surtout avec les nouveaux ma\u00eetres des lieux&nbsp;!<\/p>\n\n\n\n<p>La diplomatie pour \u201c\u00e9viter le pire\u201d<\/p>\n\n\n\n<p>Une r\u00e9union d\u2019urgence du Conseil de s\u00e9curit\u00e9 consacr\u00e9e \u00e0 la situation dans l\u2019est de la RDC s\u2019est tenue le 26&nbsp;janvier \u00e0 New York. \u201c<em>Tous ont appel\u00e9 cet organe de l\u2019ONU \u00e0 prendre urgemment des actions pour stopper l\u2019escalade du conflit et sauver des vies humaines<\/em>\u201d, indique le titre congolais&nbsp;<a target=\"_blank\" href=\"https:\/\/www.radiookapi.net\/2025\/01\/27\/actualite\/securite\/combats-fardc-m23-des-appels-une-action-immediate-du-conseil-de\" rel=\"noreferrer noopener\"><strong>Radio Okapi<\/strong><\/a><strong>.<\/strong><\/p>\n\n\n\n<p>Par la voix de la ministre des Affaires \u00e9trang\u00e8res congolaise, Th\u00e9r\u00e8se Kayikwamba Wagner, la RDC a \u201c<em>r\u00e9clam\u00e9 des sanctions cibl\u00e9es contre les dirigeants militaires et politiques rwandais ainsi qu\u2019un embargo total sur les exportations de tous les minerais \u00e9tiquet\u00e9s comme rwandais<\/em>\u201d, indique&nbsp;<a target=\"_blank\" href=\"https:\/\/afriquinfos.com\/la-situation-deletere-a-goma-fait-reagir-lua-lonu-et-un-grand-nombre-de-chancelleries\/\" rel=\"noreferrer noopener\"><strong>Afriquinfos<\/strong><\/a><strong>.<\/strong><\/p>\n\n\n\n<p>Le secr\u00e9taire g\u00e9n\u00e9ral adjoint de l\u2019ONU charg\u00e9 des op\u00e9rations de maintien de la paix a alert\u00e9 contre cette offensive du M23&nbsp;soutenu par les Rwandais et qui a abouti \u00e0 la prise d\u2019une succession de villes, de Minova \u00e0 Goma, en passant par Sake.&nbsp;<em>\u201cIl est encore possible d\u2019\u00e9viter le pire pourvu que ce Conseil agisse sans d\u00e9lai\u201d,<\/em>&nbsp;a d\u00e9clar\u00e9 Jean-Pierre Lacroix. Du c\u00f4t\u00e9 de la Mission de l\u2019Organisation des Nations unies pour la stabilisation en R\u00e9publique d\u00e9mocratique du Congo (Monusco), Bintou Keita a appel\u00e9 le&nbsp;<em>\u201cConseil \u00e0 agir maintenant pour s\u00e9curiser la population civile, les aides humanitaires, les travailleurs humanitaires et tout le personnel des Nations unies\u201d<\/em>.<\/p>\n\n\n\n<p>Certains pays ont fait entendre leur condamnation, tels les \u00c9tats-Unis qui ont appel\u00e9 \u00e0 des&nbsp;<em>\u201cmesures fermes pour d\u00e9fendre Goma et Sake face aux avanc\u00e9es du Rwanda et du M23\u201d&nbsp;<\/em>tout en se disant&nbsp;<em>\u201calarm\u00e9s\u201d&nbsp;<\/em>par la<em>&nbsp;\u201ccr\u00e9ation d\u2019administration parall\u00e8le par le M23, qui constitue une violation de l\u2019int\u00e9grit\u00e9 territoriale de la RDC\u201d<\/em>. La France, quant \u00e0 elle, a indiqu\u00e9 qu\u2019<em>\u201cil n\u2019y [avait] pas d\u2019issue militaire \u00e0 la guerre\u201d<\/em>, tout en appelant Kinshasa et Kigali \u00e0 la reprise du processus de paix de Luanda&nbsp;<em>[voir article ci-contre].<\/em>&nbsp;Sur le continent africain, le pr\u00e9sident k\u00e9nyan William Ruto a appel\u00e9 \u00e0 la cessation des hostilit\u00e9s en RDC et a annonc\u00e9 un sommet extraordinaire de la Communaut\u00e9 d\u2019Afrique de l\u2019Est (EAC).<\/p>\n\n\n\n<p>La situation sur le terrain reste tendue et&nbsp;<em>Afriquinfos<\/em>&nbsp;rapporte que, dimanche 26&nbsp;janvier 2025, un drone rwandais a ouvert le feu sur des positions congolaises \u00e0 environ 6&nbsp;kilom\u00e8tres de Goma. Des bombardements ont aussi touch\u00e9 le camp de d\u00e9plac\u00e9s de Rusayo, dans la p\u00e9riph\u00e9rie de Goma, selon plusieurs sources humanitaires qui n\u2019ont pas donn\u00e9 de bilan. Treize soldats sud-africains, malawites et uruguayens, d\u00e9ploy\u00e9s au sein de la force r\u00e9gionale de la Communaut\u00e9 de d\u00e9veloppement de l\u2019Afrique australe (SAMIRDC) et de la Monusco, ont \u00e9t\u00e9 tu\u00e9s dans des combats contre le M23 ces derniers jours, selon les autorit\u00e9s des trois pays.<\/p>\n\n\n\n<p><\/p>\n\n\n\n<p>Face \u00e0 ce prurit sanglant RDC-Rwanda, on ne peut que chanter le requiem du processus de Luanda [processus de r\u00e9solution diplomatique de la crise sous l\u2019\u00e9gide de l\u2019Union africaine (UA) et dont la mise en \u0153uvre a \u00e9t\u00e9 confi\u00e9e par l\u2019Angola] et observer avec circonspection les gesticulations ineptes de la communaut\u00e9 internationale, laquelle savait bien que l\u2019\u00e9volution de la situation dans cette r\u00e9gion (refus de Kagame de rencontrer Tshisekedi, \u00e9chec du processus de Luanda, refus de Kinshasa de dialoguer avec le M23 [qualifi\u00e9 de&nbsp;<em>\u201cgroupe terroriste\u201d<\/em>&nbsp;par le pr\u00e9sident congolais]), tous ces indicateurs \u00e9taient suffisamment alarmants pour que la m\u00eame communaut\u00e9 internationale ne s\u2019en \u00e9meuve pas.<\/p>\n\n\n\n<p><a href=\"https:\/\/www.courrierinternational.com\/article\/kivu-la-republique-democratique-du-congo-est-devenue-une-zone-de-mercenariat_225637\"><\/a><\/p>\n\n\n\n<p><a href=\"https:\/\/www.courrierinternational.com\/article\/kivu-la-republique-democratique-du-congo-est-devenue-une-zone-de-mercenariat_225637\">Lire aussi&nbsp;:&nbsp;Kivu.&nbsp;La R\u00e9publique d\u00e9mocratique du Congo est devenue une zone de mercenariat<\/a><\/p>\n\n\n\n<p>Et quand on parle de la communaut\u00e9 internationale, ce sont les m\u00eames partenaires de cette Afrique centrale&nbsp;: la France, les \u00c9tats-Unis, la Belgique\u2026 On a vu le chef de l\u2019\u00c9tat fran\u00e7ais, Emmanuel Macron, parler ce week-end, guerrier au t\u00e9l\u00e9phone, aux pr\u00e9sidents Paul Kagame et F\u00e9lix Tshisekedi sans trop de r\u00e9sultats.<\/p>\n\n\n\n<h2 class=\"wp-block-heading\">Trancher les responsabilit\u00e9s<\/h2>\n\n\n\n<p>Cette tambouille au Nord-Kivu, vieille de plus de deux d\u00e9cennies, avec des accalmies alternant avec des r\u00e9veils douloureux, cette guerre, h\u00e9las, c&rsquo;est le constat, n\u2019est pas sur la m\u00eame \u00e9chelle que d\u2019autres br\u00fblots d\u2019ailleurs.<\/p>\n\n\n\n<figure class=\"wp-block-image is-resized\"><a href=\"https:\/\/focus.courrierinternational.com\/2025\/01\/27\/0\/0\/1284\/1787\/1280\/0\/60\/0\/c60043c_sirius-fs-upload-1-br2ytnu433en-1737968739604-gisiau4xiaahy2t.jpeg\"><img decoding=\"async\" src=\"https:\/\/focus.courrierinternational.com\/2025\/01\/27\/0\/0\/1284\/1787\/320\/0\/60\/0\/c60043c_sirius-fs-upload-1-br2ytnu433en-1737968739604-gisiau4xiaahy2t.jpeg\" alt=\"\u201cGoma tombe\u201d en manchette de l\u2019\u00e9dition du titre rwandais \u201cThe New Times\u201d du 27\u00a0janvier 2025.\" style=\"width:840px;height:auto\"\/><\/a><figcaption class=\"wp-element-caption\">\u201cGoma tombe\u201d en manchette de l\u2019\u00e9dition du titre rwandais \u201cThe New Times\u201d du 27&nbsp;janvier 2025.<\/figcaption><\/figure>\n\n\n\n<p>Indignation s\u00e9lective, pr\u00e9occupation alambiqu\u00e9e, et r\u00e9action lente, tous ces constats font qu\u2019on sent que dans cette guerre dans l\u2019est de ce pays continent, la communaut\u00e9 internationale est g\u00ean\u00e9e aux entournures et s\u2019est transform\u00e9e en funambule.<\/p>\n\n\n\n<p>On peut d\u2019ailleurs comprendre cette communaut\u00e9, qui h\u00e9site \u00e0 opter pour la RDC ou le Rwanda, car vouloir r\u00e9gler cette guerre au Nord-Kivu, cela reviendra \u00e0 situer les responsabilit\u00e9s, et \u00e0 trancher. Non pas \u00e0 m\u00e9nager<strong>&nbsp;<\/strong>la ch\u00e8vre et le chou.<\/p>\n\n\n\n<p>Or il y a cette fameuse g\u00e9opolitique, qui bride ce choix, mais aussi l\u2019\u00e2me de cette guerre, qui fait freiner des quatre fers&nbsp;:&nbsp;<a href=\"https:\/\/www.courrierinternational.com\/article\/justice-la-rdc-accuse-apple-d-utiliser-des-minerais-de-sang-pour-ses-produits_225839\">les richesses du sous-sol dans cette partie de la RDC&nbsp;<\/a>dont se repaissent beaucoup de pays.<\/p>\n\n\n\n<h2 class=\"wp-block-heading\">Les ambigu\u00eft\u00e9s de l\u2019Union africaine<\/h2>\n\n\n\n<p>Dans cette guerre la position de l\u2019UA pose \u00e9galement probl\u00e8me, car l\u2019organisation panafricaine, [en] qualifiant les rebelles du M23 d\u2019<em>\u201copposition politico-militaire au r\u00e9gime de Kinshasa\u201d,<\/em>&nbsp;jette a minima la consternation et la col\u00e8re en RDC.<\/p>\n\n\n\n<p><a href=\"https:\/\/www.courrierinternational.com\/article\/panafricanisme-apres-son-sommet-l-union-africaine-peut-elle-encore-operer-sa-mue\"><\/a><\/p>\n\n\n\n<p><a href=\"https:\/\/www.courrierinternational.com\/article\/panafricanisme-apres-son-sommet-l-union-africaine-peut-elle-encore-operer-sa-mue\">Lire aussi\u00a0:\u00a0Panafricanisme.\u00a0Apr\u00e8s son sommet, l\u2019Union africaine peut-elle encore \u201cop\u00e9rer sa mue\u201d\u00a0?<\/a><gwmw style=\"display:none;\"><\/gwmw><\/p>\n\n\n\n<p>\u00c0 moins que Moussa Faki [pr\u00e9sident de la Commission de l\u2019Union africaine depuis janvier 2017], en diplomate averti, n\u2019ait choisi de souffler sur les braises incandescentes, en soutenant ouvertement le M23, et en ne condamnant pas l\u2019agression de cette r\u00e9bellion.<\/p>\n\n\n\n<p>C\u2019est un choix d\u00e9lib\u00e9r\u00e9 qui discr\u00e9dite du coup l\u2019UA dans cette guerre, car, entre les deux bellig\u00e9rants, le r\u00f4le de l\u2019organisation continentale est d\u2019apaiser, de trouver des solutions pacifiques et non d\u2019avoir un discours partisan. Moussa Faki a manqu\u00e9, et au-del\u00e0 l\u2019UA a rat\u00e9 encore une occasion d\u2019\u00eatre au-dessus des m\u00eal\u00e9es\u00a0: Dommage\u00a0!<gwmw style=\"display:none;\"><\/gwmw><gwmw style=\"display:none;\"><\/gwmw><\/p>\n\n\n\n<p><gwmw style=\"display:none;\"><\/gwmw><\/p>\n\n\n\n<p><gwmw style=\"display:none;\"><\/gwmw><\/p>\n<div style=\"text-align:center\" class=\"wps-pgfw-pdf-generate-icon__wrapper-frontend\">\n\t\t<a href=\"https:\/\/congokin.blog?action=genpdf&amp;id=13619\" class=\"pgfw-single-pdf-download-button\" ><img src=\"https:\/\/congokin.blog\/wp-content\/plugins\/pdf-generator-for-wp\/admin\/src\/images\/PDF_Tray.svg\" title=\"G\u00e9n\u00e9rer un PDF\" style=\"width:auto; height:45px;\"><\/a>\n\t\t<\/div>","protected":false},"excerpt":{"rendered":"<p>Afrique.&nbsp; Chute de Goma\u00a0: la double crainte d\u2019une scission de la RDC et d\u2019une escalade avec le Rwanda Les rebelles du M23 ont annonc\u00e9 le 27\u00a0janvier avoir pris Goma, plus grande ville de l\u2019est de la R\u00e9publique d\u00e9mocratique du Congo et chef-lieu de la province du Nord-Kivu. Une avanc\u00e9e d\u00e9cisive qui vient conforter la mainmise [&hellip;]<\/p>\n","protected":false},"author":9,"featured_media":0,"comment_status":"open","ping_status":"closed","sticky":false,"template":"","format":"standard","meta":{"footnotes":""},"categories":[1],"tags":[],"class_list":["post-13619","post","type-post","status-publish","format-standard","hentry","category-uncategorized"],"_links":{"self":[{"href":"https:\/\/congokin.blog\/index.php?rest_route=\/wp\/v2\/posts\/13619","targetHints":{"allow":["GET"]}}],"collection":[{"href":"https:\/\/congokin.blog\/index.php?rest_route=\/wp\/v2\/posts"}],"about":[{"href":"https:\/\/congokin.blog\/index.php?rest_route=\/wp\/v2\/types\/post"}],"author":[{"embeddable":true,"href":"https:\/\/congokin.blog\/index.php?rest_route=\/wp\/v2\/users\/9"}],"replies":[{"embeddable":true,"href":"https:\/\/congokin.blog\/index.php?rest_route=%2Fwp%2Fv2%2Fcomments&post=13619"}],"version-history":[{"count":3,"href":"https:\/\/congokin.blog\/index.php?rest_route=\/wp\/v2\/posts\/13619\/revisions"}],"predecessor-version":[{"id":13623,"href":"https:\/\/congokin.blog\/index.php?rest_route=\/wp\/v2\/posts\/13619\/revisions\/13623"}],"wp:attachment":[{"href":"https:\/\/congokin.blog\/index.php?rest_route=%2Fwp%2Fv2%2Fmedia&parent=13619"}],"wp:term":[{"taxonomy":"category","embeddable":true,"href":"https:\/\/congokin.blog\/index.php?rest_route=%2Fwp%2Fv2%2Fcategories&post=13619"},{"taxonomy":"post_tag","embeddable":true,"href":"https:\/\/congokin.blog\/index.php?rest_route=%2Fwp%2Fv2%2Ftags&post=13619"}],"curies":[{"name":"wp","href":"https:\/\/api.w.org\/{rel}","templated":true}]}}