{"id":13627,"date":"2025-03-22T03:17:17","date_gmt":"2025-03-22T03:17:17","guid":{"rendered":"https:\/\/congokin.blog\/?p=13627"},"modified":"2025-03-22T03:21:53","modified_gmt":"2025-03-22T03:21:53","slug":"13627","status":"publish","type":"post","link":"https:\/\/congokin.blog\/?p=13627","title":{"rendered":"<gwmw style=\"display:none;\"><\/gwmw>"},"content":{"rendered":"\n<h1 class=\"wp-block-heading\">A chacun son communiqu\u00e9 de presse : F\u00e9lix Tshisekedi et Paul Kagame \u00e0 Doha : beaucoup de bruit pour rien !<\/h1>\n\n\n\n<p>Au-del\u00e0 du fait que r\u00e9unir les pr\u00e9sidents congolais et rwandais \u00e9tait une gageure, rien ne dit que la s\u00e9quence permettra des avanc\u00e9es dans la r\u00e9solution de la crise dans l\u2019est de la RDC. D\u2019autant que d\u00e8s le lendemain, les rebelles du M23, soutenus par Kigali, se sont empar\u00e9s de la ville de Walikale.<\/p>\n\n\n\n<figure class=\"wp-block-image\"><img decoding=\"async\" src=\"https:\/\/prod.cdn-medias.jeuneafrique.com\/cdn-cgi\/image\/q=auto,f=auto,metadata=none,width=1215,fit=cover,gravity=0.5000x0.5000,quality=80\/https:\/\/prod.cdn-medias.jeuneafrique.com\/medias\/2025\/03\/18\/whatsapp-image-2025-03-18-at-195127.jpeg\" alt=\"Les pr\u00e9sidents congolais et rwandais, \u00e0 Doha le 18 mars 2025. \u00a9 Minist\u00e8re des Affaires \u00e9trang\u00e8res du Qatar\"\/><figcaption class=\"wp-element-caption\">Les pr\u00e9sidents congolais et rwandais, \u00e0 Doha le 18 mars 2025. \u00a9 Minist\u00e8re des Affaires \u00e9trang\u00e8res du Qatar<\/figcaption><\/figure>\n\n\n\n<ul class=\"wp-block-list\">\n<li><a href=\"https:\/\/www.jeuneafrique.com\/auteurs\/s-nsimba\/\">Socrate Nsimba<\/a><\/li>\n<\/ul>\n\n\n\n<p>Publi\u00e9 le 20 mars 2025Lecture : 4 minutes.<gwmw style=\"display:none;\"><\/gwmw><\/p>\n\n\n\n<p>En l\u2019espace d\u2019un jour, les deux signaux qui laissaient entrevoir une issue \u00e0 la crise dans l\u2019est de la&nbsp;<a href=\"https:\/\/www.jeuneafrique.com\/pays\/rd-congo\/\">RDC<\/a>&nbsp;se sont brusquement \u00e9teints. D\u2019abord, il y a eu ces pourparlers directs, pr\u00e9vus pour se tenir le 18 mars \u00e0 Luanda et auxquels les autorit\u00e9s congolaises et les rebelles du M23 avaient, apr\u00e8s des mois de blocage, accept\u00e9 de participer. Piqu\u00e9e par l\u2019annonce de sanctions europ\u00e9ennes, l\u2019Alliance fleuve Congo (AFC, vitrine politique du&nbsp;<a href=\"https:\/\/www.jeuneafrique.com\/evenements\/m23\/\">M23<\/a>)&nbsp;<a href=\"https:\/\/www.jeuneafrique.com\/1669052\/politique\/est-de-la-rdc-le-m23-annule-sa-participation-au-dialogue-de-luanda\/\">a annul\u00e9 in&nbsp;extremis&nbsp;la venue de sa d\u00e9l\u00e9gation<\/a>. Premier espoir douch\u00e9.<gwmw style=\"display:none;\"><\/gwmw><\/p>\n\n\n\n<h2 class=\"wp-block-heading\">Tshisekedi et Kagame dans une m\u00eame pi\u00e8ce<\/h2>\n\n\n\n<p>Quelques heures plus tard, coup de th\u00e9\u00e2tre \u00e0 Doha. L\u2019\u00e9mir du Qatar, Tamim Ben Hamad Al Thani,&nbsp;<a href=\"https:\/\/www.jeuneafrique.com\/1669559\/politique\/est-de-la-rdc-felix-tshisekedi-et-paul-kagame-se-sont-rencontres-a-doha\/\">r\u00e9ussissait \u00e0 r\u00e9unir dans une m\u00eame pi\u00e8ce les pr\u00e9sidents F\u00e9lix Tshisekedi et Paul Kagame<\/a>. S\u2019ils s\u2019\u00e9vitaient soigneusement depuis plus d\u2019un an, les deux hommes sont all\u00e9s jusqu\u2019\u00e0 se menacer et s\u2019insulter par m\u00e9dias interpos\u00e9s. Les faire se rencontrer \u00e9tait une gageure. Sauf que l\u2019espoir suscit\u00e9 par l\u2019annonce, par la&nbsp;pr\u00e9sidence&nbsp;congolaise, d\u2019un \u00ab&nbsp;cessez-le-feu imm\u00e9diat et inconditionnel&nbsp;\u00bb a lui aussi \u00e9t\u00e9 de courte dur\u00e9e.<\/p>\n\n\n\n<p>L\u2019enthousiasme suscit\u00e9 par la s\u00e9quence a toutefois vite \u00e9t\u00e9 temp\u00e9r\u00e9 par la r\u00e9alit\u00e9 du terrain. Le 19&nbsp;mars, poursuivant leur progression dans le Nord-Kivu,&nbsp;<a href=\"https:\/\/www.jeuneafrique.com\/1669638\/politique\/cessez-le-feu-entre-la-rdc-et-le-rwanda-la-cartographie-de-lavancee-du-m23\/\">les rebelles soutenus par l\u2019arm\u00e9e rwandaise se sont empar\u00e9s de Walikale,<\/a>&nbsp;chef-lieu du territoire \u00e9ponyme (le plus grand de la province), s\u2019offrant l\u2019acc\u00e8s \u00e0 la RN3 conduisant vers les provinces de la Tshopo et du Maniema. Les rebelles sont d\u00e9sormais \u00e0 moins de&nbsp;500&nbsp;kilom\u00e8tres de Kisangani, la troisi\u00e8me plus grande ville du pays, et \u00e0 une distance \u00e0 peine plus grande de Kindu, la capitale provinciale du Maniema.<\/p>\n\n\n\n<p><a href=\"https:\/\/www.jeuneafrique.com\/1668091\/politique\/est-de-la-rdc-autour-de-trump-le-ballet-des-lobbyistes-de-felix-tshisekedi\/\"><\/a>A lire :<\/p>\n\n\n\n<p><a href=\"https:\/\/www.jeuneafrique.com\/1668091\/politique\/est-de-la-rdc-autour-de-trump-le-ballet-des-lobbyistes-de-felix-tshisekedi\/\">Est de la RDC : autour de Trump, le ballet des lobbyistes de F\u00e9lix Tshisekedi<\/a><\/p>\n\n\n\n<p>Qu\u2019un cessez-le-feu ne soit pas respect\u00e9 dans l\u2019est de la RDC, cela n\u2019a certes rien d\u2019inhabituel. Mais au-del\u00e0 du coup diplomatique que constitue, pour le Qatar, la rencontre entre F\u00e9lix Tshisekedi et Paul Kagame, l\u2019id\u00e9e que celle-ci permettra de r\u00e9elles avanc\u00e9es sur le terrain reste \u00e0 d\u00e9montrer. Il suffit, pour s\u2019en convaincre, de&nbsp;consulter&nbsp;les communiqu\u00e9s diffus\u00e9s par les parties impliqu\u00e9es.<\/p>\n\n\n\n<p>Tr\u00e8s neutre sur le fond, celui du minist\u00e8re qatari des Affaires \u00e9trang\u00e8res se contente de r\u00e9affirmer les engagements des participants dans les processus d\u00e9j\u00e0 existants. Celui de la RDC renvoie, quant \u00e0 lui, \u00e0 la r\u00e9solution adopt\u00e9e par le Conseil de s\u00e9curit\u00e9 des Nations unies, le 21 f\u00e9vrier dernier, qui exige le retrait des troupes rwandaises de l\u2019est de la RDC, tandis que celui de Kigali pr\u00e9f\u00e8re rappeler la n\u00e9cessit\u00e9 d\u2019un dialogue direct&nbsp;entre&nbsp;Kinshasa et les rebelles et r\u00e9clamer une nouvelle fois la neutralisation des Forces d\u00e9mocratiques de lib\u00e9ration du Rwanda (FDLR) auxquelles l\u2019arm\u00e9e congolaise s\u2019est alli\u00e9e dans l\u2019Est.<\/p>\n\n\n\n<h2 class=\"wp-block-heading\">Marge de man\u0153uvre \u00e9troite<\/h2>\n\n\n\n<p>La s\u00e9quence qatarie a-t-elle malgr\u00e9 tout permis \u00e0 F\u00e9lix Tshisekedi de reprendre la main sur la sc\u00e8ne politique int\u00e9rieure&nbsp;? Pour l\u2019instant, le pr\u00e9sident congolais ne dispose que d\u2019une \u00e9troite marge de man\u0153uvre. Sa proposition de gouvernement d\u2019union nationale et sa main tendue \u00e0 l\u2019opposition ont soulev\u00e9 peu d\u2019enthousiasme (D\u00e9sir\u00e9 Cashmir Eberande Kolongele,&nbsp;le&nbsp;conseiller sp\u00e9cial charg\u00e9 de mener les consultations pr\u00e9alables, ne s\u2019est d\u2019ailleurs pas encore attel\u00e9 \u00e0 la t\u00e2che). Et, \u00e0 en croire Herv\u00e9 Diakiese, porte-parole d\u2019Ensemble pour la R\u00e9publique, le parti de&nbsp;<a href=\"https:\/\/www.jeuneafrique.com\/personnalites\/moise-katumbi\/\">Mo\u00efse Katumbi<\/a>, la rencontre de Doha n\u2019a rien chang\u00e9.<\/p>\n\n\n\n<p><a href=\"https:\/\/www.jeuneafrique.com\/1669663\/politique\/est-de-la-rdc-les-religieux-congolais-rencontrent-emmanuel-macron-a-paris\/\"><\/a>A lire :<\/p>\n\n\n\n<p><a href=\"https:\/\/www.jeuneafrique.com\/1669663\/politique\/est-de-la-rdc-les-religieux-congolais-rencontrent-emmanuel-macron-a-paris\/\">Est de la RDC : les religieux congolais rencontrent Emmanuel Macron \u00e0 Paris<\/a><\/p>\n\n\n\n<p>\u00ab&nbsp;Au-del\u00e0 des revendications arm\u00e9es, la crise pose la question de la l\u00e9gitimit\u00e9 des institutions. Dans ce cas pr\u00e9cis, le pr\u00e9sident Tshisekedi est aussi une partie du probl\u00e8me, affirme-t-il. Ses deux prises de pouvoir [\u00e0 l\u2019issue des \u00e9lections&nbsp;de&nbsp;2018 et de 2023] ont \u00e9t\u00e9 des braquages, et sa gouvernance pr\u00e9datrice et son d\u00e9sir de se maintenir \u00e0 tout prix au pouvoir au d\u00e9triment de la population congolaise ont s\u00e9rieusement \u00e9branl\u00e9 l\u2019unit\u00e9 nationale.&nbsp;\u00bb<\/p>\n\n\n\n<h2 class=\"wp-block-heading\">\u00ab&nbsp;La paix, on ne l\u2019a jamais obtenue&nbsp;\u00bb<\/h2>\n\n\n\n<p>Prince Epenge, porte-parole de la coalition d\u2019opposition Lamuka, regrette lui que \u00ab&nbsp;sans avertir les Congolais&nbsp;\u00bb, F\u00e9lix Tshisekedi soit all\u00e9 rencontrer son homologue rwandais au Qatar. \u00ab&nbsp;Personne ne sait les engagements qu\u2019il est all\u00e9 prendre devant un&nbsp;<a href=\"https:\/\/www.jeuneafrique.com\/personnalites\/paul-kagame\/\">Paul Kagame<\/a>&nbsp;qui&nbsp;l\u2019a&nbsp;d\u00e9j\u00e0 poignard\u00e9 dans le dos au d\u00e9but de son mandat alors qu\u2019il lui proposait les richesses du Congo contre la paix, critique Prince Epenge. Et cette paix, on l\u2019a jamais obtenue.&nbsp;\u00bb<\/p>\n\n\n\n<p>Au sein de l\u2019opposition, une initiative est populaire&nbsp;: celle engag\u00e9e par les \u00c9glises catholique et protestante. Ces deux derniers mois,&nbsp;<a href=\"https:\/\/www.jeuneafrique.com\/institutions\/conference-episcopale-nationale-du-congo\/\">la Conf\u00e9rence \u00e9piscopale nationale du Congo (Cenco)<\/a>&nbsp;et l\u2019\u00c9glise du Christ du Congo (ECC) ont fait le tour des acteurs nationaux, r\u00e9gionaux et internationaux pour expliquer leur d\u00e9marche, laquelle&nbsp;est&nbsp;ax\u00e9e sur un \u00ab&nbsp;pacte social pour la paix et le bien vivre-ensemble en RDC et dans la r\u00e9gion des Grands Lacs&nbsp;\u00bb.<\/p>\n\n\n\n<p>Le 19&nbsp;mars, Mgr Fulgence Muteba et Donatien Nshole, respectivement pr\u00e9sident et secr\u00e9taire g\u00e9n\u00e9ral de la Cenco, ainsi que le r\u00e9v\u00e9rend Paul Bokondoa et \u00c9ric Senga, pr\u00e9sident et porte-parole de l\u2019ECC, ont \u00e9t\u00e9 re\u00e7us \u00e0 l\u2019\u00c9lys\u00e9e par&nbsp;<a href=\"https:\/\/www.jeuneafrique.com\/personnalites\/emmanuel-macron\/page\/22\/?utm_compaign=feeds-microsoft-v1%2Fpage%2F10%2F\">Emmanuel Macron<\/a>. Mais dans l\u2019entourage de F\u00e9lix Tshisekedi, leur d\u00e9marche suscite toujours m\u00e9fiance et rejet. Ce qui pourrait s\u00e9rieusement compromettre&nbsp;sa&nbsp;poursuite.<\/p>\n\n\n\n<p><\/p>\n\n\n\n<p><\/p>\n\n\n\n<p><gwmw style=\"display:none;\"><\/gwmw><\/p>\n<div style=\"text-align:center\" class=\"wps-pgfw-pdf-generate-icon__wrapper-frontend\">\n\t\t<a href=\"https:\/\/congokin.blog?action=genpdf&amp;id=13627\" class=\"pgfw-single-pdf-download-button\" ><img src=\"https:\/\/congokin.blog\/wp-content\/plugins\/pdf-generator-for-wp\/admin\/src\/images\/PDF_Tray.svg\" title=\"G\u00e9n\u00e9rer un PDF\" style=\"width:auto; height:45px;\"><\/a>\n\t\t<\/div>","protected":false},"excerpt":{"rendered":"<p>A chacun son communiqu\u00e9 de presse : F\u00e9lix Tshisekedi et Paul Kagame \u00e0 Doha : beaucoup de bruit pour rien ! Au-del\u00e0 du fait que r\u00e9unir les pr\u00e9sidents congolais et rwandais \u00e9tait une gageure, rien ne dit que la s\u00e9quence permettra des avanc\u00e9es dans la r\u00e9solution de la crise dans l\u2019est de la RDC. D\u2019autant [&hellip;]<\/p>\n","protected":false},"author":9,"featured_media":0,"comment_status":"open","ping_status":"closed","sticky":false,"template":"","format":"standard","meta":{"footnotes":""},"categories":[2,3,14,7],"tags":[],"class_list":["post-13627","post","type-post","status-publish","format-standard","hentry","category-analyse","category-diplomatie","category-histoire-de-la-rdc","category-politique"],"_links":{"self":[{"href":"https:\/\/congokin.blog\/index.php?rest_route=\/wp\/v2\/posts\/13627","targetHints":{"allow":["GET"]}}],"collection":[{"href":"https:\/\/congokin.blog\/index.php?rest_route=\/wp\/v2\/posts"}],"about":[{"href":"https:\/\/congokin.blog\/index.php?rest_route=\/wp\/v2\/types\/post"}],"author":[{"embeddable":true,"href":"https:\/\/congokin.blog\/index.php?rest_route=\/wp\/v2\/users\/9"}],"replies":[{"embeddable":true,"href":"https:\/\/congokin.blog\/index.php?rest_route=%2Fwp%2Fv2%2Fcomments&post=13627"}],"version-history":[{"count":3,"href":"https:\/\/congokin.blog\/index.php?rest_route=\/wp\/v2\/posts\/13627\/revisions"}],"predecessor-version":[{"id":13630,"href":"https:\/\/congokin.blog\/index.php?rest_route=\/wp\/v2\/posts\/13627\/revisions\/13630"}],"wp:attachment":[{"href":"https:\/\/congokin.blog\/index.php?rest_route=%2Fwp%2Fv2%2Fmedia&parent=13627"}],"wp:term":[{"taxonomy":"category","embeddable":true,"href":"https:\/\/congokin.blog\/index.php?rest_route=%2Fwp%2Fv2%2Fcategories&post=13627"},{"taxonomy":"post_tag","embeddable":true,"href":"https:\/\/congokin.blog\/index.php?rest_route=%2Fwp%2Fv2%2Ftags&post=13627"}],"curies":[{"name":"wp","href":"https:\/\/api.w.org\/{rel}","templated":true}]}}