{"id":13658,"date":"2025-04-18T18:41:13","date_gmt":"2025-04-18T18:41:13","guid":{"rendered":"https:\/\/congokin.blog\/?p=13658"},"modified":"2025-04-18T18:44:48","modified_gmt":"2025-04-18T18:44:48","slug":"kabila-a-goma","status":"publish","type":"post","link":"https:\/\/congokin.blog\/?p=13658","title":{"rendered":"Kabila \u00e0 Goma!"},"content":{"rendered":"\n<h1 class=\"wp-block-heading\">RDC : Joseph Kabila est arriv\u00e9 \u00e0 Goma<\/h1>\n\n\n\n<ul class=\"wp-block-list\">\n<li>Dans\u00a0R\u00e9publique d\u00e9mocratique du Congo<\/li>\n\n\n\n<li>18 avril 2025<\/li>\n\n\n\n<li>Hubert Leclercq<\/li>\n\n\n\n<li>6 Vues<\/li>\n<\/ul>\n\n\n\n<p><a href=\"https:\/\/afrique.lalibre.be\/wp-content\/uploads\/2025\/04\/67f82b7fbf93f-kabila.jpeg\"><\/a><\/p>\n\n\n\n<h3 class=\"wp-block-heading\">L\u2019ancien chef de l\u2019\u00c9tat avait annonc\u00e9 sa visite il y a une dizaine de jours.<\/h3>\n\n\n\n<p>Ce vendredi apr\u00e8s-midi, la tension \u00e9tait palpable \u00e0 Goma. Un invit\u00e9 de marque \u00e9tait attendu en d\u00e9but de soir\u00e9e. Tous les paris se portaient sur une viste de l\u2019ancien chef de l\u2019\u00c9tat congolais Joseph Kabila.<\/p>\n\n\n\n<p>L\u2019homme en exil depuis le mois de d\u00e9cembre 2023, quelques jours avant l\u2019\u00e9lection pr\u00e9sidentielle qui a offert un second mandat \u00e0 F\u00e9lix Tshisekedi, avait annonc\u00e9 la semaine derni\u00e8re, dans un courrier au magazine Jeune Afrique, son intention de rentrer prochainement au pays par \u00ab&nbsp;une porte orientale&nbsp;\u00bb.<\/p>\n\n\n\n<p>Comme nous l\u2019\u00e9crivions dans la foul\u00e9e de cet article dans Jeune Afrique, il ne faisait gu\u00e8re de doute que Joseph Kabila arriverait \u00e0 Goma, devenue la capitale de facto du mouvement antigouvernemental AFC\/M23. Le souci, c\u2019est que faute d\u2019a\u00e9roport en \u00e9tat dans cette ville, il fallait passer par le voisin rwandais,&nbsp; ce qui allait permettre une fois de plus aux autorit\u00e9s de Kinshasa de pr\u00e9senter l\u2019attelage Kagame-Kabila comme les uniques responsables de la crise qui s\u00e9vit dans l\u2019est de la R\u00e9pubique d\u00e9mocratoqie du Congo.<\/p>\n\n\n\n<p>Ce vendredi en toute fin d\u2019apr\u00e8s-midi, Joesph Kabila est donc<em>&nbsp;\u00ab&nbsp;revenu dans son pays. Chez lui&nbsp;\u00bb,<\/em>&nbsp;comme l\u2019explique un de ses coneillers qui explique cette viste par la th\u00e9orie, tr\u00e8s personnelle, des 3 C :&nbsp;<em>\u00ab&nbsp;Il est venu pour prendre Contact avec les protagonistes de cette crise. Il veut Comprendrte la situation et exprimer sa Compassion \u00e0 l\u2019\u00e9gard de la population de l\u2019endroit&nbsp;\u00bb<\/em>.<\/p>\n\n\n\n<p>Cette visite ne rebat pas les cartes de la crise congolaise mais risque de lui donner un nouvel \u00e9lan. Avant de poser ses bagages, aussi l\u00e9gers soient-ils, \u00e0 Goma, Joseph Kabila a multipli\u00e9 ses derniers mois les visites et les entretiens dans de nombreuses capitales africaines o\u00f9 il a pu prendre le pouls de ces anciens coll\u00e8gues. L\u2019homme est tout sauf un kamikaze, s\u2019il a pris la d\u00e9cision de se rendre \u00e0 Goma, c\u2019est qu\u2019il dispose d\u2019un large soutien parmi ses dirigeants notamment dans les pays voisins de la RDC et dans la plupart des pays de l\u2019Afrique australe.<\/p>\n\n\n\n<p>Un discours est annonc\u00e9 dans les prochaines heures, au plus tard samedi, pour expliquer le sens de sa d\u00e9marche et ce qu\u2019il en attend.<gwmw style=\"display:none;\"><\/gwmw><\/p>\n\n\n\n<p><\/p>\n<div style=\"text-align:center\" class=\"wps-pgfw-pdf-generate-icon__wrapper-frontend\">\n\t\t<a href=\"https:\/\/congokin.blog?action=genpdf&amp;id=13658\" class=\"pgfw-single-pdf-download-button\" ><img src=\"https:\/\/congokin.blog\/wp-content\/plugins\/pdf-generator-for-wp\/admin\/src\/images\/PDF_Tray.svg\" title=\"G\u00e9n\u00e9rer un PDF\" style=\"width:auto; height:45px;\"><\/a>\n\t\t<\/div>","protected":false},"excerpt":{"rendered":"<p>RDC : Joseph Kabila est arriv\u00e9 \u00e0 Goma L\u2019ancien chef de l\u2019\u00c9tat avait annonc\u00e9 sa visite il y a une dizaine de jours. Ce vendredi apr\u00e8s-midi, la tension \u00e9tait palpable \u00e0 Goma. Un invit\u00e9 de marque \u00e9tait attendu en d\u00e9but de soir\u00e9e. Tous les paris se portaient sur une viste de l\u2019ancien chef de l\u2019\u00c9tat [&hellip;]<\/p>\n","protected":false},"author":9,"featured_media":0,"comment_status":"open","ping_status":"closed","sticky":false,"template":"","format":"standard","meta":{"footnotes":""},"categories":[2,7,8],"tags":[],"class_list":["post-13658","post","type-post","status-publish","format-standard","hentry","category-analyse","category-politique","category-societe"],"_links":{"self":[{"href":"https:\/\/congokin.blog\/index.php?rest_route=\/wp\/v2\/posts\/13658","targetHints":{"allow":["GET"]}}],"collection":[{"href":"https:\/\/congokin.blog\/index.php?rest_route=\/wp\/v2\/posts"}],"about":[{"href":"https:\/\/congokin.blog\/index.php?rest_route=\/wp\/v2\/types\/post"}],"author":[{"embeddable":true,"href":"https:\/\/congokin.blog\/index.php?rest_route=\/wp\/v2\/users\/9"}],"replies":[{"embeddable":true,"href":"https:\/\/congokin.blog\/index.php?rest_route=%2Fwp%2Fv2%2Fcomments&post=13658"}],"version-history":[{"count":3,"href":"https:\/\/congokin.blog\/index.php?rest_route=\/wp\/v2\/posts\/13658\/revisions"}],"predecessor-version":[{"id":13661,"href":"https:\/\/congokin.blog\/index.php?rest_route=\/wp\/v2\/posts\/13658\/revisions\/13661"}],"wp:attachment":[{"href":"https:\/\/congokin.blog\/index.php?rest_route=%2Fwp%2Fv2%2Fmedia&parent=13658"}],"wp:term":[{"taxonomy":"category","embeddable":true,"href":"https:\/\/congokin.blog\/index.php?rest_route=%2Fwp%2Fv2%2Fcategories&post=13658"},{"taxonomy":"post_tag","embeddable":true,"href":"https:\/\/congokin.blog\/index.php?rest_route=%2Fwp%2Fv2%2Ftags&post=13658"}],"curies":[{"name":"wp","href":"https:\/\/api.w.org\/{rel}","templated":true}]}}