{"id":13668,"date":"2025-05-07T17:22:30","date_gmt":"2025-05-07T17:22:30","guid":{"rendered":"https:\/\/congokin.blog\/?p=13668"},"modified":"2025-05-07T17:25:53","modified_gmt":"2025-05-07T17:25:53","slug":"rdc-le-pprd-de-kabila-defie-le-gouvernement-et-annonce-la-reprise-de-ses-activites-apres-18-jours-de-suspension","status":"publish","type":"post","link":"https:\/\/congokin.blog\/?p=13668","title":{"rendered":"RDC : le PPRD de Kabila d\u00e9fie le gouvernement et annonce la reprise de ses activit\u00e9s apr\u00e8s 18 jours de suspension"},"content":{"rendered":"\n<p>RDC : le PPRD de Kabila d\u00e9fie le gouvernement et annonce la reprise de ses activit\u00e9s apr\u00e8s 18 jours de suspension<\/p>\n\n\n\n<p>Serge Ouitona<\/p>\n\n\n\n<p>Publi\u00e9 le 7 mai 2025 \u00e0 17h30<\/p>\n\n\n\n<p>Lecture 3 min.<\/p>\n\n\n\n<figure class=\"wp-block-image\"><img decoding=\"async\" src=\"https:\/\/www.afrik.com\/wp-content\/uploads\/2024\/11\/lancien-president-congolais-joseph-kabila-696x392.jpg\" alt=\"L'ancien pr\u00e9sident congolais Joseph Kabila\" title=\"L'ancien pr\u00e9sident congolais Joseph Kabila\"\/><figcaption class=\"wp-element-caption\">L&rsquo;ancien pr\u00e9sident congolais Joseph Kabila<\/figcaption><\/figure>\n\n\n\n<p><strong>Dix-huit jours apr\u00e8s sa suspension par les autorit\u00e9s congolaises, le Parti du peuple pour la reconstruction et la d\u00e9mocratie (PPRD), formation de l\u2019ancien Pr\u00e9sident, Joseph Kabila, a annonc\u00e9 ce mardi la reprise officielle de ses activit\u00e9s sur toute l\u2019\u00e9tendue du territoire national. Une d\u00e9cision qui soul\u00e8ve des questions juridiques, ravive les tensions politiques et exacerbe les fractures institutionnelles.<\/strong><\/p>\n\n\n\n<p>Entre le clan Kabila et les autorit\u00e9s de&nbsp;<a href=\"https:\/\/www.afrik.com\/rdc\" target=\"_blank\" rel=\"noreferrer noopener\">la RDC<\/a>, la tension continue de monter. Surtout avec la d\u00e9cision que vient de prendre le PPRD de reprendre ses activit\u00e9s alors que le gouvernement, lui, n\u2019a pas encore prononc\u00e9 la lev\u00e9e de&nbsp;la suspension.<\/p>\n\n\n\n<h2 class=\"wp-block-heading\">Un argument juridique pr\u00e9cis : l\u2019article 29 en point d\u2019appui<\/h2>\n\n\n\n<p>Dans sa d\u00e9claration diffus\u00e9e le 6 mai, le bureau politique du PPRD s\u2019appuie sur l\u2019article 29 de la loi n\u00b0 04\/002 du 15 mars 2004 sur les partis politiques. Cette disposition limite \u00e0 15 jours la dur\u00e9e d\u2019une suspension administrative prononc\u00e9e par une autorit\u00e9 territoriale ou minist\u00e9rielle, sauf si une d\u00e9cision judiciaire vient la prolonger. Or, souligne le PPRD, aucune suite judiciaire n\u2019est venue proroger la mesure depuis le note sign\u00e9e le 19 avril par le vice-Premier ministre en charge de l\u2019Int\u00e9rieur.<\/p>\n\n\n\n<p>\u00ab La d\u00e9cision de suspension est lev\u00e9e d\u2019office \u00bb, affirme le parti, qui d\u00e9nonce une suspension \u00ab injuste et arbitraire \u00bb visant \u00e0 museler la mouvance kabiliste. Pour&nbsp;<a href=\"https:\/\/www.afrik.com\/rdc-les-cadres-du-pprd-ressortent-libres-apres-leur-audition\" target=\"_blank\" rel=\"noreferrer noopener\">ses cadres<\/a>, l\u2019absence de r\u00e9ponse \u00e0 leur recours administratif illustre une instrumentalisation de l\u2019appareil judiciaire contre l\u2019opposition.<\/p>\n\n\n\n<figure class=\"wp-block-image\"><a href=\"https:\/\/www.afrik.com\/rdc-perquisition-dans-une-concession-de-kabila-sur-fond-de-tensions-croissantes-avec-tshisekedi\" target=\"_blank\" rel=\"noreferrer noopener\"><img decoding=\"async\" src=\"https:\/\/www.afrik.com\/wp-content\/uploads\/2024\/11\/joseph-kabila-2-218x150.jpg\" alt=\"Lire aussi 2\" title=\"Lire aussi 2\"\/><\/a><\/figure>\n\n\n\n<p><\/p>\n\n\n\n<h2 class=\"wp-block-heading\">Un test pour les institutions : risques de crise et d\u2019escalade<\/h2>\n\n\n\n<p>La reprise unilat\u00e9rale du PPRD place le gouvernement congolais face \u00e0 un dilemme : soit il accepte ce retour et laisse filer une d\u00e9cision contest\u00e9e, risquant de passer pour faible, soit il contre-attaque juridiquement ou par de nouvelles mesures administratives, au risque d\u2019envenimer le climat politique.<\/p>\n\n\n\n<p>D\u00e9j\u00e0 fragilis\u00e9es par des accusations r\u00e9currentes de partialit\u00e9, les institutions judiciaires sont interpell\u00e9es sur leur capacit\u00e9 \u00e0 traiter ce contentieux en toute ind\u00e9pendance. Le PPRD insiste sur le fait qu\u2019il n\u2019est \u00ab pas un mouvement insurrectionnel \u00bb et qu\u2019il respecte la Constitution, cherchant \u00e0 se pr\u00e9munir contre toute accusation de trouble \u00e0 l\u2019ordre public.<\/p>\n\n\n\n<p>LIRE AUSSI<\/p>\n\n\n\n<figure class=\"wp-block-image\"><a href=\"https:\/\/www.afrik.com\/rdc-sama-lukonde-promet-une-procedure-constitutionnelle-dans-l-affaire-visant-joseph-kabila\" target=\"_blank\" rel=\"noreferrer noopener\"><img decoding=\"async\" src=\"https:\/\/www.afrik.com\/wp-content\/uploads\/2024\/11\/joseph-kabila-218x150.jpg\" alt=\"Lire aussi 1\" title=\"Lire aussi 1\"\/><\/a><\/figure>\n\n\n\n<p><\/p>\n\n\n\n<p>Ce nouvel \u00e9pisode illustre la persistance des antagonismes entre le camp Tshisekedi et celui de Kabila. Au-del\u00e0 du simple enjeu de la reprise d\u2019activit\u00e9s, c\u2019est toute la question de la coexistence d\u00e9mocratique qui est pos\u00e9e. Si aucune issue judiciaire n\u2019intervient rapidement, le bras de fer pourrait s\u2019amplifier, alimentant les discours d\u2019exclusion politique et de pers\u00e9cution qui hantent la sc\u00e8ne congolaise depuis des d\u00e9cennies.<\/p>\n\n\n\n<p>Pour l\u2019instant, le gouvernement n\u2019a pas officiellement r\u00e9agi \u00e0 la d\u00e9cision du PPRD. Mais la balle est d\u00e9sormais dans le camp des autorit\u00e9s.<gwmw style=\"display:none;\"><\/gwmw><gwmw style=\"display:none;\"><\/gwmw><\/p>\n\n\n\n<p><gwmw style=\"display:none;\"><\/gwmw><\/p>\n\n\n\n<p><gwmw style=\"display:none;\"><\/gwmw><gwmw style=\"display:none;\"><\/gwmw><\/p>\n<div style=\"text-align:center\" class=\"wps-pgfw-pdf-generate-icon__wrapper-frontend\">\n\t\t<a href=\"https:\/\/congokin.blog?action=genpdf&amp;id=13668\" class=\"pgfw-single-pdf-download-button\" ><img src=\"https:\/\/congokin.blog\/wp-content\/plugins\/pdf-generator-for-wp\/admin\/src\/images\/PDF_Tray.svg\" title=\"G\u00e9n\u00e9rer un PDF\" style=\"width:auto; height:45px;\"><\/a>\n\t\t<\/div>","protected":false},"excerpt":{"rendered":"<p>RDC : le PPRD de Kabila d\u00e9fie le gouvernement et annonce la reprise de ses activit\u00e9s apr\u00e8s 18 jours de suspension Serge Ouitona Publi\u00e9 le 7 mai 2025 \u00e0 17h30 Lecture 3 min. Dix-huit jours apr\u00e8s sa suspension par les autorit\u00e9s congolaises, le Parti du peuple pour la reconstruction et la d\u00e9mocratie (PPRD), formation de [&hellip;]<\/p>\n","protected":false},"author":9,"featured_media":0,"comment_status":"open","ping_status":"closed","sticky":false,"template":"","format":"standard","meta":{"footnotes":""},"categories":[1],"tags":[],"class_list":["post-13668","post","type-post","status-publish","format-standard","hentry","category-uncategorized"],"_links":{"self":[{"href":"https:\/\/congokin.blog\/index.php?rest_route=\/wp\/v2\/posts\/13668","targetHints":{"allow":["GET"]}}],"collection":[{"href":"https:\/\/congokin.blog\/index.php?rest_route=\/wp\/v2\/posts"}],"about":[{"href":"https:\/\/congokin.blog\/index.php?rest_route=\/wp\/v2\/types\/post"}],"author":[{"embeddable":true,"href":"https:\/\/congokin.blog\/index.php?rest_route=\/wp\/v2\/users\/9"}],"replies":[{"embeddable":true,"href":"https:\/\/congokin.blog\/index.php?rest_route=%2Fwp%2Fv2%2Fcomments&post=13668"}],"version-history":[{"count":3,"href":"https:\/\/congokin.blog\/index.php?rest_route=\/wp\/v2\/posts\/13668\/revisions"}],"predecessor-version":[{"id":13672,"href":"https:\/\/congokin.blog\/index.php?rest_route=\/wp\/v2\/posts\/13668\/revisions\/13672"}],"wp:attachment":[{"href":"https:\/\/congokin.blog\/index.php?rest_route=%2Fwp%2Fv2%2Fmedia&parent=13668"}],"wp:term":[{"taxonomy":"category","embeddable":true,"href":"https:\/\/congokin.blog\/index.php?rest_route=%2Fwp%2Fv2%2Fcategories&post=13668"},{"taxonomy":"post_tag","embeddable":true,"href":"https:\/\/congokin.blog\/index.php?rest_route=%2Fwp%2Fv2%2Ftags&post=13668"}],"curies":[{"name":"wp","href":"https:\/\/api.w.org\/{rel}","templated":true}]}}