{"id":13673,"date":"2025-05-07T18:09:22","date_gmt":"2025-05-07T18:09:22","guid":{"rendered":"https:\/\/congokin.blog\/?p=13673"},"modified":"2025-05-07T18:11:24","modified_gmt":"2025-05-07T18:11:24","slug":"13673","status":"publish","type":"post","link":"https:\/\/congokin.blog\/?p=13673","title":{"rendered":"En RDC, le gouvernement demande la dissolution du parti de Joseph Kabila<gwmw style=\"display:none;\"><\/gwmw>"},"content":{"rendered":"\n<p><strong>En RDC, le gouvernement demande la dissolution du parti de Joseph Kabila<\/strong><\/p>\n\n\n\n<p>Apr\u00e8s avoir annonc\u00e9 la suspension des activit\u00e9s du PPRD, le gouvernement congolais a, selon un document consult\u00e9 par Jeune Afrique, engag\u00e9 une proc\u00e9dure de dissolution \u00e0 son encontre.<\/p>\n\n\n\n<figure class=\"wp-block-image\"><img decoding=\"async\" src=\"https:\/\/prod.cdn-medias.jeuneafrique.com\/cdn-cgi\/image\/q=auto,f=auto,metadata=none,width=1215,fit=cover\/https:\/\/prod.cdn-medias.jeuneafrique.com\/medias\/2025\/05\/07\/jad20250507-ass-rdc-dissolution-pprd-kabila.jpg\" alt=\"Joseph Kabila \u00e0 Johannesburg, le 18 mars 2025. \u00a9 Siphiwe Sibeko\/REUTERS\"\/><figcaption class=\"wp-element-caption\">Joseph Kabila \u00e0 Johannesburg, le 18 mars 2025. \u00a9 Siphiwe Sibeko\/REUTERS<\/figcaption><\/figure>\n\n\n\n<figure class=\"wp-block-image\"><img decoding=\"async\" src=\"https:\/\/prod.cdn-medias.jeuneafrique.com\/cdn-cgi\/image\/q=auto,f=auto,metadata=none,width=80,height=80,fit=crop\/https:\/\/prod.cdn-medias.jeuneafrique.com\/medias\/2024\/12\/18\/stanis-bujakera-tsiamala_2024.jpg\" alt=\"STANIS-BUJAKERA-TSIAMALA_2024\"\/><\/figure>\n\n\n\n<figure class=\"wp-block-image\"><img decoding=\"async\" src=\"https:\/\/prod.cdn-medias.jeuneafrique.com\/cdn-cgi\/image\/q=auto,f=auto,metadata=none,width=80,height=80,fit=crop\/https:\/\/prod.cdn-medias.jeuneafrique.com\/medias\/2024\/03\/11\/romain-gras_2024.jpg\" alt=\"ROMAIN-GRAS_2024\"\/><\/figure>\n\n\n\n<ul class=\"wp-block-list\">\n<li><a href=\"https:\/\/www.jeuneafrique.com\/auteurs\/s-bujakeratshiamala\/\">Stanis Bujakera Tshiamala<\/a><\/li>\n\n\n\n<li>et&nbsp;<a href=\"https:\/\/www.jeuneafrique.com\/auteurs\/romain-gras\/\">Romain Gras<\/a><\/li>\n<\/ul>\n\n\n\n<p>Publi\u00e9 le 7 mai 2025Lecture : 2 minutes.<\/p>\n\n\n\n<ul class=\"wp-block-list\">\n<li><a href=\"https:\/\/facebook.com\/sharer\/sharer.php?u=https:\/\/www.jeuneafrique.com\/1686599\/politique\/en-rdc-le-gouvernement-demande-la-dissolution-du-parti-de-joseph-kabila\/\" target=\"_blank\" rel=\"noreferrer noopener\"><\/a><\/li>\n\n\n\n<li><a href=\"https:\/\/twitter.com\/intent\/tweet?url=https:\/\/www.jeuneafrique.com\/1686599\/politique\/en-rdc-le-gouvernement-demande-la-dissolution-du-parti-de-joseph-kabila\/\" target=\"_blank\" rel=\"noreferrer noopener\"><\/a><\/li>\n\n\n\n<li><a href=\"https:\/\/www.linkedin.com\/shareArticle?url=https:\/\/www.jeuneafrique.com\/1686599\/politique\/en-rdc-le-gouvernement-demande-la-dissolution-du-parti-de-joseph-kabila\/\" target=\"_blank\" rel=\"noreferrer noopener\"><\/a><\/li>\n\n\n\n<li><a href=\"https:\/\/wa.me\/?text=https:\/\/www.jeuneafrique.com\/1686599\/politique\/en-rdc-le-gouvernement-demande-la-dissolution-du-parti-de-joseph-kabila\/\" target=\"_blank\" rel=\"noreferrer noopener\"><\/a><\/li>\n<\/ul>\n\n\n\n<p>Alors que la tension continue de monter entre&nbsp;<a href=\"https:\/\/www.jeuneafrique.com\/personnalites\/felix-tshisekedi\/\">F\u00e9lix Tshisekedi<\/a>&nbsp;et Joseph Kabila, le gouvernement congolais semble d\u00e9termin\u00e9 \u00e0 ouvrir un front judiciaire contre l\u2019ancien pr\u00e9sident. Soup\u00e7onn\u00e9 d\u2019\u00eatre l\u2019un des parrains de l\u2019Alliance Fleuve Congo (AFC), la vitrine politique de la r\u00e9bellion du&nbsp;M23,&nbsp;<a href=\"https:\/\/www.jeuneafrique.com\/personnalites\/joseph-kabila\/\">Joseph Kabila<\/a>&nbsp;est accus\u00e9 de \u00ab&nbsp;trahison, crimes de guerre, crimes contre l\u2019humanit\u00e9&nbsp;\u00bb par les autorit\u00e9s congolaises. Ces derni\u00e8res ont annonc\u00e9, le 30 avril, avoir demand\u00e9 au S\u00e9nat de&nbsp;<a href=\"https:\/\/www.jeuneafrique.com\/1684672\/politique\/rdc-limmunite-de-joseph-kabila-bientot-levee\/\">lever les immunit\u00e9s de l\u2019ex-chef de l\u2019\u00c9tat<\/a>&nbsp;(en sa qualit\u00e9 d\u2019ancien pr\u00e9sident, Joseph&nbsp;Kabila&nbsp;occupe un poste de s\u00e9nateur \u00e0 vie).<\/p>\n\n\n\n<p>En parall\u00e8le, le gouvernement tente, plus discr\u00e8tement, de priver le ra\u00efs de ses relais politiques en&nbsp;<a href=\"https:\/\/www.jeuneafrique.com\/pays\/rd-congo\/\">RDC<\/a>. Le 24 avril, le vice-Premier ministre et ministre de l\u2019Int\u00e9rieur, Jacquemain Shabani, a adress\u00e9 une requ\u00eate officielle au procureur&nbsp;g\u00e9n\u00e9ral&nbsp;pr\u00e8s la Cour constitutionnelle. Dans ce document, consult\u00e9 par&nbsp;<em>Jeune Afrique<\/em>, il demande au magistrat de proc\u00e9der \u00e0 la dissolution du Parti du peuple pour la reconstruction et la d\u00e9mocratie (PPRD), la formation de Joseph Kabila, que le ministre accuse de \u00ab&nbsp;violations graves&nbsp;des&nbsp;textes constitutionnels, l\u00e9gislatifs et r\u00e9glementaires&nbsp;\u00bb.<\/p>\n\n\n\n<h2 class=\"wp-block-heading\">\u00ab&nbsp;Obligation de r\u00e9serve&nbsp;\u00bb<\/h2>\n\n\n\n<p>Pour justifier sa d\u00e9marche, Jacquemain Shabani \u00e9voque notamment le ralliement de plusieurs figures du PPRD \u00e0 l\u2019AFC\/M23, au d\u00e9triment \u00ab&nbsp;de l\u2019int\u00e9grit\u00e9 territoriale et de la souverainet\u00e9 de la RDC&nbsp;\u00bb. Le ministre \u00e9voque aussi le cas de Joseph&nbsp;Kabila,&nbsp;revenant sur ses diff\u00e9rentes d\u00e9clarations, dont sa tribune dans le journal sud-africain&nbsp;<em>Sunday Times<\/em>. Selon Jacquemain Shabani, cette derni\u00e8re visait \u00e0 \u00ab&nbsp;d\u00e9charger le M23 des crimes odieux qu\u2019il commet [en RDC]&nbsp;\u00bb. Aubin Minaku, r\u00e9cemment nomm\u00e9 vice-pr\u00e9sident du PPRD, est aussi accus\u00e9 d\u2019avoir tenu&nbsp;des&nbsp;propos pol\u00e9miques lors d\u2019une manifestation en f\u00e9vrier au cours de laquelle il a affirm\u00e9 que le parti est \u00ab&nbsp;pr\u00eat \u00e0 tout&nbsp;\u00bb pour faire tomber le r\u00e9gime en place.A lire :&nbsp;<\/p>\n\n\n\n<p><a href=\"https:\/\/www.jeuneafrique.com\/1682996\/politique\/rdc-le-pprd-de-joseph-kabila-de-parti-presidentiel-a-paria\/\">RDC : le PPRD de Joseph Kabila, de parti pr\u00e9sidentiel \u00e0 paria<\/a><\/p>\n\n\n\n<p>Enfin, le vice-Premier ministre et ministre de l\u2019Int\u00e9rieur revient sur l\u2019annonce du retour de&nbsp;Joseph&nbsp;Kabila en RDC, par Goma, le 18 avril. Ce retour n\u2019a beau jamais avoir eu lieu, la s\u00e9quence a suscit\u00e9 l\u2019ire des autorit\u00e9s congolaises qui ont annonc\u00e9 le lendemain la suspension des activit\u00e9s du PPRD pour quinze jours. Dans son courrier du 24&nbsp;avril,&nbsp;le ministre affirme que l\u2019ex-pr\u00e9sident a manqu\u00e9 \u00ab&nbsp;\u00e0 son obligation de r\u00e9serve, de dignit\u00e9, de patriotisme et de loyaut\u00e9 envers l\u2019\u00c9tat&nbsp;\u00bb.A lire :&nbsp;<\/p>\n\n\n\n<p><a href=\"https:\/\/www.jeuneafrique.com\/1669642\/politique\/rdc-pour-joseph-kabila-un-retour-au-gout-de-revanche\/\">RDC : pour Joseph Kabila, un retour au go\u00fbt de revanche<\/a><\/p>\n\n\n\n<p>Cette requ\u00eate aboutira-t-elle ? Elle est en tout cas formul\u00e9e dans un contexte diplomatique charg\u00e9. Revenu \u00e0 Harare apr\u00e8s avoir notamment&nbsp;s\u00e9journ\u00e9&nbsp;en Eswatini, Joseph Kabila a \u00e9chang\u00e9 le 2 mai avec l\u2019ex-pr\u00e9sident nig\u00e9rian, Olusegun Obasanjo.&nbsp;<a href=\"https:\/\/www.jeuneafrique.com\/1685225\/politique\/de-tshisekedi-a-kabila-comment-olusegun-obasanjo-plaide-pour-un-dialogue-en-rdc\/\">Facilitateur pour le compte de la Communaut\u00e9 de l\u2019Afrique de l\u2019Est<\/a>&nbsp;(EAC) et de la Communaut\u00e9 de d\u00e9veloppement d\u2019Afrique australe (SADC), ce dernier plaide pour un&nbsp;dialogue&nbsp;intercongolais.<gwmw style=\"display:none;\"><\/gwmw><\/p>\n\n\n\n<p><\/p>\n<div style=\"text-align:center\" class=\"wps-pgfw-pdf-generate-icon__wrapper-frontend\">\n\t\t<a href=\"https:\/\/congokin.blog?action=genpdf&amp;id=13673\" class=\"pgfw-single-pdf-download-button\" ><img src=\"https:\/\/congokin.blog\/wp-content\/plugins\/pdf-generator-for-wp\/admin\/src\/images\/PDF_Tray.svg\" title=\"G\u00e9n\u00e9rer un PDF\" style=\"width:auto; height:45px;\"><\/a>\n\t\t<\/div>","protected":false},"excerpt":{"rendered":"<p>En RDC, le gouvernement demande la dissolution du parti de Joseph Kabila Apr\u00e8s avoir annonc\u00e9 la suspension des activit\u00e9s du PPRD, le gouvernement congolais a, selon un document consult\u00e9 par Jeune Afrique, engag\u00e9 une proc\u00e9dure de dissolution \u00e0 son encontre. Publi\u00e9 le 7 mai 2025Lecture : 2 minutes. Alors que la tension continue de monter [&hellip;]<\/p>\n","protected":false},"author":9,"featured_media":0,"comment_status":"open","ping_status":"closed","sticky":false,"template":"","format":"standard","meta":{"footnotes":""},"categories":[2,7],"tags":[],"class_list":["post-13673","post","type-post","status-publish","format-standard","hentry","category-analyse","category-politique"],"_links":{"self":[{"href":"https:\/\/congokin.blog\/index.php?rest_route=\/wp\/v2\/posts\/13673","targetHints":{"allow":["GET"]}}],"collection":[{"href":"https:\/\/congokin.blog\/index.php?rest_route=\/wp\/v2\/posts"}],"about":[{"href":"https:\/\/congokin.blog\/index.php?rest_route=\/wp\/v2\/types\/post"}],"author":[{"embeddable":true,"href":"https:\/\/congokin.blog\/index.php?rest_route=\/wp\/v2\/users\/9"}],"replies":[{"embeddable":true,"href":"https:\/\/congokin.blog\/index.php?rest_route=%2Fwp%2Fv2%2Fcomments&post=13673"}],"version-history":[{"count":3,"href":"https:\/\/congokin.blog\/index.php?rest_route=\/wp\/v2\/posts\/13673\/revisions"}],"predecessor-version":[{"id":13676,"href":"https:\/\/congokin.blog\/index.php?rest_route=\/wp\/v2\/posts\/13673\/revisions\/13676"}],"wp:attachment":[{"href":"https:\/\/congokin.blog\/index.php?rest_route=%2Fwp%2Fv2%2Fmedia&parent=13673"}],"wp:term":[{"taxonomy":"category","embeddable":true,"href":"https:\/\/congokin.blog\/index.php?rest_route=%2Fwp%2Fv2%2Fcategories&post=13673"},{"taxonomy":"post_tag","embeddable":true,"href":"https:\/\/congokin.blog\/index.php?rest_route=%2Fwp%2Fv2%2Ftags&post=13673"}],"curies":[{"name":"wp","href":"https:\/\/api.w.org\/{rel}","templated":true}]}}