{"id":137,"date":"2018-04-10T03:23:39","date_gmt":"2018-04-10T03:23:39","guid":{"rendered":"https:\/\/congokin.media\/?p=137"},"modified":"2018-04-10T03:23:39","modified_gmt":"2018-04-10T03:23:39","slug":"rdc-deux-juges-demissionnent-de-la-cour-constitutionnelle","status":"publish","type":"post","link":"https:\/\/congokin.blog\/?p=137","title":{"rendered":"RDC : deux juges d\u00e9missionnent de la Cour constitutionnelle"},"content":{"rendered":"<div class=\"art-header\">\n<h1>RDC : deux juges d\u00e9missionnent de la Cour constitutionnelle<\/h1>\n<p><time class=\"art-date\" datetime=\"2018-04-09T16:22:05Z\">09 avril 2018 \u00e0 18h22\u00a0\u2014 Mis \u00e0 jour le\u00a009 avril 2018 \u00e0 18h26<\/time><\/div>\n<div id=\"content\" class=\"col-sm-8\">\n<article id=\"post-549795\" class=\"art-content\">\n<div class=\"art-author tracking-click-evt-ga\" data-category=\"Corps Article\" data-label=\"Auteur Toolbox\">\n<div class=\"author-desc\">Par\u00a0Tr\u00e9sor Kibangula<img decoding=\"async\" src=\"http:\/\/www.jeuneafrique.com\/medias\/2018\/04\/09\/kabila_cour-592x296-1523287552.jpg\" \/><\/div>\n<\/div>\n<div class=\"art-text ja-teads-inread\">\n<p class=\"lead\">Le juge Jean-Louis Esambo a confirm\u00e9 ce lundi \u00e0 Jeune Afrique avoir d\u00e9missionn\u00e9, avec un autre coll\u00e8gue magistrat, de la Cour constitutionnelle de la RDC. Une double d\u00e9cision qui intervient au moment o\u00f9 cette juridiction s&rsquo;appr\u00eate \u00e0 proc\u00e9der \u00e0 un tirage au sort pour renouveler sa composition.<\/p>\n<p>\u00ab\u00a0C\u2019est une d\u00e9cision personnelle, m\u00fbrie de longue date.\u00a0\u00bb Contact\u00e9 par\u00a0<em>Jeune Afrique<\/em>, le juge Jean-Louis Esambo n\u2019a pas voulu s\u2019\u00e9tendre sur les raisons qui l\u2019ont motiv\u00e9 \u00e0 d\u00e9missionner, ce lundi 9 avril, de la Cour constitutionnelle de la RDC. Encore moins sur celles de son coll\u00e8gue, Banyaku Luape, qui a \u00e9galement rendu son tablier au m\u00eame moment.<\/p>\n<p>Apr\u00e8s le d\u00e9c\u00e8s de leur coll\u00e8gue Yvon Kalonda Kele, les juges constitutionnels congolais ne sont plus qu\u2019au nombre de six. Ce qui risque de court-cuiter le processus annonc\u00e9 de tirage au sort pour renouveler le tiers des membres de la juridiction.<\/p>\n<h3><strong>Une vieille crise \u00e0 la Cour constitutionnelle<\/strong><\/h3>\n<p>Mi-octobre 2016, avec deux autres coll\u00e8gues, le magistrat Jean-Louis Esambo\u00a0avait d\u00e9j\u00e0 fait parler de lui lorsqu\u2019il s\u2019\u00e9tait\u00a0absent\u00e9 de l\u2019audience qui devait autoriser la Commission \u00e9lectorale nationale ind\u00e9pendante (Ceni) \u00e0 organiser les \u00e9lections au-del\u00e0 des d\u00e9lais constitutionnels.<\/p>\n<p>Cet \u00e9pisode avait permis de lever le voile sur une Cour constitutionnelle divis\u00e9e entre les partisans du glissement du calendrier \u00e9lectoral et ceux qui s\u2019y opposaient.<\/p>\n<hr \/>\n<p>Il appartiendra d\u00e9sormais au Conseil sup\u00e9rieur de la magistrature qui l\u2019avait port\u00e9 \u00e0 la Cour constitutionnelle en 2014, de d\u00e9signer son successeur. Pour les m\u00eames raisons, le Parlement, lui, choisira normalement le rempla\u00e7ant du professeur Banyaku Luape, alors que le pr\u00e9sident Joseph Kabila devra d\u00e9signer celui du d\u00e9funt\u00a0Yvon Kalonda Kele.<\/p>\n<\/div>\n<\/article>\n<\/div>\n<div style=\"text-align:center\" class=\"wps-pgfw-pdf-generate-icon__wrapper-frontend\">\n\t\t<a href=\"https:\/\/congokin.blog?action=genpdf&amp;id=137\" class=\"pgfw-single-pdf-download-button\" ><img src=\"https:\/\/congokin.blog\/wp-content\/plugins\/pdf-generator-for-wp\/admin\/src\/images\/PDF_Tray.svg\" title=\"G\u00e9n\u00e9rer un PDF\" style=\"width:auto; height:45px;\"><\/a>\n\t\t<\/div>","protected":false},"excerpt":{"rendered":"<p>RDC : deux juges d\u00e9missionnent de la Cour constitutionnelle 09 avril 2018 \u00e0 18h22\u00a0\u2014 Mis \u00e0 jour le\u00a009 avril 2018 \u00e0 18h26 Par\u00a0Tr\u00e9sor Kibangula Le juge Jean-Louis Esambo a confirm\u00e9 ce lundi \u00e0 Jeune Afrique avoir d\u00e9missionn\u00e9, avec un autre coll\u00e8gue magistrat, de la Cour constitutionnelle de la RDC. Une double d\u00e9cision qui intervient au [&hellip;]<\/p>\n","protected":false},"author":4,"featured_media":0,"comment_status":"open","ping_status":"closed","sticky":false,"template":"","format":"standard","meta":{"footnotes":""},"categories":[7,1],"tags":[],"class_list":["post-137","post","type-post","status-publish","format-standard","hentry","category-politique","category-uncategorized"],"_links":{"self":[{"href":"https:\/\/congokin.blog\/index.php?rest_route=\/wp\/v2\/posts\/137","targetHints":{"allow":["GET"]}}],"collection":[{"href":"https:\/\/congokin.blog\/index.php?rest_route=\/wp\/v2\/posts"}],"about":[{"href":"https:\/\/congokin.blog\/index.php?rest_route=\/wp\/v2\/types\/post"}],"author":[{"embeddable":true,"href":"https:\/\/congokin.blog\/index.php?rest_route=\/wp\/v2\/users\/4"}],"replies":[{"embeddable":true,"href":"https:\/\/congokin.blog\/index.php?rest_route=%2Fwp%2Fv2%2Fcomments&post=137"}],"version-history":[{"count":0,"href":"https:\/\/congokin.blog\/index.php?rest_route=\/wp\/v2\/posts\/137\/revisions"}],"wp:attachment":[{"href":"https:\/\/congokin.blog\/index.php?rest_route=%2Fwp%2Fv2%2Fmedia&parent=137"}],"wp:term":[{"taxonomy":"category","embeddable":true,"href":"https:\/\/congokin.blog\/index.php?rest_route=%2Fwp%2Fv2%2Fcategories&post=137"},{"taxonomy":"post_tag","embeddable":true,"href":"https:\/\/congokin.blog\/index.php?rest_route=%2Fwp%2Fv2%2Ftags&post=137"}],"curies":[{"name":"wp","href":"https:\/\/api.w.org\/{rel}","templated":true}]}}