{"id":13751,"date":"2025-06-06T05:53:37","date_gmt":"2025-06-06T05:53:37","guid":{"rendered":"https:\/\/congokin.blog\/?p=13751"},"modified":"2025-06-06T05:53:37","modified_gmt":"2025-06-06T05:53:37","slug":"censurer-joseph-kabila-ou-la-derive-autoritaire-de-la-rdc","status":"publish","type":"post","link":"https:\/\/congokin.blog\/?p=13751","title":{"rendered":"Censurer Joseph Kabila, ou la d\u00e9rive autoritaire de la RDC"},"content":{"rendered":"\n<p><strong>Censurer Joseph Kabila, ou la d\u00e9rive autoritaire de la RDC<\/strong><\/p>\n\n\n\n<p class=\"has-luminous-vivid-amber-background-color has-background\"><strong>Il y a deux semaines, l\u2019ancien pr\u00e9sident de la RDC a rendu public un message magistral tr\u00e8s suivi par la population congolaise, tant \u00e0 l\u2019int\u00e9rieur du pays que dans la diaspora. Ce message consiste en une analyse pr\u00e9cise de la situation politique, \u00e9conomique, sociale et s\u00e9curitaire, ainsi qu\u2019en une proposition sur 12 points pour le dialogue et la r\u00e9solution de la crise actuelle qui menace l\u2019existence m\u00eame du pays.<\/strong><\/p>\n\n\n\n<figure class=\"wp-block-image size-full\"><img loading=\"lazy\" decoding=\"async\" width=\"1024\" height=\"576\" src=\"https:\/\/congokin.blog\/wp-content\/uploads\/2025\/06\/image.png\" alt=\"\" class=\"wp-image-13752\" srcset=\"https:\/\/congokin.blog\/wp-content\/uploads\/2025\/06\/image.png 1024w, https:\/\/congokin.blog\/wp-content\/uploads\/2025\/06\/image-300x169.png 300w, https:\/\/congokin.blog\/wp-content\/uploads\/2025\/06\/image-768x432.png 768w\" sizes=\"auto, (max-width: 1024px) 100vw, 1024px\" \/><\/figure>\n\n\n\n<p><strong>Les r\u00e9actions du pouvoir en place \u00e9taient pr\u00e9visibles. Celles de l\u2019UDPS (par la voix de son secr\u00e9taire g\u00e9n\u00e9ral) et des officiels de l\u2019\u00c9tat congolais (par la voix du ministre des Finances), notamment, ne contribuent pas au dialogue tant attendu&nbsp;: elles sont venues mettre l\u2019huile au feu, sous deux formes.<\/strong><\/p>\n\n\n\n<p class=\"has-pale-cyan-blue-background-color has-background\"><strong>D\u2019abord, le public fut contraint de supporter pour la \u00e9ni\u00e8me fois des \u00e9normit\u00e9s, notamment des d\u00e9clarations selon lesquelles Joseph Kabila \u2013 pr\u00e9tendument en tant que Rwandais\u00a0! \u2013 n\u2019aurait pas le droit de parler des probl\u00e8mes congolais\u00a0; ensuite, l\u2019annonce d\u2019une interdiction aux m\u00e9dias congolais et \u00e0 quiconque de citer le nom de Kabila, soi-disant parce que celui-ci serait comparable \u00e0&#8230; Hitler\u00a0!<\/strong><\/p>\n\n\n\n<p class=\"has-cyan-bluish-gray-background-color has-background\"><strong>Il est triste de constater que nous sommes en train de revivre l\u2019histoire de la p\u00e9riode la plus sombre de la f\u00e9roce dictature des forces fascistes dans notre pays. En effet, durant les ann\u00e9es 1960-61, il \u00e9tait m\u00eame interdit de citer un nom, celui de Lumumba&#8230; et m\u00eame le discours de l\u2019ind\u00e9pendance \u00e9tait censur\u00e9\u00a0! On emp\u00eachait en outre les lumumbistes de pleurer leurs morts, victimes des pers\u00e9cutions par les forces pro-occidentales (les tenants ill\u00e9gaux du pouvoir \u00e0 L\u00e9opoldville-\u00c9lisabethville et Bakwanga).<\/strong><\/p>\n\n\n\n<p class=\"has-cyan-bluish-gray-background-color has-background\"><strong>Aujourd\u2019hui, des appels au meurtre contre Joseph Kabila et les swahiliphones sont diffus\u00e9s par les membres du parti pr\u00e9sidentiel, sans m\u00eame que les auteurs de ces appels ne soient inqui\u00e9t\u00e9s par la justice. Par ailleurs, le silence assourdissant de certains pays occidentaux, notamment la France et la Belgique, est r\u00e9v\u00e9lateur.<\/strong><\/p>\n\n\n\n<p class=\"has-luminous-vivid-amber-background-color has-background\"><strong>Les r\u00e9actions violentes et les mesures liberticides prises contre l\u2019appel de Joseph Kabila illustrent une d\u00e9rive autoritaire alarmante, symptomatique d\u2019un pouvoir incapable d\u2019accepter la critique ni d\u2019engager un v\u00e9ritable dialogue. Face \u00e0 cette r\u00e9pression, la communaut\u00e9 nationale et internationale doit r\u00e9agir. D\u2019urgence\u00a0!<\/strong><\/p>\n\n\n\n<p class=\"has-luminous-vivid-amber-background-color has-background\"><strong>Pierre Sula, Coordonnateur du CET<\/strong><\/p>\n\n\n\n<p class=\"has-luminous-vivid-amber-background-color has-background\"><\/p>\n<div style=\"text-align:center\" class=\"wps-pgfw-pdf-generate-icon__wrapper-frontend\">\n\t\t<a href=\"https:\/\/congokin.blog?action=genpdf&amp;id=13751\" class=\"pgfw-single-pdf-download-button\" ><img src=\"https:\/\/congokin.blog\/wp-content\/plugins\/pdf-generator-for-wp\/admin\/src\/images\/PDF_Tray.svg\" title=\"G\u00e9n\u00e9rer un PDF\" style=\"width:auto; height:45px;\"><\/a>\n\t\t<\/div>","protected":false},"excerpt":{"rendered":"<p>Censurer Joseph Kabila, ou la d\u00e9rive autoritaire de la RDC Il y a deux semaines, l\u2019ancien pr\u00e9sident de la RDC a rendu public un message magistral tr\u00e8s suivi par la population congolaise, tant \u00e0 l\u2019int\u00e9rieur du pays que dans la diaspora. Ce message consiste en une analyse pr\u00e9cise de la situation politique, \u00e9conomique, sociale et [&hellip;]<\/p>\n","protected":false},"author":9,"featured_media":0,"comment_status":"open","ping_status":"closed","sticky":false,"template":"","format":"standard","meta":{"footnotes":""},"categories":[2,14,7,8],"tags":[],"class_list":["post-13751","post","type-post","status-publish","format-standard","hentry","category-analyse","category-histoire-de-la-rdc","category-politique","category-societe"],"_links":{"self":[{"href":"https:\/\/congokin.blog\/index.php?rest_route=\/wp\/v2\/posts\/13751","targetHints":{"allow":["GET"]}}],"collection":[{"href":"https:\/\/congokin.blog\/index.php?rest_route=\/wp\/v2\/posts"}],"about":[{"href":"https:\/\/congokin.blog\/index.php?rest_route=\/wp\/v2\/types\/post"}],"author":[{"embeddable":true,"href":"https:\/\/congokin.blog\/index.php?rest_route=\/wp\/v2\/users\/9"}],"replies":[{"embeddable":true,"href":"https:\/\/congokin.blog\/index.php?rest_route=%2Fwp%2Fv2%2Fcomments&post=13751"}],"version-history":[{"count":1,"href":"https:\/\/congokin.blog\/index.php?rest_route=\/wp\/v2\/posts\/13751\/revisions"}],"predecessor-version":[{"id":13753,"href":"https:\/\/congokin.blog\/index.php?rest_route=\/wp\/v2\/posts\/13751\/revisions\/13753"}],"wp:attachment":[{"href":"https:\/\/congokin.blog\/index.php?rest_route=%2Fwp%2Fv2%2Fmedia&parent=13751"}],"wp:term":[{"taxonomy":"category","embeddable":true,"href":"https:\/\/congokin.blog\/index.php?rest_route=%2Fwp%2Fv2%2Fcategories&post=13751"},{"taxonomy":"post_tag","embeddable":true,"href":"https:\/\/congokin.blog\/index.php?rest_route=%2Fwp%2Fv2%2Ftags&post=13751"}],"curies":[{"name":"wp","href":"https:\/\/api.w.org\/{rel}","templated":true}]}}