{"id":139,"date":"2018-04-10T03:27:03","date_gmt":"2018-04-10T03:27:03","guid":{"rendered":"https:\/\/congokin.media\/?p=139"},"modified":"2018-04-10T03:27:03","modified_gmt":"2018-04-10T03:27:03","slug":"rdc-katumbi-et-l-affaire-des-mercenaires-justice-et-services-de-renseignements-se-contredisent","status":"publish","type":"post","link":"https:\/\/congokin.blog\/?p=139","title":{"rendered":"RDC\u2013Katumbi et l\u2019\u00ab affaire des mercenaires \u00bb\u00a0: justice et services de renseignements se contredisent"},"content":{"rendered":"<div class=\"art-header\">\n<h1>RDC\u2013Katumbi et l\u2019\u00ab affaire des mercenaires \u00bb\u00a0: justice et services de renseignements se contredisent<\/h1>\n<p><time class=\"art-date\" datetime=\"2018-04-09T17:17:16Z\">09 avril 2018 \u00e0 19h17<\/time><\/div>\n<div id=\"content\" class=\"col-sm-8\">\n<article id=\"post-549734\" class=\"art-content\">\n<div class=\"art-author tracking-click-evt-ga\" data-category=\"Corps Article\" data-label=\"Auteur Toolbox\">\n<div class=\"author-desc\">Par\u00a0Tr\u00e9sor Kibangula<\/div>\n<\/div>\n<div class=\"art-toolbox\"><\/div>\n<figure class=\"thumbnail art-thumbnail-lead\"><img decoding=\"async\" src=\"http:\/\/www.jeuneafrique.com\/medias\/2018\/04\/09\/2016-05-13t120000z_1239897564_s1betduppzab_rtrmadp_3_congodemocratic-politics-592x296.jpg\" \/><\/figure>\n<div class=\"art-text ja-teads-inread\">\n<p class=\"lead\">La \u00ab\u00a0pr\u00e9sence\u00a0\u00bb de mercenaires autour de l\u2019opposant Mo\u00efse Katumbi remonterait \u00ab\u00a0\u00e0 partir de novembre 2015\u00a0\u00bb, selon un rapport confidentiel de l&rsquo;Agence nationale de renseignement (ANR). Le Parquet, lui, situe les faits une ann\u00e9e plus t\u00f4t.<\/p>\n<p>En RDC, services de s\u00e9curit\u00e9 et Parquet\u00a0sont-ils en train de se m\u00e9langer les pinceaux ? En tout cas, dans\u00a0l\u2019affaire dite \u00ab\u00a0des mercenaires\u00a0\u00bb,\u00a0le responsable de la redoutable Agence nationale de renseignement (ANR) et le procureur g\u00e9n\u00e9ral de la R\u00e9publique ne semblent pas \u00eatre sur la m\u00eame ligne lorsqu\u2019il faut situer le moment de l\u2019infraction.<\/p>\n<p>Dans un document confidentiel intitul\u00e9 \u00ab\u00a0Rapport d\u2019enqu\u00eate actualis\u00e9 sur le recrutement des mercenaires par sieur Katumbi Chapwe Mo\u00efse\u00a0\u00bb, adress\u00e9\u00a0le\u00a016 d\u00e9cembre 2016 au procureur g\u00e9n\u00e9ral de la R\u00e9publique \u2013 avec copie notamment \u00e0 Joseph Kabila, chef de l\u2019\u00c9tat -, et dont\u00a0<em>Jeune Afrique<\/em>\u00a0a pu consulter quelques extraits ce lundi 9 avril, l\u2019ANR rappelle les faits et les situe vers la fin de l\u2019ann\u00e9e 2015.<\/p>\n<h3>\u00ab \u00c0 partir de novembre 2015 \u00bb\u2026<\/h3>\n<p>\u00ab\u00a0Apr\u00e8s la d\u00e9mission du sieur Katumbi Chapwe Mo\u00efse, le 29 septembre 2015, de ses fonctions de gouverneur de l\u2019ex-province du Katanga, il a \u00e9t\u00e9 notoirement observ\u00e9, \u00e0 partir de novembre 2015, dans son entourage imm\u00e9diat, la pr\u00e9sence des gardes du corps d\u2019origine \u00e9trang\u00e8re, notamment le sieur Toon Jr III Leonardo O\u2019Neal, alias LT, sujet am\u00e9ricain, qui a s\u00e9journ\u00e9 \u00e0 Lubumbashi, du 29 d\u00e9cembre 2015 au 3 janvier 2016, avant de dispara\u00eetre momentan\u00e9ment de la circulation\u00a0\u00bb, peut-on lire dans ce\u00a0document de 208 pages, dont 39 annexes.<\/p>\n<p>C\u2019est d\u2019ailleurs \u00e0 la suite de ce \u00ab\u00a0constat\u00a0\u00bb qu\u2019\u00c9variste Boshab, alors vice-Premier ministre en charge de l\u2019Int\u00e9rieur, avait publi\u00e9, le 5 janvier 2016, un communiqu\u00e9 officiel \u00ab\u00a0rappelant l\u2019obligation faite \u00e0 toute personne physique ou morale, b\u00e9n\u00e9ficiaire d\u2019une garde rapproch\u00e9e, d\u2019en faire d\u00e9claration au plus tard le 15 janvier 2016 au commandant de la police nationale congolaise le plus proche de sa r\u00e9sidence ou de ses installations\u00a0\u00bb, poursuit le texte.<\/p>\n<p><em><strong>Extrait du rapport\u00a0d\u2019enqu\u00eate actualis\u00e9 sur le recrutement des mercenaires par sieur Katumbi Chapwe Mo\u00efse<\/strong><\/em><\/p>\n<p><iframe loading=\"lazy\" id=\"doc_59203\" src=\"https:\/\/www.scribd.com\/embeds\/375916606\/content?start_page=1&amp;view_mode=scroll&amp;access_key=key-jNzBSejdAds1Mq3pKZNz&amp;show_recommendations=true\" width=\"600\" height=\"800\" frameborder=\"0\" scrolling=\"no\" data-mce-fragment=\"1\"><\/iframe><\/p>\n<h3>\u2026 o\u00f9 \u00ab\u00a0courant 2014\u00a0\u00bb ?<\/h3>\n<p>Mais, dans sa\u00a0requ\u00eate aux fins de fixation d\u2019audience datant de 16 mars 2018 et authentifi\u00e9e aupr\u00e8s de\u00a0<em>Jeune Afrique<\/em>, le parquet g\u00e9n\u00e9ral de la R\u00e9publique situe les faits reproch\u00e9s \u00e0 Mo\u00efse Katumbi en 2014, soit pendant qu\u2019il \u00e9tait encore aux commandes de l\u2019ex-province du Katanga.<\/p>\n<p>\u00ab\u00a0Sans pr\u00e9judice de date plus pr\u00e9cise mais au courant de la p\u00e9riode allant de l\u2019ann\u00e9e 2014 \u00e0 l\u2019ann\u00e9e 2016, p\u00e9riode non couverte par la prescription de l\u2019action publique\u00a0\u00bb, l\u2019ancien gouverneur est accus\u00e9 d\u2019avoir \u00ab\u00a0lev\u00e9 ou fait lever des troupes arm\u00e9es, engag\u00e9 ou enr\u00f4l\u00e9, fait engager, enr\u00f4ler des soldats et leur avoir fourni des armes et munitions sans ordre ni autorisation du gouvernement\u00a0\u00bb, \u00e9crit le procureur g\u00e9n\u00e9ral de la R\u00e9publique au premier pr\u00e9sident de la Cour supr\u00eame de justice, appel\u00e9 \u00e0 fixer l\u2019audience dans cette affaire.<\/p>\n<p>Du c\u00f4t\u00e9 de la d\u00e9fense de Mo\u00efse Katumbi, on d\u00e9nonce une \u00ab\u00a0tentative de vouloir soustraire l\u2019accus\u00e9 de son juge naturel pour le pr\u00e9senter directement devant la Cour supr\u00eame de justice qui rend ses d\u00e9cisions en premier et dernier ressort\u00a0\u00bb. Autrement dit, sans possibilit\u00e9 de recours.<\/p>\n<\/div>\n<\/article>\n<\/div>\n<div style=\"text-align:center\" class=\"wps-pgfw-pdf-generate-icon__wrapper-frontend\">\n\t\t<a href=\"https:\/\/congokin.blog?action=genpdf&amp;id=139\" class=\"pgfw-single-pdf-download-button\" ><img src=\"https:\/\/congokin.blog\/wp-content\/plugins\/pdf-generator-for-wp\/admin\/src\/images\/PDF_Tray.svg\" title=\"G\u00e9n\u00e9rer un PDF\" style=\"width:auto; height:45px;\"><\/a>\n\t\t<\/div>","protected":false},"excerpt":{"rendered":"<p>RDC\u2013Katumbi et l\u2019\u00ab affaire des mercenaires \u00bb\u00a0: justice et services de renseignements se contredisent 09 avril 2018 \u00e0 19h17 Par\u00a0Tr\u00e9sor Kibangula La \u00ab\u00a0pr\u00e9sence\u00a0\u00bb de mercenaires autour de l\u2019opposant Mo\u00efse Katumbi remonterait \u00ab\u00a0\u00e0 partir de novembre 2015\u00a0\u00bb, selon un rapport confidentiel de l&rsquo;Agence nationale de renseignement (ANR). Le Parquet, lui, situe les faits une ann\u00e9e plus [&hellip;]<\/p>\n","protected":false},"author":4,"featured_media":0,"comment_status":"open","ping_status":"closed","sticky":false,"template":"","format":"standard","meta":{"footnotes":""},"categories":[1],"tags":[],"class_list":["post-139","post","type-post","status-publish","format-standard","hentry","category-uncategorized"],"_links":{"self":[{"href":"https:\/\/congokin.blog\/index.php?rest_route=\/wp\/v2\/posts\/139","targetHints":{"allow":["GET"]}}],"collection":[{"href":"https:\/\/congokin.blog\/index.php?rest_route=\/wp\/v2\/posts"}],"about":[{"href":"https:\/\/congokin.blog\/index.php?rest_route=\/wp\/v2\/types\/post"}],"author":[{"embeddable":true,"href":"https:\/\/congokin.blog\/index.php?rest_route=\/wp\/v2\/users\/4"}],"replies":[{"embeddable":true,"href":"https:\/\/congokin.blog\/index.php?rest_route=%2Fwp%2Fv2%2Fcomments&post=139"}],"version-history":[{"count":0,"href":"https:\/\/congokin.blog\/index.php?rest_route=\/wp\/v2\/posts\/139\/revisions"}],"wp:attachment":[{"href":"https:\/\/congokin.blog\/index.php?rest_route=%2Fwp%2Fv2%2Fmedia&parent=139"}],"wp:term":[{"taxonomy":"category","embeddable":true,"href":"https:\/\/congokin.blog\/index.php?rest_route=%2Fwp%2Fv2%2Fcategories&post=139"},{"taxonomy":"post_tag","embeddable":true,"href":"https:\/\/congokin.blog\/index.php?rest_route=%2Fwp%2Fv2%2Ftags&post=139"}],"curies":[{"name":"wp","href":"https:\/\/api.w.org\/{rel}","templated":true}]}}