{"id":14050,"date":"2026-05-01T17:51:07","date_gmt":"2026-05-01T17:51:07","guid":{"rendered":"https:\/\/congokin.blog\/?p=14050"},"modified":"2026-05-01T18:30:10","modified_gmt":"2026-05-01T18:30:10","slug":"14050","status":"publish","type":"post","link":"https:\/\/congokin.blog\/?p=14050","title":{"rendered":"R\u00e9action du CET aux sanctions am\u00e9ricaines contre  Joseph Kabila"},"content":{"rendered":"\n<p class=\"has-luminous-vivid-amber-background-color has-background\">L\u2019administration Trump vient de d\u00e9cider d\u2019imposer des sanctions \u00e0 l\u2019ancien Pr\u00e9sident Joseph Kabila. Ce n\u2019est pas une premi\u00e8re en R\u00e9publique d\u00e9mocratique du Congo.<\/p>\n\n\n\n<figure class=\"wp-block-image size-full\"><img loading=\"lazy\" decoding=\"async\" width=\"1024\" height=\"576\" src=\"https:\/\/congokin.blog\/wp-content\/uploads\/2025\/06\/image.png\" alt=\"\" class=\"wp-image-13752\" srcset=\"https:\/\/congokin.blog\/wp-content\/uploads\/2025\/06\/image.png 1024w, https:\/\/congokin.blog\/wp-content\/uploads\/2025\/06\/image-300x169.png 300w, https:\/\/congokin.blog\/wp-content\/uploads\/2025\/06\/image-768x432.png 768w\" sizes=\"auto, (max-width: 1024px) 100vw, 1024px\" \/><\/figure>\n\n\n\n<p class=\"has-luminous-vivid-amber-background-color has-background\">L&rsquo;Histoire nous enseigne que Patrice Lumumba en 1960 et Mo\u00efse Tshombe en 1968, alors per\u00e7us comme des \u00e9l\u00e9ments perturbateurs des accords am\u00e9ricano-belges concernant les ressources congolaises, ont \u00e9t\u00e9 \u00e9limin\u00e9s tant sur le plan politique que physique. Cette situation a engendr\u00e9 des cons\u00e9quences d\u00e9sastreuses pour la nation, notamment une p\u00e9riode de trente-sept ann\u00e9es de dictature ayant profond\u00e9ment ravag\u00e9 le pays.<gwmw style=\"display:none;\"><\/gwmw><\/p>\n\n\n\n<p class=\"has-luminous-vivid-amber-background-color has-background\">Loin de souhaiter nous immiscer dans une condamnation sans disposer de la capacit\u00e9 de v\u00e9rification par des \u00e9l\u00e9ments probants, nous estimons n\u00e9anmoins que la d\u00e9cision am\u00e9ricaine de sanctionner l&rsquo;ancien pr\u00e9sident Kabila corrobore la th\u00e8se du CET concernant : l&rsquo;inexistence de l&rsquo;\u00c9tat en R\u00e9publique D\u00e9mocratique du Congo ; l&rsquo;engagement des \u00c9tats-Unis \u00e0 poursuivre leurs int\u00e9r\u00eats strat\u00e9giques ; ainsi que la persistance d&rsquo;un pi\u00e8ge de diversion au d\u00e9triment du dialogue national inclusif.<\/p>\n\n\n\n<p><\/p>\n\n\n\n<p>Voici les d\u00e9tails de notre argumentaire\u00a0:<gwmw style=\"display:none;\"><\/gwmw><gwmw style=\"display:none;\"><\/gwmw><\/p>\n\n\n\n<p class=\"has-pale-cyan-blue-background-color has-background\"><strong>Premi\u00e8rement: Le sympt\u00f4me d&rsquo;un \u00c9tat fant\u00f4me<\/strong><\/p>\n\n\n\n<p class=\"has-pale-cyan-blue-background-color has-background\">Le fait m\u00eame qu&rsquo;un ancien chef d&rsquo;\u00c9tat (qui vit d&rsquo;ailleurs en exil en Afrique du Sud depuis 2023 et a \u00e9t\u00e9 condamn\u00e9 \u00e0 mort par contumace l&rsquo;an dernier) ait la capacit\u00e9 de financer et d&rsquo;animer une r\u00e9bellion capable de tenir t\u00eate \u00e0 l&rsquo;arm\u00e9e r\u00e9guli\u00e8re prouve, de mani\u00e8re \u00e9clatante, le diagnostic du CET : l&rsquo;\u00c9tat congolais n&rsquo;a pas le monopole de la violence l\u00e9gitime.<\/p>\n\n\n\n<p class=\"has-pale-cyan-blue-background-color has-background\">En effet, si les institutions \u00e9taient fortes, si l&rsquo;arm\u00e9e \u00e9tait v\u00e9ritablement r\u00e9form\u00e9e et le territoire quadrill\u00e9, aucun individu, aussi riche soit-il, ne pourrait \u00ab\u00a0d\u00e9stabiliser\u00a0\u00bb la nation. Ces sanctions sont l&rsquo;aveu que l&rsquo;\u00c9tat congolais est incapable de se d\u00e9fendre par lui-m\u00eame et qu&rsquo;il a besoin que le Tr\u00e9sor am\u00e9ricain g\u00e8le des comptes pour tenter de neutraliser ses adversaires internes.<\/p>\n\n\n\n<p><strong>Deuxi\u00e8mement : Washington et la Realpolitik de l&rsquo;impatience.<\/strong><\/p>\n\n\n\n<p>Ces sanctions ne sont pas un cadeau fait au gouvernement de F\u00e9lix Tshisekedi par amour de la d\u00e9mocratie. Elles traduisent l&rsquo;impatience transactionnelle de l&rsquo;administration Trump.<\/p>\n\n\n\n<p>Washington veut faire respecter les \u00ab\u00a0Accords de Washington\u00a0\u00bb et pacifier la r\u00e9gion \u00e0 tout prix pour des raisons \u00e9conomiques (contrer la Chine, s\u00e9curiser l&rsquo;approvisionnement en minerais). Ils ciblent Kabila parce qu&rsquo;ils l&rsquo;identifient comme le \u00ab\u00a0spoiler\u00a0\u00bb (le perturbateur) imm\u00e9diat.<\/p>\n\n\n\n<p>Toutefois,c&rsquo;est une strat\u00e9gie \u00ab\u00a0court-termiste\u00a0\u00bb (une rustine). L\u2019autorit\u00e9r Kabila ne reconstruit pas l&rsquo;arm\u00e9e congolaise, ne num\u00e9rise pas le cadastre minier et ne restaure pas l&rsquo;autorit\u00e9 de l&rsquo;\u00c9tat. C&rsquo;est traiter le sympt\u00f4me d&rsquo;une maladie, pas la maladie elle-m\u00eame.<\/p>\n\n\n\n<p class=\"has-pale-cyan-blue-background-color has-background\"><strong>Troisi\u00e8mement : le stratag\u00e8me de la diversion<\/strong><\/p>\n\n\n\n<p class=\"has-pale-cyan-blue-background-color has-background\">Comme nous l\u2019avons d\u00e9j\u00e0 soulign\u00e9 pr\u00e9c\u00e9demment au sujet des accords \u00e9conomiques ou migratoires, le pouvoir en place risque d&rsquo;utiliser ces sanctions comme une formidable diversion politique de la n\u00e9cessit\u00e9 de dialogue inclusif.<\/p>\n\n\n\n<p class=\"has-pale-cyan-blue-background-color has-background\">Le gouvernement actuel va c\u00e9l\u00e9brer cette d\u00e9cision comme une \u00ab\u00a0victoire diplomatique\u00a0\u00bb, ce qui lui permettra de justifier son maintien au pouvoir et d&rsquo;esquiver ses propres responsabilit\u00e9s dans l\u2019incapacit\u00e9 d\u2019obtenir une victoire militaire sur le terrain ou \u00e0 organiser l&rsquo;\u00c9tat. C&rsquo;est l&rsquo;illustration parfaite du \u00ab\u00a0f\u00e9tichisme \u00e9lectoral\u00a0\u00bb que nous d\u00e9non\u00e7ons : on g\u00e8re la perception, on ne g\u00e8re pas le pays.<gwmw style=\"display:none;\"><\/gwmw><\/p>\n\n\n\n<p><gwmw style=\"display:none;\"><\/gwmw><\/p>\n\n\n\n<p class=\"has-luminous-vivid-amber-background-color has-background\"><strong>Il faut donc bien  r\u00e9fl\u00e9chir avant de condamner Joseph Kabila de traitre sans jugement probant et de c\u00e9l\u00e9brer.<\/strong><\/p>\n\n\n\n<p><gwmw style=\"display:none;\"><\/gwmw><\/p>\n\n\n\n<p><gwmw style=\"display:none;\"><\/gwmw><\/p>\n\n\n\n<p><gwmw style=\"display:none;\"><\/gwmw><\/p>\n\n\n\n<p><gwmw style=\"display:none;\"><\/gwmw><\/p>\n<div style=\"text-align:center\" class=\"wps-pgfw-pdf-generate-icon__wrapper-frontend\">\n\t\t<a href=\"https:\/\/congokin.blog?action=genpdf&amp;id=14050\" class=\"pgfw-single-pdf-download-button\" ><img src=\"https:\/\/congokin.blog\/wp-content\/plugins\/pdf-generator-for-wp\/admin\/src\/images\/PDF_Tray.svg\" title=\"G\u00e9n\u00e9rer un PDF\" style=\"width:auto; height:45px;\"><\/a>\n\t\t<\/div>","protected":false},"excerpt":{"rendered":"<p>L\u2019administration Trump vient de d\u00e9cider d\u2019imposer des sanctions \u00e0 l\u2019ancien Pr\u00e9sident Joseph Kabila. Ce n\u2019est pas une premi\u00e8re en R\u00e9publique d\u00e9mocratique du Congo. L&rsquo;Histoire nous enseigne que Patrice Lumumba en 1960 et Mo\u00efse Tshombe en 1968, alors per\u00e7us comme des \u00e9l\u00e9ments perturbateurs des accords am\u00e9ricano-belges concernant les ressources congolaises, ont \u00e9t\u00e9 \u00e9limin\u00e9s tant sur le [&hellip;]<\/p>\n","protected":false},"author":9,"featured_media":0,"comment_status":"open","ping_status":"closed","sticky":false,"template":"","format":"standard","meta":{"footnotes":""},"categories":[1],"tags":[],"class_list":["post-14050","post","type-post","status-publish","format-standard","hentry","category-uncategorized"],"_links":{"self":[{"href":"https:\/\/congokin.blog\/index.php?rest_route=\/wp\/v2\/posts\/14050","targetHints":{"allow":["GET"]}}],"collection":[{"href":"https:\/\/congokin.blog\/index.php?rest_route=\/wp\/v2\/posts"}],"about":[{"href":"https:\/\/congokin.blog\/index.php?rest_route=\/wp\/v2\/types\/post"}],"author":[{"embeddable":true,"href":"https:\/\/congokin.blog\/index.php?rest_route=\/wp\/v2\/users\/9"}],"replies":[{"embeddable":true,"href":"https:\/\/congokin.blog\/index.php?rest_route=%2Fwp%2Fv2%2Fcomments&post=14050"}],"version-history":[{"count":6,"href":"https:\/\/congokin.blog\/index.php?rest_route=\/wp\/v2\/posts\/14050\/revisions"}],"predecessor-version":[{"id":14057,"href":"https:\/\/congokin.blog\/index.php?rest_route=\/wp\/v2\/posts\/14050\/revisions\/14057"}],"wp:attachment":[{"href":"https:\/\/congokin.blog\/index.php?rest_route=%2Fwp%2Fv2%2Fmedia&parent=14050"}],"wp:term":[{"taxonomy":"category","embeddable":true,"href":"https:\/\/congokin.blog\/index.php?rest_route=%2Fwp%2Fv2%2Fcategories&post=14050"},{"taxonomy":"post_tag","embeddable":true,"href":"https:\/\/congokin.blog\/index.php?rest_route=%2Fwp%2Fv2%2Ftags&post=14050"}],"curies":[{"name":"wp","href":"https:\/\/api.w.org\/{rel}","templated":true}]}}