{"id":1609,"date":"2018-07-12T05:07:42","date_gmt":"2018-07-12T05:07:42","guid":{"rendered":"https:\/\/congokin.media\/?p=1609"},"modified":"2018-07-12T05:07:42","modified_gmt":"2018-07-12T05:07:42","slug":"rdc-un-documentaire-alerte-sur-les-expropriations-a-mbobero","status":"publish","type":"post","link":"https:\/\/congokin.blog\/?p=1609","title":{"rendered":"RDC: un documentaire alerte sur les expropriations \u00e0 Mbobero"},"content":{"rendered":"<header class=\"wrapper\">\n<div class=\"row\">\n<div class=\"col-md-12 col-sm-12 col-xs-12\">\n<h1>RDC: un documentaire alerte sur les expropriations \u00e0 Mbobero<\/h1>\n<\/div>\n<\/div>\n<div class=\"row\">\n<div class=\"block-image col-md-12 col-sm-12 col-xs-12\">\n<figure>\n<figure class=\"ratio-16x9-height cell-news\"><img decoding=\"async\" class=\"image-transition image-loaded\" src=\"http:\/\/scd.rfi.fr\/sites\/filesrfi\/dynimagecache\/0\/0\/1914\/1081\/1024\/578\/sites\/images.rfi.fr\/files\/aef_image\/capture_decran_mbobero_0.png\" alt=\"\" data-image-nid=\"0FCE6144-18A1-4023-BAEB-DA7FBAF338D2\" data-image-src=\"http:\/\/scd.rfi.fr\/sites\/filesrfi\/dynimagecache\/0\/0\/1914\/1081\/1024\/578\/sites\/images.rfi.fr\/files\/aef_image\/capture_decran_mbobero_0.png\" data-image-loaded=\"true\" \/><\/figure><figcaption>Capture d&rsquo;\u00e9cran d&rsquo;un extrait du documentaire \u00ab\u2014Mbobero, la raison du plus fort est toujours la meilleure\u2014\u00bb.<br \/>\n\u00a9 Capture d&rsquo;\u00e9cran<\/figcaption><\/figure>\n<div class=\"block-social\"><\/div>\n<\/div>\n<\/div>\n<\/header>\n<section class=\"row metadata\">\n<div class=\"col-md-12 col-sm-12 col-xs-12\">\n<p class=\"meta\"><span class=\"authors\">Par\u00a0RFI\u00a0<\/span><span class=\"pubDate\">Publi\u00e9 le 12-07-2018<\/span>\u00a0<span class=\"modDate\">Modifi\u00e9 le 12-07-2018 \u00e0 04:08<\/span><\/p>\n<\/div>\n<\/section>\n<section class=\"row intro\">\n<div class=\"col-md-12 col-sm-12 col-xs-12\">\n<div class=\"pub-content hidden-xs\"><\/div>\n<h2>Dans l&rsquo;est de la RDC, une organisation de la soci\u00e9t\u00e9 civile tente depuis deux ans de plaider la cause d&rsquo;une communaut\u00e9 expuls\u00e9e. Depuis deux ans, les habitants de Mbobero voient la garde r\u00e9publicaine d\u00e9truire leurs villages. Selon la NDSCI, en au moins 317 maisons ont \u00e9t\u00e9 d\u00e9truites et un h\u00f4pital, le seul \u00e0 faire de la chirurgie c\u00e9r\u00e9brale. M\u00eame l&rsquo;\u00e9cole aurait \u00e9t\u00e9 annex\u00e9e par celui qu&rsquo;elle appelle le \u00ab\u00a0citoyen Joseph Kabila\u00a0\u00bb. Le chef de l&rsquo;Etat n&rsquo;aurait achet\u00e9 que 200 hectares quand il en aurait annex\u00e9 600, mettant \u00e0 la rue quelque 2\u00a0500 personnes depuis 2016, sans compensation. Ce sont plusieurs de ces habitants qui t\u00e9moignent aujourd&rsquo;hui dans un documentaire r\u00e9alis\u00e9 par la NDSCI. Il s&rsquo;intitule\u00a0: \u00ab\u00a0Mbobero, la raison du plus fort est toujours la meilleure\u00a0\u00bb.<\/h2>\n<p>\u00ab\u00a0<em>J\u2019y ai construit ma maison. C\u2019est une histoire de souvenirs. C\u2019est aussi une histoire de douleur<\/em>s\u00a0\u00bb, explique un habitant.<\/p>\n<div class=\"em-block em-width-full em-orientation-center photo-material em-type-flash-externe\" data-bo-type=\"em\" data-bo-nid=\"371EA022-DD14-4F4A-B110-0049387283FD\">\n<figure class=\"bd em-responsive\"><iframe loading=\"lazy\" class=\"ui-droppable\" src=\"https:\/\/www.youtube.com\/embed\/pi81OLLvpew\" width=\"560\" height=\"315\" frameborder=\"0\" allowfullscreen=\"allowfullscreen\" data-mce-fragment=\"1\"><\/iframe><\/figure>\n<\/div>\n<p>C&rsquo;est d\u2019abord une histoire port\u00e9e par les expropri\u00e9s de Mbobero eux-m\u00eames, m\u00e9decins, instituteur, paysans, bonne s\u0153ur\u2026 Tous racontent l&rsquo;effroi de voir un jour la garde r\u00e9publicaine d\u00e9molir sa maison, son village pour le compte du chef de l&rsquo;Etat.<\/p>\n<p>\u00ab\u00a0<em>C\u2019est aussi de graves violations des droits de l\u2019homme que nous avons subies,\u00a0<\/em>estime une victime des d\u00e9molitions.\u00a0<em>Comme vous avez achet\u00e9 chez les autres, achetez aussi chez nous. Nous sommes pr\u00eats \u00e0 partir, pourvu que vous achetiez.<\/em>\u00a0\u00bb<\/p>\n<p>\u00ab\u00a0<em>On s\u2019\u00e9tait pos\u00e9 la question<\/em>\u00a0<em>: o\u00f9 on en \u00e9tait l\u2019urgence d\u2019en arriver \u00e0 \u00e7a<\/em>\u00a0<em>? Entre 2016 et 2018, aujourd\u2019hui, il n\u2019y a rien<\/em>\u00a0\u00bb, constate un m\u00e9decin.<\/p>\n<p>C&rsquo;est aussi l&rsquo;histoire d&rsquo;une organisation de la soci\u00e9t\u00e9 civile et d&rsquo;avocats congolais qui depuis deux ans essaient d&rsquo;obtenir r\u00e9paration pour les quelques 2\u00a0500 habitants de Mbobero et un soutien de la communaut\u00e9 internationale alors que ces d\u00e9plac\u00e9s sont aujourd&rsquo;hui d\u00e9munis<\/p>\n<p>\u00ab\u00a0<em>Vous voyez ici, nous avons l\u2019acte de vente<\/em>, explique Jean-Chrysostome Kijana, le pr\u00e9sident de la NDSCI.<em>\u00a0Curieusement, aujourd\u2019hui, nous sommes tr\u00e8s tr\u00e8s surpris que la concession du citoyen Kabila ne cesse de s\u2019agrandir du jour au lendemain. De 200 hectares, nous sommes aujourd\u2019hui \u00e0 plus de 600 hectares.<\/em>\u00a0\u00bb<\/p>\n<p>Aujourd&rsquo;hui, selon la Nouvelle dynamique de la soci\u00e9t\u00e9 civile, sept personnes, dont le pr\u00e9sident de la NDSCI, le r\u00e9alisateur du documentaire et des protagonistes, sont menac\u00e9es. Certains vivent m\u00eame dans la clandestinit\u00e9.<\/p>\n<div class=\"em-block em-width-full em-orientation-center em-type-audio em-object\">\n<div class=\"audio-content\">\n<div class=\"audio-title\">Les habitants de Mbobero t\u00e9moignent dans un documentaire de la NDSCI<\/div>\n<div class=\"audio-meta\"><span class=\"date\">11-07-2018<\/span>\u00a0&#8211; Par\u00a0<span class=\"author\">Sonia Rolley<\/span><\/div>\n<div id=\"audio64256CA9-7AE3-4C37-8DD8-8295BF64A596-0\" class=\"em-player-audio\" data-player-id=\"audio64256CA9-7AE3-4C37-8DD8-8295BF64A596-0\"><iframe loading=\"lazy\" id=\"iframe-player727\" class=\"ui-droppable\" src=\"about:blank\" width=\"300\" height=\"150\" frameborder=\"0\" scrolling=\"no\" allowfullscreen=\"allowfullscreen\" data-mce-fragment=\"1\"><\/iframe><\/div>\n<div class=\"stream-text\" data-strea-title=\"Les habitants de Mbobero t\u00e9moignent dans un documentaire de la NDSCI\"><\/div>\n<p><button class=\"em-listen player-processed\" title=\"main-player\" data-player-bind=\"audio64256CA9-7AE3-4C37-8DD8-8295BF64A596-0\" data-player-control=\"playPause\" data-title=\"Les habitants de Mbobero t\u00e9moignent dans un documentaire de la NDSCI\"><\/button><\/p>\n<div class=\"player-bar-group\"><span class=\"label label-default\" data-player-bind=\"audio64256CA9-7AE3-4C37-8DD8-8295BF64A596-0\" data-player-timee=\"\">00:00<\/span><\/p>\n<div class=\"ui-slider-range ui-widget-header ui-corner-all ui-slider-range-min\"><\/div>\n<p><span class=\"label label-default\" data-player-bind=\"audio64256CA9-7AE3-4C37-8DD8-8295BF64A596-0\" data-player-timet=\"\">00:00<\/span><\/div>\n<\/div>\n<\/div>\n<p><strong>T\u00e9moigner sur Mbobero, le cri de la NDSCI<\/strong><\/p>\n<p>Jean-Chrysostome Kijana, le pr\u00e9sident de la Nouvelle dynamique de la soci\u00e9t\u00e9 civile, explique que ce documentaire est le cri d\u2019alarme d&rsquo;une population abandonn\u00e9e par tous, y compris la communaut\u00e9 internationale.<\/p>\n<p>\u00ab\u00a0<em>Nous avons pens\u00e9 qu\u2019il \u00e9tait grand temps que le monde entier soit au courant de la v\u00e9racit\u00e9 de toutes ces magouilles qui entourent ces dossiers. Donc \u00e0 travers ce documentaire, on veut non seulement faire conna\u00eetre la r\u00e9alit\u00e9 sur Mbobero mais aussi attirer l\u2019attention des diff\u00e9rents partenaires. Que \u00e7a soit les organisations internationales de d\u00e9fense des droits de l\u2019homme, mais aussi les organisations humanitaires. Parce que cette population, aujourd\u2019hui, elle est estim\u00e9e \u00e0 plus de 2<\/em>\u00a0<em>500 personnes, y compris plus de 500 enfants. On voudrait lancer un SOS pour attirer l\u2019attention de ce qui se passe. \u00c7a viole les conventions internationales.<\/em>\u00a0\u00bb<\/p>\n<p>\u00ab\u00a0<em>La repr\u00e9sentante sp\u00e9ciale du secr\u00e9taire g\u00e9n\u00e9ral aux Nations unis a promis d\u2019en parler au chef de l\u2019Etat en personne, mais depuis qu\u2019elle est repartie, on a aucune suite. Donc c\u2019est la crainte, c\u2019est la peur au ventre qui nous caract\u00e9rise. Et on s\u2019est dit<\/em>\u00a0<em>: on quitte cet \u00e9tat des choses, on laisse quand m\u00eame ces images pour que le monde entier soit au courant qu\u2019il y a un pr\u00e9sident de la R\u00e9publique \u2013 qui a l\u2019obligation premi\u00e8re d\u2019assurer la protection et le bien \u00eatre de sa population &#8211; qui est en train de se disputer quelques hectares de terre en utilisant la force, au d\u00e9triment de la justice, au d\u00e9triment de tout esprit humain<\/em>.\u00a0\u00bb<\/p>\n<\/div>\n<\/section>\n<div class=\"wps-pgfw-pdf-generate-icon__wrapper-frontend pgfw-icon-display pgfw-icon-display--default\" style=\"--pgfw-icon-justify:center;\"><a href=\"https:\/\/congokin.blog?action=genpdf&#038;id=1609\" class=\"pgfw-single-pdf-download-button pgfw-single-pdf-download-button--default pgfw-single-pdf-download-button--icon-only\" title=\"G\u00e9n\u00e9rer un PDF\" style=\"--pgfw-icon-width:25px;--pgfw-icon-height:45px;\" aria-label=\"Download PDF\"><span class=\"pgfw-single-pdf-download-button__media\" aria-hidden=\"true\"><img src=\"https:\/\/congokin.blog\/wp-content\/plugins\/pdf-generator-for-wp\/admin\/src\/images\/PDF_Tray.svg\" alt=\"\" decoding=\"async\"><\/span><\/a><\/div>","protected":false},"excerpt":{"rendered":"<p>RDC: un documentaire alerte sur les expropriations \u00e0 Mbobero Capture d&rsquo;\u00e9cran d&rsquo;un extrait du documentaire \u00ab\u2014Mbobero, la raison du plus fort est toujours la meilleure\u2014\u00bb. \u00a9 Capture d&rsquo;\u00e9cran Par\u00a0RFI\u00a0Publi\u00e9 le 12-07-2018\u00a0Modifi\u00e9 le 12-07-2018 \u00e0 04:08 Dans l&rsquo;est de la RDC, une organisation de la soci\u00e9t\u00e9 civile tente depuis deux ans de plaider la cause d&rsquo;une [&hellip;]<\/p>\n","protected":false},"author":4,"featured_media":0,"comment_status":"open","ping_status":"closed","sticky":false,"template":"","format":"standard","meta":{"footnotes":""},"categories":[6],"tags":[],"class_list":["post-1609","post","type-post","status-publish","format-standard","hentry","category-justice"],"_links":{"self":[{"href":"https:\/\/congokin.blog\/index.php?rest_route=\/wp\/v2\/posts\/1609","targetHints":{"allow":["GET"]}}],"collection":[{"href":"https:\/\/congokin.blog\/index.php?rest_route=\/wp\/v2\/posts"}],"about":[{"href":"https:\/\/congokin.blog\/index.php?rest_route=\/wp\/v2\/types\/post"}],"author":[{"embeddable":true,"href":"https:\/\/congokin.blog\/index.php?rest_route=\/wp\/v2\/users\/4"}],"replies":[{"embeddable":true,"href":"https:\/\/congokin.blog\/index.php?rest_route=%2Fwp%2Fv2%2Fcomments&post=1609"}],"version-history":[{"count":0,"href":"https:\/\/congokin.blog\/index.php?rest_route=\/wp\/v2\/posts\/1609\/revisions"}],"wp:attachment":[{"href":"https:\/\/congokin.blog\/index.php?rest_route=%2Fwp%2Fv2%2Fmedia&parent=1609"}],"wp:term":[{"taxonomy":"category","embeddable":true,"href":"https:\/\/congokin.blog\/index.php?rest_route=%2Fwp%2Fv2%2Fcategories&post=1609"},{"taxonomy":"post_tag","embeddable":true,"href":"https:\/\/congokin.blog\/index.php?rest_route=%2Fwp%2Fv2%2Ftags&post=1609"}],"curies":[{"name":"wp","href":"https:\/\/api.w.org\/{rel}","templated":true}]}}