{"id":200,"date":"2018-04-12T23:52:06","date_gmt":"2018-04-12T23:52:06","guid":{"rendered":"https:\/\/congokin.media\/?p=200"},"modified":"2018-04-12T23:52:06","modified_gmt":"2018-04-12T23:52:06","slug":"les-ong-qui-recevront-largent-de-la-belgique-ne-seront-pas-autorisees-a-travailler-en-rdc","status":"publish","type":"post","link":"https:\/\/congokin.blog\/?p=200","title":{"rendered":"Les ONG qui recevront l\u2019argent de la Belgique ne seront pas autoris\u00e9es \u00e0 travailler en RDC"},"content":{"rendered":"<h1 class=\"jeg_post_title\">Les ONG qui recevront l\u2019argent de la Belgique ne seront pas autoris\u00e9es \u00e0 travailler en RDC<\/h1>\n<div class=\"jeg_meta_container\">\n<div class=\"jeg_post_meta jeg_post_meta_2\">\n<div class=\"jeg_meta_date\">AVRIL 12, 2018<\/div>\n<\/div>\n<\/div>\n<p><img decoding=\"async\" src=\"https:\/\/i2.wp.com\/www.politico.cd\/wp-content\/uploads\/2017\/10\/she_okitundu_17_001.jpg?resize=1024%2C570\" alt=\"She Okitundu: \u00c2\u00ab\u00c2\u00a0cette motion de d\u00c3\u00a9fiance n\u00e2\u0080\u0099est pas fond\u00c3\u00a9e\u00c2\u00a0\u00c2\u00bb\" \/><\/p>\n<p>Le gouvernement de la R\u00e9publique d\u00e9mocratique du Congo refuse toujours de participer \u00e0 la\u00a0conf\u00e9rence des donateurs sur la crise humanitaire qui doit se tenir le 13\u00a0avril \u00e0 Gen\u00e8ve. Dans une intervention \u00e0 Jeune Afrique, le ministre congolais des Affaires \u00e9trang\u00e8res va jusqu\u2019\u00e0 menacer les ONG qui accepteront de recevoir les fonds issus de cette rencontre.<\/p>\n<p>Kinshasa qui affirme qu\u2019il n\u2019a pas \u00e9t\u00e9 associ\u00e9 \u00e0 l\u2019organisation de cette conf\u00e9rence, rejetant sp\u00e9cifiquement la quote-part d\u2019aide humanitaire qui provient de la Belgique, en conflit ouvert avec le gouvernement.<\/p>\n<div class=\"google-auto-placed ap_container\"><\/div>\n<p class=\" tm_nativeauto\">Selon Jeune Afrique, l\u2019ancienne puissance coloniale a d\u00e9j\u00e0 d\u00e9bloqu\u00e9 plus de 11,6 millions de dollars sur les 18 millions promis \u00e0 ce jour.\u00a0 Une situation que d\u00e9nonce le chef de la diplomatie congolaise. \u00ab\u00a0<em>Les ONG qui recevront cet argent ne seront pas autoris\u00e9es \u00e0 travailler dans notre pays<\/em>\u00a0\u00bb, lance L\u00e9onard She Okitundu, cit\u00e9 par Jeune Afrique. \u00ab\u00a0<em>La Belgique a d\u00e9cid\u00e9 de rompre de mani\u00e8re unilat\u00e9rale sa coop\u00e9ration bilat\u00e9rale avec nous, nous devons aller au bout de cette logique\u00a0<\/em>\u00bb, poursuit-il.<\/p>\n<div class=\"jeg_ad jeg_ad_article jnews_content_inline_ads\"><\/div>\n<p>Les relations entre Kabila et Bruxelles sont tr\u00e8s tendues. En novembre dernier, aucun officiel du gouvernement congolais n\u2019a daign\u00e9 se d\u00e9placer pour assister \u00e0 l\u2019inauguration de la nouvelle Ambassade \u00e0 Kinshasa. Des partisans du gouvernement ont en outre manifest\u00e9 contre le Chef de la diplomatie belge Didier Rendyers, lui demandant de restituer la d\u00e9pouille du h\u00e9ros congolais de la lutte pour l\u2019ind\u00e9pendance, Patrice Lumumba.<\/p>\n<div class=\"google-auto-placed ap_container\"><\/div>\n<p>En octobre, le vice-Premier ministre belge, Alexander De Croo, a laiss\u00e9 entendre, dans une interview au m\u00e9dia belge n\u00e9erlandophone MO.be que la R\u00e9publique d\u00e9mocratique du Congo n\u2019\u00e9tait \u00ab\u00a0<em>pas un \u00c9tat, mais un syst\u00e8me d\u2019enrichissement\u00a0personnel<\/em>\u00a0\u00bb<\/p>\n<p>Le ministre congolais Lambert Mende, porte-parole du gouvernement a refus\u00e9 de r\u00e9agir aux affirmations du ministre belge. \u00ab\u00a0<em>Nous pr\u00e9f\u00e9rons ne pas r\u00e9agir \u00e0 des tels propos qui ne sont pas dignes du niveau de responsabilit\u00e9 de notre ami\u00a0\u00bb<\/em><\/p>\n<div style=\"text-align:center\" class=\"wps-pgfw-pdf-generate-icon__wrapper-frontend\">\n\t\t<a href=\"https:\/\/congokin.blog?action=genpdf&amp;id=200\" class=\"pgfw-single-pdf-download-button\" ><img src=\"https:\/\/congokin.blog\/wp-content\/plugins\/pdf-generator-for-wp\/admin\/src\/images\/PDF_Tray.svg\" title=\"G\u00e9n\u00e9rer un PDF\" style=\"width:auto; height:45px;\"><\/a>\n\t\t<\/div>","protected":false},"excerpt":{"rendered":"<p>Les ONG qui recevront l\u2019argent de la Belgique ne seront pas autoris\u00e9es \u00e0 travailler en RDC AVRIL 12, 2018 Le gouvernement de la R\u00e9publique d\u00e9mocratique du Congo refuse toujours de participer \u00e0 la\u00a0conf\u00e9rence des donateurs sur la crise humanitaire qui doit se tenir le 13\u00a0avril \u00e0 Gen\u00e8ve. Dans une intervention \u00e0 Jeune Afrique, le ministre [&hellip;]<\/p>\n","protected":false},"author":4,"featured_media":0,"comment_status":"open","ping_status":"closed","sticky":false,"template":"","format":"standard","meta":{"footnotes":""},"categories":[1],"tags":[],"class_list":["post-200","post","type-post","status-publish","format-standard","hentry","category-uncategorized"],"_links":{"self":[{"href":"https:\/\/congokin.blog\/index.php?rest_route=\/wp\/v2\/posts\/200","targetHints":{"allow":["GET"]}}],"collection":[{"href":"https:\/\/congokin.blog\/index.php?rest_route=\/wp\/v2\/posts"}],"about":[{"href":"https:\/\/congokin.blog\/index.php?rest_route=\/wp\/v2\/types\/post"}],"author":[{"embeddable":true,"href":"https:\/\/congokin.blog\/index.php?rest_route=\/wp\/v2\/users\/4"}],"replies":[{"embeddable":true,"href":"https:\/\/congokin.blog\/index.php?rest_route=%2Fwp%2Fv2%2Fcomments&post=200"}],"version-history":[{"count":0,"href":"https:\/\/congokin.blog\/index.php?rest_route=\/wp\/v2\/posts\/200\/revisions"}],"wp:attachment":[{"href":"https:\/\/congokin.blog\/index.php?rest_route=%2Fwp%2Fv2%2Fmedia&parent=200"}],"wp:term":[{"taxonomy":"category","embeddable":true,"href":"https:\/\/congokin.blog\/index.php?rest_route=%2Fwp%2Fv2%2Fcategories&post=200"},{"taxonomy":"post_tag","embeddable":true,"href":"https:\/\/congokin.blog\/index.php?rest_route=%2Fwp%2Fv2%2Ftags&post=200"}],"curies":[{"name":"wp","href":"https:\/\/api.w.org\/{rel}","templated":true}]}}