{"id":202,"date":"2018-04-12T23:55:54","date_gmt":"2018-04-12T23:55:54","guid":{"rendered":"https:\/\/congokin.media\/?p=202"},"modified":"2018-04-12T23:55:54","modified_gmt":"2018-04-12T23:55:54","slug":"felix-tshisekedi-en-route-vers-la-primature","status":"publish","type":"post","link":"https:\/\/congokin.blog\/?p=202","title":{"rendered":"F\u00e9lix Tshisekedi en route vers la Primature?"},"content":{"rendered":"<h1 class=\"jeg_post_title\">F\u00e9lix Tshisekedi en route vers la Primature?<\/h1>\n<h2 class=\"jeg_post_subtitle\">Le pouvoir a bel et bien approch\u00e9 F\u00e9lix Tshisekedi pour des discussions autour d&rsquo;une participation \u00e0 la Primature. Ce dernier, qui n&rsquo;a pas unilat\u00e9ralement refus\u00e9, conditionne cependant toute n\u00e9gociation \u00e0 l&rsquo;enterrement de son p\u00e8re.<\/h2>\n<div class=\"jeg_meta_container\">\n<div class=\"jeg_post_meta jeg_post_meta_2\">\n<div class=\"jeg_meta_date\">AVRIL 12, 2018<\/div>\n<\/div>\n<\/div>\n<p><img decoding=\"async\" src=\"https:\/\/i1.wp.com\/www.politico.cd\/wp-content\/uploads\/2018\/04\/Felix-Tshisekedi-UDPS-Rassemblement-672x372.jpg?resize=800%2C443\" alt=\"F\u00c3\u00a9lix Tshisekedi en route vers la Primature?\" \/><\/p>\n<p>Le nouveau leader de l\u2019UDPS l\u00e8ve un voile sur des rumeurs de ses contacts avec la majorit\u00e9 au pouvoir. Dans une intervention \u00e0 Jeune Afrique, F\u00e9lix Tshisekedi admet les faits, tout en expliquant qu\u2019il a pos\u00e9 une condition \u00e0 ces discussions.\u00a0\u00a0\u00ab<em>\u00a0Des \u00e9missaires ont voulu m\u2019approcher. Mais j\u2019ai refus\u00e9 de les recevoir et je continuerai \u00e0 le faire tant que ce gouvernement bloquera le rapatriement de la d\u00e9pouille de mon p\u00e8re.\u00a0<\/em>\u00bb explique-t-il.<\/p>\n<p>Cependant, les discussions autour des fun\u00e9railles de son p\u00e8re, le leader historique de l\u2019opposition \u00c9tienne Tshisekedi d\u00e9c\u00e9d\u00e9 depuis f\u00e9vrier 2017 \u00e0 Bruxelles, ont tout \u00e0 coup repris. Selon les informations de POLITICO.CD, un communiqu\u00e9 mixte devrait \u00eatre sign\u00e9 pour bient\u00f4t.<\/p>\n<h2><strong>Fun\u00e9railles et d\u00e9part de Tshibala<\/strong><\/h2>\n<p>Les autorit\u00e9s et des \u00e9missaires de la famille de Tshisekedi se sont vus plusieurs fois depuis f\u00e9vrier 2018, arr\u00eatant m\u00eame un communiqu\u00e9 qui va bient\u00f4t \u00eatre sign\u00e9. Selon ce document, rapportent plusieurs sources \u00e0 POLITICO.CD, une commission mixte devrait \u00eatre mise sur pied pour travailler autour de l\u2019organisation de ces fun\u00e9railles.\u00a0Par ailleurs, la famille de Tshisekedi a re\u00e7u des assurances du gouvernement, notamment des frais pour payer la morgue \u00e0 Bruxelles et des documents pour une inhumation \u00e0 la N\u2019sel\u00e9, dans l\u2019Est de Kinshasa.<\/p>\n<div class=\"jeg_ad jeg_ad_article jnews_content_inline_ads\"><\/div>\n<p class=\" tm_nativeauto\">A Kinshasa, alors que l\u2019actuel Premier ministre est donn\u00e9 sur le d\u00e9part, l\u2019enterrement visiblement prochain d\u2019\u00c9tienne Tshisekedi semble dessiner un cadre pour amorcer l\u2019arriv\u00e9e de F\u00e9lix Tshisekedi\u00a0\u00e0 la Primature.\u00a0 Les jours du Premier ministre congolais Bruno Tshibala \u00e0 la t\u00eate du gouvernement seraient compt\u00e9s. A en croire une source haut plac\u00e9e \u00e0 l\u2019Assembl\u00e9e nationale, une motion de censure va bient\u00f4t intervenir, demandant la destitution de l\u2019ancien Secr\u00e9taire g\u00e9n\u00e9ral adjoint d\u2019\u00c9tienne Tshisekedi.<\/p>\n<p>\u00ab\u00a0<em>Il est certain que la motion intervient bient\u00f4t<\/em>\u00ab\u00a0, affirme la source sous le sceau de l\u2019anonymat \u00e0 POLITICO.CD. \u00ab\u00a0<em>Il est \u00e9galement s\u00fbr qu\u2019elle lui sera fatale. C\u2019est une ultime motion qui va dans le sens de le faire partir. D\u2019ailleurs en ce moment, il se passe beaucoup de choses \u00e0 ce sujet au sein de la majorit\u00e9<\/em>\u00ab\u00a0, explique ce d\u00e9put\u00e9 \u00e0 POLITICO.CD.<\/p>\n<h2><strong>Piques \u00e0 Katumbi et Kamerhe<\/strong><\/h2>\n<p>Nomm\u00e9 par le pr\u00e9sident Kabila en avril 2017 dans le cadre de l\u2019accord de la Saint-Sylvestre,\u00a0 le Premier ministre Bruno Tshibala est depuis plusieurs semaines sur la sellette. Dans son propre camp, celui de la dissidence du Rassemblement form\u00e9e avec Joseph Olenghankoy, on r\u00e9clame ouvertement sa d\u00e9mission.<\/p>\n<p>Etrangement, F\u00e9lix Tshisekedi, qui a longtemps d\u00e9fendu l\u2019id\u00e9e d\u2019une candidature commune de l\u2019opposition \u00e0 la prochaine pr\u00e9sidentielle a sembl\u00e9 changer son fusil d\u2019\u00e9paule.\u00a0 En effet, dans une interview \u00e0 Jeune Afrique, il affirme qu\u2019il n\u2019y a pas n\u00e9cessit\u00e9 d\u2019une telle coalition.<\/p>\n<p>\u00ab\u00a0<em>Quel que soit le candidat du pouvoir, il n\u2019aura aucune chance<\/em>\u00ab\u00a0, insiste-t-il. Plus loin, il en profite pour lancer un pique \u00e0 Mo\u00efse Katumbi et Vital Kamerhe, deux autres challengers au sein de l\u2019opposition, mais qui ont tour \u00e0 tour \u00e9t\u00e9 aux c\u00f4t\u00e9s du pr\u00e9sident Joseph Kabila jadis. \u00ab\u00a0<em>(\u2026) sans faire injure aux autres candidats de l\u2019opposition, nous [l\u2019UDPS] sommes les mieux plac\u00e9s, car nous sommes les seuls \u00e0 ne pouvoir \u00eatre associ\u00e9s, de quelque mani\u00e8re que ce soit, \u00e0 ce pouvoir<\/em>\u00ab\u00a0, lance-t-il dans cette interview.<\/p>\n<p>&nbsp;<\/p>\n<div style=\"text-align:center\" class=\"wps-pgfw-pdf-generate-icon__wrapper-frontend\">\n\t\t<a href=\"https:\/\/congokin.blog?action=genpdf&amp;id=202\" class=\"pgfw-single-pdf-download-button\" ><img src=\"https:\/\/congokin.blog\/wp-content\/plugins\/pdf-generator-for-wp\/admin\/src\/images\/PDF_Tray.svg\" title=\"G\u00e9n\u00e9rer un PDF\" style=\"width:auto; height:45px;\"><\/a>\n\t\t<\/div>","protected":false},"excerpt":{"rendered":"<p>F\u00e9lix Tshisekedi en route vers la Primature? Le pouvoir a bel et bien approch\u00e9 F\u00e9lix Tshisekedi pour des discussions autour d&rsquo;une participation \u00e0 la Primature. Ce dernier, qui n&rsquo;a pas unilat\u00e9ralement refus\u00e9, conditionne cependant toute n\u00e9gociation \u00e0 l&rsquo;enterrement de son p\u00e8re. AVRIL 12, 2018 Le nouveau leader de l\u2019UDPS l\u00e8ve un voile sur des rumeurs [&hellip;]<\/p>\n","protected":false},"author":4,"featured_media":0,"comment_status":"open","ping_status":"closed","sticky":false,"template":"","format":"standard","meta":{"footnotes":""},"categories":[1],"tags":[],"class_list":["post-202","post","type-post","status-publish","format-standard","hentry","category-uncategorized"],"_links":{"self":[{"href":"https:\/\/congokin.blog\/index.php?rest_route=\/wp\/v2\/posts\/202","targetHints":{"allow":["GET"]}}],"collection":[{"href":"https:\/\/congokin.blog\/index.php?rest_route=\/wp\/v2\/posts"}],"about":[{"href":"https:\/\/congokin.blog\/index.php?rest_route=\/wp\/v2\/types\/post"}],"author":[{"embeddable":true,"href":"https:\/\/congokin.blog\/index.php?rest_route=\/wp\/v2\/users\/4"}],"replies":[{"embeddable":true,"href":"https:\/\/congokin.blog\/index.php?rest_route=%2Fwp%2Fv2%2Fcomments&post=202"}],"version-history":[{"count":0,"href":"https:\/\/congokin.blog\/index.php?rest_route=\/wp\/v2\/posts\/202\/revisions"}],"wp:attachment":[{"href":"https:\/\/congokin.blog\/index.php?rest_route=%2Fwp%2Fv2%2Fmedia&parent=202"}],"wp:term":[{"taxonomy":"category","embeddable":true,"href":"https:\/\/congokin.blog\/index.php?rest_route=%2Fwp%2Fv2%2Fcategories&post=202"},{"taxonomy":"post_tag","embeddable":true,"href":"https:\/\/congokin.blog\/index.php?rest_route=%2Fwp%2Fv2%2Ftags&post=202"}],"curies":[{"name":"wp","href":"https:\/\/api.w.org\/{rel}","templated":true}]}}