{"id":204,"date":"2018-04-12T23:59:43","date_gmt":"2018-04-12T23:59:43","guid":{"rendered":"https:\/\/congokin.media\/?p=204"},"modified":"2018-04-12T23:59:43","modified_gmt":"2018-04-12T23:59:43","slug":"etrange-conseil-des-ministres-a-kingakati-autour-de-kabila","status":"publish","type":"post","link":"https:\/\/congokin.blog\/?p=204","title":{"rendered":"Etrange Conseil des ministres \u00e0 Kingakati autour de Kabila"},"content":{"rendered":"<h1 class=\"jeg_post_title\"><strong>Etrange Conseil des ministres \u00e0 Kingakati autour de Kabila<\/strong><\/h1>\n<h2 class=\"jeg_post_subtitle\">Un conseil des ministres se tient depuis ce matin \u00e0 Kingakati, dans l&rsquo;Est de Kinshasa, autour du pr\u00e9sident Joseph Kabila. Une premi\u00e8re dans cette enceinte priv\u00e9e du pr\u00e9sident congolais, qui annonce visiblement des changements, rapportent plusieurs sources au pouvoir.<\/h2>\n<div class=\"jeg_meta_container\">\n<div class=\"jeg_post_meta jeg_post_meta_2\">\n<div class=\"jeg_meta_date\">AVRIL 12, 2018<\/div>\n<\/div>\n<\/div>\n<p><img decoding=\"async\" src=\"https:\/\/i0.wp.com\/www.politico.cd\/wp-content\/uploads\/2018\/04\/kabila-kingakati-080117-800px.jpg?resize=800%2C480\" alt=\"Etrange Conseil des ministres \u00c3\u00a0 Kingakati autour de Kabila\" \/><\/p>\n<p>C\u2019est depuis jeudi matin que l\u2019ex\u00e9cutif congolais a \u00e9t\u00e9 convoqu\u00e9 \u00e0 la ferme priv\u00e9e du pr\u00e9sident Joseph Kabila \u00e0 Kingakati,\u00a0pour un conseil des ministres un peu sp\u00e9cial. Selon des sources concordantes, le Pr\u00e9sident y re\u00e7oit toute l\u2019\u00e9quipe gouvernementale pour ce qui semble \u00eatre une \u00ab\u00a0rencontre de mise au point\u00a0\u00bb.<\/p>\n<p>\u00ab\u00a0<em>C\u2019est assez sp\u00e9cial que le Pr\u00e9sident d\u00e9cide d\u2019organiser une telle rencontre dans un domaine pourtant priv\u00e9. C\u2019est un peu comme s\u2019il nous recevait chez lui \u00e0 la maison<\/em>\u00ab\u00a0, commente un ministre sous le sceau de l\u2019anonymat \u00e0 POLITICO.CD.<\/p>\n<p class=\" tm_nativeauto\">Jamais, durant ses 17 ans au pouvoir, le Pr\u00e9sident Joseph Kabila n\u2019a re\u00e7u l\u2019ex\u00e9cutif \u00e0 Kingakati. Par ailleurs, il est clair que la r\u00e9ception dans ce domaine priv\u00e9 sonne une conf\u00e9rence \u00ab\u00a0d\u2019au revoir\u00a0\u00bb, commente un analyste \u00e0 POLITICO.CD.\u00a0 \u00ab\u00a0<em>C\u2019est une rencontre hautement symbolique qui vise \u00e0 t\u00e9moigner de la gratitude \u00e0 cette gouvernementale, mais il semble aussi qu\u2019elle s\u2019inscrive dans le cadre d\u2019une sorte de r\u00e9union d\u2019au revoir; sachant que l\u2019on annonce de plus en plus un nouveau gouvernement \u00e0 venir<\/em>\u00ab\u00a0, commente-t-il.<\/p>\n<div class=\"jeg_ad jeg_ad_article jnews_content_inline_ads\"><\/div>\n<p>Cette r\u00e9union tombe au moment o\u00f9 le Premier ministre Bruno Tshibala est de plus en plus pouss\u00e9 vers la sortie. Dans les rues de Kinshasa, on affirme m\u00eame que ses jours seraient compt\u00e9s.\u00a0A en croire une source haut plac\u00e9e \u00e0 l\u2019Assembl\u00e9e nationale, une motion de censure va bient\u00f4t intervenir, demandant la destitution de l\u2019ancien Secr\u00e9taire g\u00e9n\u00e9ral adjoint d\u2019\u00c9tienne Tshisekedi.<\/p>\n<p>\u00ab\u00a0<em>Il est certain que la motion intervient bient\u00f4t<\/em>\u00ab\u00a0, affirme la source sous le sceau de l\u2019anonymat \u00e0 POLITICO.CD. \u00ab\u00a0<em>Il est \u00e9galement s\u00fbr qu\u2019elle lui sera fatale. C\u2019est une ultime motion qui va dans le sens de le faire partir. D\u2019ailleurs en ce moment, il se passe beaucoup de choses \u00e0 ce sujet au sein de la majorit\u00e9<\/em>\u00ab\u00a0, explique ce d\u00e9put\u00e9 \u00e0 POLITICO.CD.<\/p>\n<p>&nbsp;<\/p>\n<div style=\"text-align:center\" class=\"wps-pgfw-pdf-generate-icon__wrapper-frontend\">\n\t\t<a href=\"https:\/\/congokin.blog?action=genpdf&amp;id=204\" class=\"pgfw-single-pdf-download-button\" ><img src=\"https:\/\/congokin.blog\/wp-content\/plugins\/pdf-generator-for-wp\/admin\/src\/images\/PDF_Tray.svg\" title=\"G\u00e9n\u00e9rer un PDF\" style=\"width:auto; height:45px;\"><\/a>\n\t\t<\/div>","protected":false},"excerpt":{"rendered":"<p>Etrange Conseil des ministres \u00e0 Kingakati autour de Kabila Un conseil des ministres se tient depuis ce matin \u00e0 Kingakati, dans l&rsquo;Est de Kinshasa, autour du pr\u00e9sident Joseph Kabila. Une premi\u00e8re dans cette enceinte priv\u00e9e du pr\u00e9sident congolais, qui annonce visiblement des changements, rapportent plusieurs sources au pouvoir. AVRIL 12, 2018 C\u2019est depuis jeudi matin [&hellip;]<\/p>\n","protected":false},"author":4,"featured_media":0,"comment_status":"open","ping_status":"closed","sticky":false,"template":"","format":"standard","meta":{"footnotes":""},"categories":[1],"tags":[],"class_list":["post-204","post","type-post","status-publish","format-standard","hentry","category-uncategorized"],"_links":{"self":[{"href":"https:\/\/congokin.blog\/index.php?rest_route=\/wp\/v2\/posts\/204","targetHints":{"allow":["GET"]}}],"collection":[{"href":"https:\/\/congokin.blog\/index.php?rest_route=\/wp\/v2\/posts"}],"about":[{"href":"https:\/\/congokin.blog\/index.php?rest_route=\/wp\/v2\/types\/post"}],"author":[{"embeddable":true,"href":"https:\/\/congokin.blog\/index.php?rest_route=\/wp\/v2\/users\/4"}],"replies":[{"embeddable":true,"href":"https:\/\/congokin.blog\/index.php?rest_route=%2Fwp%2Fv2%2Fcomments&post=204"}],"version-history":[{"count":0,"href":"https:\/\/congokin.blog\/index.php?rest_route=\/wp\/v2\/posts\/204\/revisions"}],"wp:attachment":[{"href":"https:\/\/congokin.blog\/index.php?rest_route=%2Fwp%2Fv2%2Fmedia&parent=204"}],"wp:term":[{"taxonomy":"category","embeddable":true,"href":"https:\/\/congokin.blog\/index.php?rest_route=%2Fwp%2Fv2%2Fcategories&post=204"},{"taxonomy":"post_tag","embeddable":true,"href":"https:\/\/congokin.blog\/index.php?rest_route=%2Fwp%2Fv2%2Ftags&post=204"}],"curies":[{"name":"wp","href":"https:\/\/api.w.org\/{rel}","templated":true}]}}