{"id":208,"date":"2018-04-13T00:05:12","date_gmt":"2018-04-13T00:05:12","guid":{"rendered":"https:\/\/congokin.media\/?p=208"},"modified":"2018-04-13T00:05:12","modified_gmt":"2018-04-13T00:05:12","slug":"rdc-la-belgique-sera-bien-a-la-conference-sur-le-congo","status":"publish","type":"post","link":"https:\/\/congokin.blog\/?p=208","title":{"rendered":"RDC: la Belgique sera bien \u00e0 la conf\u00e9rence sur le Congo"},"content":{"rendered":"<h1 class=\"post_title\">RDC: la Belgique sera bien \u00e0 la conf\u00e9rence sur le Congo<\/h1>\n<ul class=\"post_details clearfix\">\n<li class=\"detail category\">12 avril 2018<\/li>\n<li class=\"detail author\">Belga<\/li>\n<\/ul>\n<p><a class=\"post_image page_margin_top margin_bottom_0 prettyPhoto\" title=\"RDC: la Belgique sera bien \u00e0 la conf\u00e9rence sur le Congo\" href=\"https:\/\/afrique.lalibre.be\/app\/uploads\/2018\/04\/Alexander-De-Croo--787x586.jpg\"><img loading=\"lazy\" decoding=\"async\" class=\"attachment-small-slider-thumb size-small-slider-thumb wp-post-image\" title=\"\" src=\"https:\/\/afrique.lalibre.be\/app\/uploads\/2018\/04\/Alexander-De-Croo--690x450.jpg\" alt=\"RDC: la Belgique sera bien \u00e0 la conf\u00e9rence sur le Congo\" width=\"690\" height=\"450\" \/><\/a><\/p>\n<div class=\"post_content page_margin_top_section clearfix\">\n<div class=\"content_box full_width\">\n<div><\/div>\n<div><\/div>\n<div>La Belgique sera pr\u00e9sente \u00e0 la conf\u00e9rence internationale de donateurs consacr\u00e9e \u00e0 la crise humanitaire en R\u00e9publique d\u00e9mocratique du Congo (RDC) \u00e0 Gen\u00e8ve, vendredi, o\u00f9 elle sera repr\u00e9sent\u00e9e par le ministre de la Coop\u00e9ration au d\u00e9veloppement, Alexander De Croo. La RDC n\u2019enverra quant \u00e0 elle aucun repr\u00e9sentant en Suisse, Kinshasa estimant que le pays n\u2019est travers\u00e9 par aucune crise.<\/div>\n<div class=\"text\">\n<div>L\u2019absence congolaise \u00e0 l\u2019\u00e9v\u00e9nement refl\u00e8terait, aux yeux de certains observateurs, l\u2019isolement du r\u00e9gime du pr\u00e9sident Joseph Kabila. Malgr\u00e9 tout, Kinshasa a r\u00e9ussi \u00e0 dissuader certains Etats de participer \u00e0 la conf\u00e9rence. Les Emirats arabes unis, les Pays-Bas, mais aussi l\u2019Union europ\u00e9enne n\u2019effectueront pas le d\u00e9placement. D\u2019autres pays, notamment africains, pourraient eux aussi ne pas se pr\u00e9senter en Suisse.<\/div>\n<div><\/div>\n<div><\/div>\n<div><strong>D\u00e9cision \u00ab\u00a0d\u00e9plorable\u00a0\u00bb<\/strong><\/div>\n<div><\/div>\n<div>Malgr\u00e9 ce contexte, Alexander De Croo esp\u00e8re toujours que la RDC sera repr\u00e9sent\u00e9e. \u00ab\u00a0La pr\u00e9sence du gouvernement montrerait au peuple congolais, aux Etats voisins et \u00e0 la communaut\u00e9 internationale que les leaders congolais reconnaissent les besoins humanitaires du pays\u00a0\u00bb, juge-t-il.<\/div>\n<div><\/div>\n<div>\u00ab\u00a0Leur absence est bien entendu une d\u00e9cision d\u00e9plorable, mais cette conf\u00e9rence a malgr\u00e9 tout toujours du sens\u00a0\u00bb, affirme quant \u00e0 lui Pieter-Jan Hamels, qui suit l\u2019Afrique centrale pour l\u2019organisation 11.11.11. \u00ab\u00a0Les besoins sont \u00e9normes, cette conf\u00e9rence n\u2019arrive pas trop t\u00f4t.\u00a0\u00bb<\/div>\n<div><\/div>\n<div>A Kinshasa, on d\u00e9ment l\u2019importance de tels besoins. Aux yeux des autorit\u00e9s locales, il s\u2019agirait d\u2019une campagne destin\u00e9e \u00e0 effrayer les investisseurs int\u00e9ress\u00e9s par le potentiel de la RDC.<\/div>\n<div><\/div>\n<div><strong>Aide belge<\/strong><\/div>\n<div><\/div>\n<div>L\u2019Ocha, le bureau de la coordination des Affaires humanitaires de l\u2019ONU, \u00e9value les besoins de la RDC \u00e0 1,68 milliard de dollars pour l\u2019ann\u00e9e 2018. Pour l\u2019instant, 194 millions ont d\u00e9j\u00e0 \u00e9t\u00e9 promis. L\u2019an dernier, Alexander De Croo avait lib\u00e9r\u00e9 17 millions d\u2019euros pour de l\u2019aide humanitaire directe dans le pays d\u2019Afrique centrale. Le soutien belge, dont le montant sera pr\u00e9cis\u00e9 vendredi \u00e0 Gen\u00e8ve, devrait encore augmenter cette ann\u00e9e. \u00ab\u00a0Notre pays veut envoyer un signal \u00e0 l\u2019international et r\u00e9affirmer sa solidarit\u00e9 avec le peuple congolais\u00a0\u00bb, explique-t-on au cabinet du ministre De Croo. Ce dernier devrait \u00e9galement annoncer une contribution significative aux ressources de partenaires humanitaires actifs en RDC.<\/div>\n<\/div>\n<\/div>\n<\/div>\n<div style=\"text-align:center\" class=\"wps-pgfw-pdf-generate-icon__wrapper-frontend\">\n\t\t<a href=\"https:\/\/congokin.blog?action=genpdf&amp;id=208\" class=\"pgfw-single-pdf-download-button\" ><img src=\"https:\/\/congokin.blog\/wp-content\/plugins\/pdf-generator-for-wp\/admin\/src\/images\/PDF_Tray.svg\" title=\"G\u00e9n\u00e9rer un PDF\" style=\"width:auto; height:45px;\"><\/a>\n\t\t<\/div>","protected":false},"excerpt":{"rendered":"<p>RDC: la Belgique sera bien \u00e0 la conf\u00e9rence sur le Congo 12 avril 2018 Belga La Belgique sera pr\u00e9sente \u00e0 la conf\u00e9rence internationale de donateurs consacr\u00e9e \u00e0 la crise humanitaire en R\u00e9publique d\u00e9mocratique du Congo (RDC) \u00e0 Gen\u00e8ve, vendredi, o\u00f9 elle sera repr\u00e9sent\u00e9e par le ministre de la Coop\u00e9ration au d\u00e9veloppement, Alexander De Croo. La [&hellip;]<\/p>\n","protected":false},"author":4,"featured_media":0,"comment_status":"open","ping_status":"closed","sticky":false,"template":"","format":"standard","meta":{"footnotes":""},"categories":[1],"tags":[],"class_list":["post-208","post","type-post","status-publish","format-standard","hentry","category-uncategorized"],"_links":{"self":[{"href":"https:\/\/congokin.blog\/index.php?rest_route=\/wp\/v2\/posts\/208","targetHints":{"allow":["GET"]}}],"collection":[{"href":"https:\/\/congokin.blog\/index.php?rest_route=\/wp\/v2\/posts"}],"about":[{"href":"https:\/\/congokin.blog\/index.php?rest_route=\/wp\/v2\/types\/post"}],"author":[{"embeddable":true,"href":"https:\/\/congokin.blog\/index.php?rest_route=\/wp\/v2\/users\/4"}],"replies":[{"embeddable":true,"href":"https:\/\/congokin.blog\/index.php?rest_route=%2Fwp%2Fv2%2Fcomments&post=208"}],"version-history":[{"count":0,"href":"https:\/\/congokin.blog\/index.php?rest_route=\/wp\/v2\/posts\/208\/revisions"}],"wp:attachment":[{"href":"https:\/\/congokin.blog\/index.php?rest_route=%2Fwp%2Fv2%2Fmedia&parent=208"}],"wp:term":[{"taxonomy":"category","embeddable":true,"href":"https:\/\/congokin.blog\/index.php?rest_route=%2Fwp%2Fv2%2Fcategories&post=208"},{"taxonomy":"post_tag","embeddable":true,"href":"https:\/\/congokin.blog\/index.php?rest_route=%2Fwp%2Fv2%2Ftags&post=208"}],"curies":[{"name":"wp","href":"https:\/\/api.w.org\/{rel}","templated":true}]}}