{"id":212,"date":"2018-04-13T00:11:21","date_gmt":"2018-04-13T00:11:21","guid":{"rendered":"https:\/\/congokin.media\/?p=212"},"modified":"2018-04-13T00:11:21","modified_gmt":"2018-04-13T00:11:21","slug":"rd-congo-le-printemps-de-felix-tshisekedi","status":"publish","type":"post","link":"https:\/\/congokin.blog\/?p=212","title":{"rendered":"RD Congo : le printemps de F\u00e9lix Tshisekedi"},"content":{"rendered":"<div class=\"art-header\">\n<h1>RD Congo : le printemps de F\u00e9lix Tshisekedi<\/h1>\n<p><time class=\"art-date\" datetime=\"2018-04-12T05:44:57Z\">Publi\u00e9 le 12 avril 2018 \u00e0 07h44\u00a0\u2014 Mis \u00e0 jour le\u00a012 avril 2018 \u00e0 12h39<\/time><\/div>\n<div id=\"content\" class=\"col-sm-8\">\n<article id=\"post-549342\" class=\"art-content\">\n<div class=\"art-author tracking-click-evt-ga\" data-category=\"Corps Article\" data-label=\"Auteur Toolbox\">\n<div class=\"author-desc\">Par\u00a0Pierre Boisselet<\/div>\n<\/div>\n<div class=\"art-toolbox\"><\/div>\n<figure class=\"thumbnail art-thumbnail-lead\"><img decoding=\"async\" src=\"http:\/\/www.jeuneafrique.com\/medias\/2018\/04\/06\/21616hr_-e1523367761339-592x296-1523529536.jpg\" \/><\/figure>\n<div class=\"art-text ja-teads-inread\">\n<p class=\"lead\">Apr\u00e8s avoir surmont\u00e9 une s\u00e9rie d\u2019\u00e9preuves, l\u2019opposant congolais a \u00e9t\u00e9 \u00e9lu \u00e0 la t\u00eate de l\u2019UDPS. Il est son candidat \u00e0 la pr\u00e9sidentielle\u2026 et se sent pousser des ailes\u2009!<\/p>\n<p>Pour\u00a0F\u00e9lix Tshisekedi, 2017 fut une annus horribilis. D\u2019abord, en f\u00e9vrier, il a perdu son p\u00e8re,\u00a0\u00c9tienne, ic\u00f4ne de l\u2019opposition congolaise depuis pr\u00e8s de quarante ans \u2013 dont le corps n\u2019a toujours pas \u00e9t\u00e9 rapatri\u00e9 ni enterr\u00e9 dignement \u00e0 Kinshasa. Puis cet homme sensible sous sa carrure impressionnante a vu certains de ses alli\u00e9s se d\u00e9tourner de lui\u2009:\u00a0Bruno Tshibala\u00a0ou Tharcisse Loseke ont contest\u00e9 sa l\u00e9gitimit\u00e9 et sont entr\u00e9s dans le gouvernement de son principal adversaire, le pr\u00e9sident Joseph Kabila. Quant \u00e0 ses tentatives pour mobiliser la rue, comme savait le faire jadis son p\u00e8re, elles se sont sold\u00e9es par de semi-\u00e9checs.<\/p>\n<p>Pourtant, depuis le d\u00e9but de l\u2019ann\u00e9e 2018, son horizon s\u2019est progressivement \u00e9clairci. Sous l\u2019impulsion de l\u2019\u00c9glise catholique, la contestation a repris du poil de la b\u00eate \u00e0 Kinshasa. Surtout, le 30\u00a0mars, F\u00e9lix a succ\u00e9d\u00e9 officiellement \u00e0 son p\u00e8re \u00e0 la t\u00eate de l\u2019Union pour la d\u00e9mocratie et le progr\u00e8s social (UDPS) lors d\u2019un congr\u00e8s \u00e0 Limete. Et a \u00e9t\u00e9 dans la foul\u00e9e investi candidat \u00e0 la pr\u00e9sidentielle.<\/p>\n<p>La tendance incarn\u00e9e par Loseke et Tshibala, qui contestait en justice la l\u00e9galit\u00e9 de ce congr\u00e8s, a \u00e9t\u00e9 d\u00e9bout\u00e9e. M\u00eame le pouvoir tenterait de l\u2019amadouer. \u00ab\u00a0Des \u00e9missaires ont voulu m\u2019approcher, confie l\u2019int\u00e9ress\u00e9 \u00e0 JA. Mais j\u2019ai refus\u00e9 de les recevoir et je continuerai \u00e0 le faire tant que ce gouvernement bloquera le rapatriement de la d\u00e9pouille de mon p\u00e8re.\u00a0\u00bb<\/p>\n<h2>Motifs de r\u00e9jouissance<\/h2>\n<p>F\u00e9lix Tshisekedi a sans doute d\u2019autres motifs de r\u00e9jouissance, beaucoup moins avouables\u2009: les difficult\u00e9s croissantes que rencontre le principal opposant, Mo\u00efse Katumbi, lui aussi candidat d\u00e9clar\u00e9 \u00e0 la pr\u00e9sidentielle. Depuis bient\u00f4t deux ans, ce dernier est contraint de vivre en exil pour \u00e9chapper \u00e0 une peine de trois ans de prison, prononc\u00e9e dans une obscure affaire immobili\u00e8re qu\u2019un rapport r\u00e9dig\u00e9 par des \u00e9v\u00eaques catholiques a qualifi\u00e9e de \u00ab\u00a0mascarade\u00a0\u00bb.<\/p>\n<p>Le pouvoir veut qu\u2019il comparaisse pour une tout aussi n\u00e9buleuse affaire de mercenariat devant la Cour supr\u00eame, dont les d\u00e9cisions ne peuvent faire l\u2019objet d\u2019aucun recours. Enfin, Flory Kabange Numbi, le procureur g\u00e9n\u00e9ral de la R\u00e9publique, s\u2019est saisi des r\u00e9v\u00e9lations de JA surla nationalit\u00e9 italienne de Katumbi\u00a0(lequel en a \u00e9t\u00e9 d\u00e9tenteur entre\u00a02000 et\u00a02017, ce qui lui a automatiquement fait perdre sa nationalit\u00e9 congolaise, selon le droit local) pour ouvrir une nouvelle information judiciaire \u00e0 son encontre. Motif\u2009: faux et usage de faux.<\/p>\n<blockquote><p>Katumbi est victime d\u2019une injustice<\/p><\/blockquote>\n<p>Le pr\u00e9sident de l\u2019UDPS d\u00e9ment vigoureusement se r\u00e9jouir de ces d\u00e9boires. \u00ab\u00a0Katumbi est victime d\u2019une injustice, assure-t-il. Moi, je suis d\u00e9mocrate. Il doit donc \u00eatre autoris\u00e9 \u00e0 rentrer au Congo. Cela fait partie des mesures de d\u00e9crispation dont nous avons fait un pr\u00e9alable \u00e0 toute \u00e9lection cr\u00e9dible.\u00a0\u00bb Reste que, en l\u2019absence de Katumbi et face \u00e0 un pouvoir impopulaire, F\u00e9lix Tshisekedi pourrait h\u00e9riter du statut envi\u00e9 de principal opposant lors de la prochaine pr\u00e9sidentielle, qui doit se tenir en d\u00e9cembre. \u00ab\u00a0Quel que soit le candidat du pouvoir, il n\u2019aura aucune chance, analyse-t-il. Et sans faire injure aux autres candidats de l\u2019opposition, nous [l\u2019UDPS] sommes les mieux plac\u00e9s, car nous sommes les seuls \u00e0 ne pouvoir \u00eatre associ\u00e9s, de quelque mani\u00e8re que ce soit, \u00e0 ce pouvoir.\u00a0\u00bb<\/p>\n<p>Pour autant, la victoire est loin de lui \u00eatre acquise, tant la route qui m\u00e8ne \u00e0 la pr\u00e9sidentielle est longue et sem\u00e9e d\u2019emb\u00fbches. F\u00e9lix Tshisekedi refuse notamment de participer \u00e0 un scrutin sans un audit pr\u00e9alable des fichiers \u00e9lectoraux et un acc\u00e8s aux serveurs. Il r\u00e9cuse aussi toute utilisation des \u00ab\u00a0machines \u00e0 voter\u00a0\u00bb, tr\u00e8s controvers\u00e9es, mais que la Commission \u00e9lectorale nationale ind\u00e9pendante (Ceni) juge indispensables. Et il s\u2019oppose \u00e0 tout nouveau report du scrutin. Voil\u00e0 qui fait beaucoup de concessions \u00e0 obtenir du pouvoir, en un court laps de temps.<\/p>\n<h2>H\u00e9morragie de cadres<\/h2>\n<blockquote><p>Ceux qui veulent revenir peuvent adh\u00e9rer<\/p><\/blockquote>\n<p>Par ailleurs, si son parti veut pr\u00e9senter des candidats dans tout le territoire lors des l\u00e9gislatives et des provinciales, qui doivent \u00eatre organis\u00e9es simultan\u00e9ment, il devra trouver plusieurs millions de dollars, la nouvelle loi \u00e9lectorale ayant relev\u00e9 le montant des cautions \u00e0 verser. Enfin, sa formation, qui a connu une h\u00e9morragie de cadres et n\u2019a jamais v\u00e9ritablement exerc\u00e9 le pouvoir, devra convaincre qu\u2019elle dispose des ressources humaines et des comp\u00e9tences pour diriger le pays. Surtout apr\u00e8s les scandales \u00e0 r\u00e9p\u00e9tition qui \u00e9claboussent l\u2019entourage de Tshibala depuis que cet ancien de l\u2019UDPS est \u00e0 la primature. \u00ab\u00a0Il est difficile de faire pire que le pouvoir actuel, argue Tshisekedi. En tout cas, je n\u2019irai pas chercher les cadres qui sont partis. Mais je n\u2019exclus personne. Ceux qui veulent revenir peuvent adh\u00e9rer. Sinon, \u00e7a n\u2019est pas grave. Nous avons encore de tr\u00e8s nombreuses personnes de qualit\u00e9 au sein du parti. Les Congolais les d\u00e9couvriront.\u00a0\u00bb Ces temps-ci, rien ne peut entamer son optimisme.<\/p>\n<\/div>\n<\/article>\n<\/div>\n<div style=\"text-align:center\" class=\"wps-pgfw-pdf-generate-icon__wrapper-frontend\">\n\t\t<a href=\"https:\/\/congokin.blog?action=genpdf&amp;id=212\" class=\"pgfw-single-pdf-download-button\" ><img src=\"https:\/\/congokin.blog\/wp-content\/plugins\/pdf-generator-for-wp\/admin\/src\/images\/PDF_Tray.svg\" title=\"G\u00e9n\u00e9rer un PDF\" style=\"width:auto; height:45px;\"><\/a>\n\t\t<\/div>","protected":false},"excerpt":{"rendered":"<p>RD Congo : le printemps de F\u00e9lix Tshisekedi Publi\u00e9 le 12 avril 2018 \u00e0 07h44\u00a0\u2014 Mis \u00e0 jour le\u00a012 avril 2018 \u00e0 12h39 Par\u00a0Pierre Boisselet Apr\u00e8s avoir surmont\u00e9 une s\u00e9rie d\u2019\u00e9preuves, l\u2019opposant congolais a \u00e9t\u00e9 \u00e9lu \u00e0 la t\u00eate de l\u2019UDPS. Il est son candidat \u00e0 la pr\u00e9sidentielle\u2026 et se sent pousser des ailes\u2009! Pour\u00a0F\u00e9lix [&hellip;]<\/p>\n","protected":false},"author":4,"featured_media":0,"comment_status":"open","ping_status":"closed","sticky":false,"template":"","format":"standard","meta":{"footnotes":""},"categories":[7,1],"tags":[],"class_list":["post-212","post","type-post","status-publish","format-standard","hentry","category-politique","category-uncategorized"],"_links":{"self":[{"href":"https:\/\/congokin.blog\/index.php?rest_route=\/wp\/v2\/posts\/212","targetHints":{"allow":["GET"]}}],"collection":[{"href":"https:\/\/congokin.blog\/index.php?rest_route=\/wp\/v2\/posts"}],"about":[{"href":"https:\/\/congokin.blog\/index.php?rest_route=\/wp\/v2\/types\/post"}],"author":[{"embeddable":true,"href":"https:\/\/congokin.blog\/index.php?rest_route=\/wp\/v2\/users\/4"}],"replies":[{"embeddable":true,"href":"https:\/\/congokin.blog\/index.php?rest_route=%2Fwp%2Fv2%2Fcomments&post=212"}],"version-history":[{"count":0,"href":"https:\/\/congokin.blog\/index.php?rest_route=\/wp\/v2\/posts\/212\/revisions"}],"wp:attachment":[{"href":"https:\/\/congokin.blog\/index.php?rest_route=%2Fwp%2Fv2%2Fmedia&parent=212"}],"wp:term":[{"taxonomy":"category","embeddable":true,"href":"https:\/\/congokin.blog\/index.php?rest_route=%2Fwp%2Fv2%2Fcategories&post=212"},{"taxonomy":"post_tag","embeddable":true,"href":"https:\/\/congokin.blog\/index.php?rest_route=%2Fwp%2Fv2%2Ftags&post=212"}],"curies":[{"name":"wp","href":"https:\/\/api.w.org\/{rel}","templated":true}]}}