{"id":222,"date":"2018-04-13T08:58:41","date_gmt":"2018-04-13T08:58:41","guid":{"rendered":"https:\/\/congokin.media\/?p=222"},"modified":"2018-04-13T08:58:41","modified_gmt":"2018-04-13T08:58:41","slug":"rdc-boycott-conference-humanitaire-de-geneve-katumbi-accuse-kabila-de-cynisme-absolu","status":"publish","type":"post","link":"https:\/\/congokin.blog\/?p=222","title":{"rendered":"RDC \u2013 Boycott conf\u00e9rence humanitaire de Gen\u00e8ve : Katumbi accuse Kabila de \u00ab\u00a0cynisme absolu\u00a0\u00bb"},"content":{"rendered":"<div class=\"entry-meta\"><time class=\"entry-date updated\" datetime=\"2018-04-13T08:23:04+00:00\">13 AVRIL 2018<\/time><\/div>\n<h1 class=\"entry-title\">RDC \u2013 Boycott conf\u00e9rence humanitaire de Gen\u00e8ve : Katumbi accuse Kabila de \u00ab\u00a0cynisme absolu\u00a0\u00bb<\/h1>\n<div class=\"byline\"><span class=\"entry-author author vcard\">par\u00a0La r\u00e9daction<\/span><\/div>\n<div class=\"entry-content\">\n<p><img decoding=\"async\" src=\"https:\/\/i0.wp.com\/7sur7.cd\/new\/wp-content\/uploads\/2018\/04\/moise-Katumbii.jpg?resize=510%2C288&amp;ssl=1\" alt=\"RDC \u00e2\u0080\u0093 Boycott conf\u00c3\u00a9rence humanitaire de Gen\u00c3\u00a8ve : Katumbi accuse Kabila de \u00c2\u00ab\u00c2\u00a0cynisme absolu\u00c2\u00a0\u00c2\u00bb\" \/><\/p>\n<p>&nbsp;<\/p>\n<p>D\u2019apr\u00e8s Mo\u00efse Katumbi, \u00a0\u00bb Kabila utilise l\u2019arme de la faim pour maintenir son peuple sous la dictature \u00a0\u00bb.<\/p>\n<p>C\u2019est une attitude criminelle, d\u00e9clare l\u2019ex gouverneur du Katanga dans une d\u00e9claration du 12 avril parvenue \u00e0 la r\u00e9daction de 7SUR7.CD.<\/p>\n<p>Le candidat Ensemble \u00e0 la pr\u00e9sidentielle a eu ses mots durs parce que le gouvernement a refus\u00e9 de participer \u00e0 la conf\u00e9rence sur la crise humanitaire en RDC qui s\u2019ouvre aujourd\u2019hui \u00e0 Gen\u00e8ve \u00e0 l\u2019initiative de l\u2019Onu, l\u2019Union europ\u00e9enne et le Pays- Bas.<\/p>\n<p>Selon Katumbi, boycotter cette conf\u00e9rence qui compte mobiliser 1.3 milliards d\u2019euros en faveur de plus 4 millions de d\u00e9plac\u00e9s internes et 500 mille r\u00e9fugi\u00e9s, rel\u00e8ve du \u00a0\u00bb cynisme absolu\u00a0\u00bb.<\/p>\n<p>\u00bb Cette attitude irresponsable est criminelle. Elle rel\u00e8ve d\u2019un cynisme absolu. Ce r\u00e9gime sacrifie des millions de congolais pour tuer en silence, pour ne pas avoir de comptes \u00e0 rendre \u00e0 ceux qui veulent assister notre population qui souffre\u00a0\u00bb, \u00e9crit-il.<\/p>\n<p>Le pr\u00e9sident du Tout-Puissant Mazembe accus\u00e9e le pr\u00e9sident de la R\u00e9publique de \u00a0\u00bb la plus haute trahison \u00a0\u00bb.<\/p>\n<p>Il encourage cependant les donateurs \u00e0 venir en aide \u00e0 la population malgr\u00e9 le boycott du gouvernement.<\/p>\n<p>Pour rappel, le gouvernement n\u2019a pas dig\u00e9r\u00e9 le fait que la RDC soit class\u00e9e L3 (situation humanitaire correspondant \u00e0 la Syrie, au Y\u00e9men et en Lybie notamment), une description exag\u00e9r\u00e9e de la situation humanitaire en RDC.<br \/>\nPour les autorit\u00e9s congolaises, cette cat\u00e9gorisation est contre-productive pour l\u2019image de marque et l\u2019attractivit\u00e9 de la RDC.<br \/>\nLe gouvernement a estim\u00e9 que cette description humanitaire allait \u00e0 l\u2019encontre de l\u2019int\u00e9r\u00eat majeur de la population.<br \/>\nUne lettre de protestation a m\u00eame \u00e9t\u00e9 adress\u00e9 le 31 mars au secr\u00e9taire g\u00e9n\u00e9ral de l\u2019ONU par le ministre des affaires \u00e9trang\u00e8res.<\/p>\n<\/div>\n<div style=\"text-align:center\" class=\"wps-pgfw-pdf-generate-icon__wrapper-frontend\">\n\t\t<a href=\"https:\/\/congokin.blog?action=genpdf&amp;id=222\" class=\"pgfw-single-pdf-download-button\" ><img src=\"https:\/\/congokin.blog\/wp-content\/plugins\/pdf-generator-for-wp\/admin\/src\/images\/PDF_Tray.svg\" title=\"G\u00e9n\u00e9rer un PDF\" style=\"width:auto; height:45px;\"><\/a>\n\t\t<\/div>","protected":false},"excerpt":{"rendered":"<p>13 AVRIL 2018 RDC \u2013 Boycott conf\u00e9rence humanitaire de Gen\u00e8ve : Katumbi accuse Kabila de \u00ab\u00a0cynisme absolu\u00a0\u00bb par\u00a0La r\u00e9daction &nbsp; D\u2019apr\u00e8s Mo\u00efse Katumbi, \u00a0\u00bb Kabila utilise l\u2019arme de la faim pour maintenir son peuple sous la dictature \u00a0\u00bb. C\u2019est une attitude criminelle, d\u00e9clare l\u2019ex gouverneur du Katanga dans une d\u00e9claration du 12 avril parvenue \u00e0 [&hellip;]<\/p>\n","protected":false},"author":4,"featured_media":0,"comment_status":"open","ping_status":"closed","sticky":false,"template":"","format":"standard","meta":{"footnotes":""},"categories":[1],"tags":[],"class_list":["post-222","post","type-post","status-publish","format-standard","hentry","category-uncategorized"],"_links":{"self":[{"href":"https:\/\/congokin.blog\/index.php?rest_route=\/wp\/v2\/posts\/222","targetHints":{"allow":["GET"]}}],"collection":[{"href":"https:\/\/congokin.blog\/index.php?rest_route=\/wp\/v2\/posts"}],"about":[{"href":"https:\/\/congokin.blog\/index.php?rest_route=\/wp\/v2\/types\/post"}],"author":[{"embeddable":true,"href":"https:\/\/congokin.blog\/index.php?rest_route=\/wp\/v2\/users\/4"}],"replies":[{"embeddable":true,"href":"https:\/\/congokin.blog\/index.php?rest_route=%2Fwp%2Fv2%2Fcomments&post=222"}],"version-history":[{"count":0,"href":"https:\/\/congokin.blog\/index.php?rest_route=\/wp\/v2\/posts\/222\/revisions"}],"wp:attachment":[{"href":"https:\/\/congokin.blog\/index.php?rest_route=%2Fwp%2Fv2%2Fmedia&parent=222"}],"wp:term":[{"taxonomy":"category","embeddable":true,"href":"https:\/\/congokin.blog\/index.php?rest_route=%2Fwp%2Fv2%2Fcategories&post=222"},{"taxonomy":"post_tag","embeddable":true,"href":"https:\/\/congokin.blog\/index.php?rest_route=%2Fwp%2Fv2%2Ftags&post=222"}],"curies":[{"name":"wp","href":"https:\/\/api.w.org\/{rel}","templated":true}]}}