{"id":2245,"date":"2018-08-15T23:09:41","date_gmt":"2018-08-15T23:09:41","guid":{"rendered":"https:\/\/congokin.media\/?p=2245"},"modified":"2018-08-15T23:09:41","modified_gmt":"2018-08-15T23:09:41","slug":"tribalisme-felix-tshisekedi-et-muzito-font-alliance-contre-la-pieuvre-de-lest","status":"publish","type":"post","link":"https:\/\/congokin.blog\/?p=2245","title":{"rendered":"Tribalisme: Felix Tshisekedi   et Muzito font alliance  contre \u00ab\u00a0la pieuvre de l&rsquo;Est\u00a0\u00bb!"},"content":{"rendered":"<p align=\"center\"><b><i><span lang=\"FR-CA\">KUDURA KASONGO MUANA-LUABA\u00a0<\/span><\/i><\/b><b><i><span lang=\"FR-CA\">d\u00e9nonce\u00a0:\u00a0<\/span><\/i><\/b><b><i><span lang=\"FR-CA\">\u00ab\u00a0<\/span><\/i><\/b><b><i><span lang=\"FR-CA\">C&rsquo;est quoi \u00e7a la pieuvre de l&rsquo; Est !\u00bb<\/span><\/i><\/b><b><i><span lang=\"FR-CA\">\u00a0\u2026 et accuse F\u00e9lix Tshisekedi et Adolphe Muzito<\/span><\/i><\/b><\/p>\n<p><b><i><span lang=\"FR-CA\">\u00a0<\/span><\/i><\/b><\/p>\n<p><b><i><span lang=\"FR-CA\">Le droit de s&rsquo;exprimer&#8230;.la libert\u00e9 de pens\u00e9e; RDC: la haine tribale ! Me tromp\u00e9- je ? J&rsquo;accuse F\u00e9lix \u00a0et Adolphe ! C&rsquo;est quoi \u00e7a la pieuvre de l&rsquo;Est ! Expliquez-vous tout de suite.<\/span><\/i><\/b><\/p>\n<p><b><i><span lang=\"FR-CA\">Le Congo a beaucoup de probl\u00e8mes n&rsquo;en rajoutez pas je vous en prie. Inacceptable le concept \u00a0\u00bb pieuvre de l&rsquo;Est\u00a0\u00bb autour duquel mon fr\u00e8re le Pr\u00e9sident F\u00e9lix Tshilombo et mon ami le premier ministre Adolphe Muzito se regroupent selon RFI capt\u00e9 \u00e0 Kinshasa \u00e0 6 heures ! Comment est ce possible d&rsquo;entendre de concept s\u00e9paratiste contre lequel\u00a0<\/span><\/i><\/b><b><i><span lang=\"FR-CA\">Antoine Gizenga mentor d&rsquo;Adolphe a lutt\u00e9 longtemps \u00e0 Kisangani ville de l&rsquo;Est avec Mandungu Bula Nyati ressortissant de Bandundu<\/span><\/i><\/b><b><i><span lang=\"FR-CA\">, un Nationaliste hors pair ?<\/span><\/i><\/b><\/p>\n<p><b><i><span lang=\"FR-CA\">Tshisekedi le p\u00e8re de F\u00e9lix porta longtemps le flambeau incandescent de grandeur du Congo Uni\u2026 Je ne pouvais pas m&rsquo;imaginer un seul instant entendre ce concept haineux attribu\u00e9 aux Candidats Candidat Pr\u00e9sident de la R\u00e9publique. Ce qui nous diff\u00e9rencie ne peut \u00eatre que la tonalit\u00e9 de la vision, la pluralit\u00e9 des opinions, la diversit\u00e9 des id\u00e9es qui toutes ayant pour Pierre angulaire la grandeur et la magnificence de la R\u00e9publique alma mater.<\/span><\/i><\/b><\/p>\n<p><b><i><span lang=\"FR-CA\">L&rsquo;Est, l&rsquo;Ouest ne sont que de points cardinaux ! Ils ne sont ni vices ordinaux ni vertus cardinales.\u00a0<\/span><\/i><\/b><b><i><span lang=\"FR-CA\">Tshisekedi\u00a0<\/span><\/i><\/b><b><i><span lang=\"FR-CA\">\u00e9lu en 2011, s&rsquo;est fait d\u00e9rober sa victoire \u00e0 lui accord\u00e9e par tous les enfants de la R\u00e9publique.\u00a0<\/span><\/i><\/b><b><i><span lang=\"FR-CA\">Mo\u00efse\u00a0<\/span><\/i><\/b><b><i><span lang=\"FR-CA\">est soutenu par les enfants de tout le Congo, est soutenu par les compatriotes de Bandundu, du Kasai formant l&rsquo;ouest et le centre. Est combattu aussi par des compatriotes de provinces du Katanga, du Kivu formant l&rsquo;Est. Kabila Joseph est combattu par les leaders du Kivu, du Katanga et par une femme de Basoko originaires de l&rsquo;Est !<\/span><\/i><\/b><\/p>\n<p><b><i><span lang=\"FR-CA\">Ratissez large\u2026 ayez de bonnes id\u00e9es et vous gagnerez. \u00c9vitez de donner le sentiment qu&rsquo;est idiot tout celui qui ne soutient pas son identit\u00e9 qu&rsquo;incarne un candidat bien loin des id\u00e9aux r\u00e9publicains.<\/span><\/i><\/b><\/p>\n<p><b><i><span lang=\"FR-CA\">Libre penseur Homme libre&#8230;Penseur Libre<\/span><\/i><\/b><\/p>\n<p><b><i><span lang=\"FR-CA\">Affranchi &#8211; Ind\u00e9pendant\u00a0<\/span><\/i><\/b><\/p>\n<p><b><i><span lang=\"FR-CA\">Courant de pens\u00e9e: Nationaliste Souverainet\u00e9<\/span><\/i><\/b><\/p>\n<p><b><i>Kudura<\/i><\/b><\/p>\n<p class=\"m_1956833771031669818ydp3dabe38dyiv2074666465ydp9cc90b0dyiv4989579025m_-2353938962824129744m_-3522798511503062047ydpc1756cf4yiv8131243245m_-6388795184973280513ydp1c248951MsoNormal\" align=\"center\"><b><span lang=\"FR-CA\">Ele<\/span><\/b><\/p>\n<div style=\"text-align:center\" class=\"wps-pgfw-pdf-generate-icon__wrapper-frontend\">\n\t\t<a href=\"https:\/\/congokin.blog?action=genpdf&amp;id=2245\" class=\"pgfw-single-pdf-download-button\" ><img src=\"https:\/\/congokin.blog\/wp-content\/plugins\/pdf-generator-for-wp\/admin\/src\/images\/PDF_Tray.svg\" title=\"G\u00e9n\u00e9rer un PDF\" style=\"width:auto; height:45px;\"><\/a>\n\t\t<\/div>","protected":false},"excerpt":{"rendered":"<p>KUDURA KASONGO MUANA-LUABA\u00a0d\u00e9nonce\u00a0:\u00a0\u00ab\u00a0C&rsquo;est quoi \u00e7a la pieuvre de l&rsquo; Est !\u00bb\u00a0\u2026 et accuse F\u00e9lix Tshisekedi et Adolphe Muzito \u00a0 Le droit de s&rsquo;exprimer&#8230;.la libert\u00e9 de pens\u00e9e; RDC: la haine tribale ! Me tromp\u00e9- je ? J&rsquo;accuse F\u00e9lix \u00a0et Adolphe ! C&rsquo;est quoi \u00e7a la pieuvre de l&rsquo;Est ! Expliquez-vous tout de suite. Le Congo a [&hellip;]<\/p>\n","protected":false},"author":4,"featured_media":0,"comment_status":"open","ping_status":"closed","sticky":false,"template":"","format":"standard","meta":{"footnotes":""},"categories":[7,8,1],"tags":[],"class_list":["post-2245","post","type-post","status-publish","format-standard","hentry","category-politique","category-societe","category-uncategorized"],"_links":{"self":[{"href":"https:\/\/congokin.blog\/index.php?rest_route=\/wp\/v2\/posts\/2245","targetHints":{"allow":["GET"]}}],"collection":[{"href":"https:\/\/congokin.blog\/index.php?rest_route=\/wp\/v2\/posts"}],"about":[{"href":"https:\/\/congokin.blog\/index.php?rest_route=\/wp\/v2\/types\/post"}],"author":[{"embeddable":true,"href":"https:\/\/congokin.blog\/index.php?rest_route=\/wp\/v2\/users\/4"}],"replies":[{"embeddable":true,"href":"https:\/\/congokin.blog\/index.php?rest_route=%2Fwp%2Fv2%2Fcomments&post=2245"}],"version-history":[{"count":0,"href":"https:\/\/congokin.blog\/index.php?rest_route=\/wp\/v2\/posts\/2245\/revisions"}],"wp:attachment":[{"href":"https:\/\/congokin.blog\/index.php?rest_route=%2Fwp%2Fv2%2Fmedia&parent=2245"}],"wp:term":[{"taxonomy":"category","embeddable":true,"href":"https:\/\/congokin.blog\/index.php?rest_route=%2Fwp%2Fv2%2Fcategories&post=2245"},{"taxonomy":"post_tag","embeddable":true,"href":"https:\/\/congokin.blog\/index.php?rest_route=%2Fwp%2Fv2%2Ftags&post=2245"}],"curies":[{"name":"wp","href":"https:\/\/api.w.org\/{rel}","templated":true}]}}