{"id":226,"date":"2018-04-13T09:06:49","date_gmt":"2018-04-13T09:06:49","guid":{"rendered":"https:\/\/congokin.media\/?p=226"},"modified":"2018-04-13T09:06:49","modified_gmt":"2018-04-13T09:06:49","slug":"la-belgique-reste-aux-cotes-de-la-population-congolaise-de-croo","status":"publish","type":"post","link":"https:\/\/congokin.blog\/?p=226","title":{"rendered":"La Belgique reste \u00ab\u00a0aux c\u00f4t\u00e9s de la population congolaise\u00a0\u00bb (De Croo)"},"content":{"rendered":"<h1 class=\"jeg_post_title\"><strong>La Belgique reste \u00ab\u00a0aux c\u00f4t\u00e9s de la population congolaise\u00a0\u00bb (De Croo)<\/strong><\/h1>\n<h2 class=\"jeg_post_subtitle\">La Belgique confirme sa participation\u00a0\u00e0 la premi\u00e8re conf\u00e9rence internationale des donateurs pour la R\u00e9publique d\u00e9mocratique du Congo qui se tient ce vendredi \u00e0 Gen\u00e8ve, tout en affirmant continuer \u00e0 supporter la population congolaise.<\/h2>\n<div class=\"jeg_meta_container\">\n<div class=\"jeg_post_meta jeg_post_meta_2\">\n<div class=\"jeg_meta_date\">AVRIL 13, 2018<\/div>\n<div><img decoding=\"async\" src=\"https:\/\/i0.wp.com\/www.politico.cd\/wp-content\/uploads\/2017\/09\/Alexander-De-Croo..jpeg?resize=1140%2C570\" alt=\"L\u00e2\u0080\u0099absence d\u00e2\u0080\u0099\u00c3\u00a9lections cr\u00c3\u00a9dibles contribue au climat de violence et d\u00e2\u0080\u0099impunit\u00c3\u00a9 en RDC (Belgique)\" \/><\/div>\n<div>\n<p>Le ministre congolais Lambert Mende, porte-parole du gouvernement a refus\u00e9 de r\u00e9agir aux affirmations du ministre belge. \u00ab\u00a0<em>Nous pr\u00e9f\u00e9rons ne pas r\u00e9agir \u00e0 des tels propos qui ne sont pas dignes du niveau de responsabilit\u00e9 de notre ami\u00a0\u00bb<\/em><\/p>\n<p>Le gouvernement de la R\u00e9publique d\u00e9mocratique du Congo refuse toujours de participer \u00e0 la\u00a0conf\u00e9rence des donateurs sur la crise humanitaire qui s\u2019ouvre aujourd\u2019hui \u00e0 Gen\u00e8ve. Kinshasa qui affirme qu\u2019il n\u2019a pas \u00e9t\u00e9 associ\u00e9 \u00e0 l\u2019organisation de cette conf\u00e9rence, rejetant sp\u00e9cifiquement la quote-part d\u2019aide humanitaire qui provient de la Belgique, en conflit ouvert avec le gouvernement.<\/p>\n<p>Le ministre belge de la Coop\u00e9ration au d\u00e9veloppement, Alexander De Croo, confirme cependant la participation de son pays \u00e0 cette conf\u00e9rence. \u00ab\u00a0C<em>ette conf\u00e9rence humanitaire n\u2019a qu\u2019un seul but, on essaie d\u2019aider la population congolaise le plus possible. Naturellement le fait que le gouvernement congolais a d\u00e9cid\u00e9 de ne pas y participer est clairement un mauvais signal, mais nous resterons aux c\u00f4t\u00e9s de la population congolaise qui est dans une situation tr\u00e8s, tr\u00e8s p\u00e9nible. Et nous continuerons \u00e0 les supporter\u00a0\u00bb,\u00a0<\/em>dit-il jeudi, cit\u00e9 par BELGA.<\/p>\n<p>Pour lui, la Belgique joue un r\u00f4le tr\u00e8s important en RDC.<em>\u00a0\u00ab\u00a0L\u2019ann\u00e9e pass\u00e9e, nous avons d\u00e9bours\u00e9 17 millions d\u2019euros, nous \u00e9tions, en chiffres absolus, le quatri\u00e8me pays donateur au Congo. Et l\u2019ann\u00e9e prochaine nous ferons plus que 25 millions d\u2019euros. Ce qui est vraiment n\u00e9cessaire aujourd\u2019hui, puisque \u00e0 peine 55\u00a0% des besoins humanitaires sont financ\u00e9s. On essaie d\u2019aider des gens, on ne fait pas de la politique. Mais naturellement, les raisons de la crise humanitaire c\u2019est l\u2019ins\u00e9curit\u00e9, c\u2019est la violence. Naturellement si la situation politique au Congo se stabilisait, on n\u2019aurait pas autant de besoins humanitaires\u00a0\u00bb.<\/em><\/p>\n<h2><strong>Kinshasa ne veut pas de l\u2019argent belge<\/strong><\/h2>\n<p class=\" tm_nativeauto\">Selon Jeune Afrique, l\u2019ancienne puissance coloniale a d\u00e9j\u00e0 d\u00e9bloqu\u00e9 plus de 11,6 millions de dollars sur les 18 millions promis \u00e0 ce jour.\u00a0 Une situation que d\u00e9nonce le chef de la diplomatie congolaise. \u00ab\u00a0<em>Les ONG qui recevront cet argent ne seront pas autoris\u00e9es \u00e0 travailler dans notre pays<\/em>\u00a0\u00bb, lance L\u00e9onard She Okitundu, cit\u00e9 par Jeune Afrique. \u00ab\u00a0<em>La Belgique a d\u00e9cid\u00e9 de rompre de mani\u00e8re unilat\u00e9rale sa coop\u00e9ration bilat\u00e9rale avec nous, nous devons aller au bout de cette logique\u00a0<\/em>\u00bb, poursuit-il.<\/p>\n<p>Les relations entre Kabila et Bruxelles sont tr\u00e8s tendues. En novembre dernier, aucun officiel du gouvernement congolais n\u2019a daign\u00e9 se d\u00e9placer pour assister \u00e0 l\u2019inauguration de la nouvelle Ambassade \u00e0 Kinshasa. Des partisans du gouvernement ont en outre manifest\u00e9 contre le Chef de la diplomatie belge Didier Rendyers, lui demandant de restituer la d\u00e9pouille du h\u00e9ros congolais de la lutte pour l\u2019ind\u00e9pendance, Patrice Lumumba.<\/p>\n<p>En octobre, le vice-Premier ministre belge, Alexander De Croo, a laiss\u00e9 entendre, dans une interview au m\u00e9dia belge n\u00e9erlandophone MO.be que la R\u00e9publique d\u00e9mocratique du Congo n\u2019\u00e9tait \u00ab\u00a0<em>pas un \u00c9tat, mais un syst\u00e8me d\u2019enrichissement\u00a0personnel<\/em><\/p>\n<\/div>\n<\/div>\n<\/div>\n<p>&nbsp;<\/p>\n<div style=\"text-align:center\" class=\"wps-pgfw-pdf-generate-icon__wrapper-frontend\">\n\t\t<a href=\"https:\/\/congokin.blog?action=genpdf&amp;id=226\" class=\"pgfw-single-pdf-download-button\" ><img src=\"https:\/\/congokin.blog\/wp-content\/plugins\/pdf-generator-for-wp\/admin\/src\/images\/PDF_Tray.svg\" title=\"G\u00e9n\u00e9rer un PDF\" style=\"width:auto; height:45px;\"><\/a>\n\t\t<\/div>","protected":false},"excerpt":{"rendered":"<p>La Belgique reste \u00ab\u00a0aux c\u00f4t\u00e9s de la population congolaise\u00a0\u00bb (De Croo) La Belgique confirme sa participation\u00a0\u00e0 la premi\u00e8re conf\u00e9rence internationale des donateurs pour la R\u00e9publique d\u00e9mocratique du Congo qui se tient ce vendredi \u00e0 Gen\u00e8ve, tout en affirmant continuer \u00e0 supporter la population congolaise. AVRIL 13, 2018 Le ministre congolais Lambert Mende, porte-parole du gouvernement [&hellip;]<\/p>\n","protected":false},"author":4,"featured_media":0,"comment_status":"open","ping_status":"closed","sticky":false,"template":"","format":"standard","meta":{"footnotes":""},"categories":[7,1],"tags":[],"class_list":["post-226","post","type-post","status-publish","format-standard","hentry","category-politique","category-uncategorized"],"_links":{"self":[{"href":"https:\/\/congokin.blog\/index.php?rest_route=\/wp\/v2\/posts\/226","targetHints":{"allow":["GET"]}}],"collection":[{"href":"https:\/\/congokin.blog\/index.php?rest_route=\/wp\/v2\/posts"}],"about":[{"href":"https:\/\/congokin.blog\/index.php?rest_route=\/wp\/v2\/types\/post"}],"author":[{"embeddable":true,"href":"https:\/\/congokin.blog\/index.php?rest_route=\/wp\/v2\/users\/4"}],"replies":[{"embeddable":true,"href":"https:\/\/congokin.blog\/index.php?rest_route=%2Fwp%2Fv2%2Fcomments&post=226"}],"version-history":[{"count":0,"href":"https:\/\/congokin.blog\/index.php?rest_route=\/wp\/v2\/posts\/226\/revisions"}],"wp:attachment":[{"href":"https:\/\/congokin.blog\/index.php?rest_route=%2Fwp%2Fv2%2Fmedia&parent=226"}],"wp:term":[{"taxonomy":"category","embeddable":true,"href":"https:\/\/congokin.blog\/index.php?rest_route=%2Fwp%2Fv2%2Fcategories&post=226"},{"taxonomy":"post_tag","embeddable":true,"href":"https:\/\/congokin.blog\/index.php?rest_route=%2Fwp%2Fv2%2Ftags&post=226"}],"curies":[{"name":"wp","href":"https:\/\/api.w.org\/{rel}","templated":true}]}}