{"id":230,"date":"2018-04-13T09:11:34","date_gmt":"2018-04-13T09:11:34","guid":{"rendered":"https:\/\/congokin.media\/?p=230"},"modified":"2018-04-13T09:11:34","modified_gmt":"2018-04-13T09:11:34","slug":"katumbi-denonce-le-refus-de-la-rdc-a-participer-a-la-conference-de-geneve","status":"publish","type":"post","link":"https:\/\/congokin.blog\/?p=230","title":{"rendered":"Katumbi d\u00e9nonce le refus de la RDC \u00e0 participer \u00e0 la conf\u00e9rence de Gen\u00e8ve"},"content":{"rendered":"<h1 class=\"jeg_post_title\"><strong>Katumbi d\u00e9nonce le refus de la RDC \u00e0 participer \u00e0 la conf\u00e9rence de Gen\u00e8ve<\/strong><\/h1>\n<h2 class=\"jeg_post_subtitle\">La premi\u00e8re conf\u00e9rence internationale des donateurs pour la R\u00e9publique d\u00e9mocratique du Congo se tient ce vendredi \u00e0 Gen\u00e8ve avec comme objectif de mobiliser 1,37 milliard d&rsquo;euros pour r\u00e9pondre \u00e0 la crise humanitaire au pays. Le gouvernement congolais refuse cependant d&rsquo;y prendre part.<\/h2>\n<div class=\"jeg_meta_container\">\n<div class=\"jeg_post_meta jeg_post_meta_2\">\n<div class=\"jeg_meta_date\"><a href=\"http:\/\/www.politico.cd\/actualite\/la-une\/2018\/04\/13\/katumbi-denonce-refus-de-rdc-a-participer-a-conference-de-geneve.html\">AVRIL 13, 2018<\/a><\/div>\n<\/div>\n<\/div>\n<p><img decoding=\"async\" src=\"https:\/\/i0.wp.com\/www.politico.cd\/wp-content\/uploads\/2016\/08\/moise-katumbi-court.jpg?resize=1140%2C570\" alt=\"Ville morte: Mo\u00c3\u00afse Katumbi \u00c2\u00ab\u00c2\u00a0appelle les congolais \u00c3\u00a0 dire NON au glissement\u00c2\u00a0\u00c2\u00bb\" \/><\/p>\n<p>Le gouvernement de la R\u00e9publique d\u00e9mocratique du Congo refuse toujours de participer \u00e0 la\u00a0conf\u00e9rence des donateurs sur la crise humanitaire qui doit se tenir le 13\u00a0avril \u00e0 Gen\u00e8ve. Dans une intervention \u00e0 Jeune Afrique, le ministre congolais des Affaires \u00e9trang\u00e8res va jusqu\u2019\u00e0 menacer les ONG qui accepteront de recevoir les fonds issus de cette rencontre.<\/p>\n<p>Pour l\u2019opposant Mo\u00efse Katumbi, l\u2019attitude du gouvernement congolais est \u00ab\u00a0<b>irresponsable est criminelle\u00a0\u00bb.\u00a0<\/b>\u00ab\u00a0<em>Elle rel\u00e8ve d\u2019un cynisme absolu. Ce r\u00e9gime sacrifie des millions de Congolais pour tuer en silence, pour ne pas avoir de comptes \u00e0 rendre \u00e0 ceux qui veulent assister notre population qui souffre<\/em>\u00ab\u00a0, d\u00e9nonce-t-il dans un communiqu\u00e9 publi\u00e9 jeudi soir et consult\u00e9 par POLITICO.CD.<\/p>\n<p>A ce jour, affirme Katumbi, pr\u00e8s de 500 000 Congolais victimes de la guerre et des violences ont d\u00e9j\u00e0 trouv\u00e9 refuge dans les pays voisins, 4,1 millions de personnes sont d\u00e9plac\u00e9es internes et pr\u00e8s de deux millions d\u2019enfants souffrent de malnutrition aigu\u00eb. \u00ab\u00a0<em>Plus de 120 groupes arm\u00e9s ont \u00e9lu domicile dans notre pays et rendent tr\u00e8s difficile l\u2019acc\u00e8s de l\u2019aide humanitaire dans les zones sous leur contr\u00f4le. La plupart d\u2019entre eux sont financ\u00e9s, \u00e9quip\u00e9s, encadr\u00e9s par le r\u00e9gime de Joseph Kabila qui cherche \u00e0 cr\u00e9er les conditions du chaos pour repousser ind\u00e9finiment la tenue des \u00e9lections qui marqueront son d\u00e9part du pouvoir<\/em>\u00ab\u00a0, fait-il remarquer.<\/p>\n<div class=\"jeg_ad jeg_ad_article jnews_content_inline_ads\"><\/div>\n<p class=\" tm_nativeauto\">Kinshasa avait d\u2019abord d\u00e9nonc\u00e9 la classification de la crise en cat\u00e9gorie L3, soit la m\u00eame qu\u2019en Syrie ou au Yemen. Toutefois, m\u00eame apr\u00e8s la lev\u00e9e de cette classification par l\u2019ONU, le gouvernement n\u2019a toujours pas voulu prendre part \u00e0 cette conf\u00e9rence.<\/p>\n<p>L\u2019opposant congolais qui a annonc\u00e9 sa candidature \u00e0 la prochaine Pr\u00e9sidentielle affirme d\u00e9noncer avec la derni\u00e8re \u00e9nergie cette attitude qu\u2019il juge criminelle. \u00ab\u00a0Kabila utilise l\u2019arme de la faim pour maintenir son peuple sous la dictature\u00a0\u00bb, accuse-t-il.<\/p>\n<p>\u00ab\u00a0<em>Pour paraphraser le Cardinal Monsengwo, \u00ab on ne peut refuser une aide quand on a les mains vides ! \u00bb. Et si on la refuse \u00e0 des millions d\u2019innocents, il s\u2019agit de la plus haute trahison face au devoir de tout \u00eatre humain, celui de porter assistance \u00e0 son prochain et de respecter son droit le plus sacr\u00e9, celui de la vie !<\/em>\u00a0\u00bb dit-il.<\/p>\n<p>Le leader de la plateforme ENSEMBLE appelle\u00a0les pays donateurs \u00ab\u00a0<em>ainsi que toute la communaut\u00e9 des humanitaires qui travaillent avec courage, parfois au risque de leur vie, \u00e0 venir en aide \u00e0 une population d\u00e9lib\u00e9r\u00e9ment rendue vuln\u00e9rable par une poign\u00e9e de dirigeants.<\/em>\u00ab<\/p>\n<p>&nbsp;<\/p>\n<div style=\"text-align:center\" class=\"wps-pgfw-pdf-generate-icon__wrapper-frontend\">\n\t\t<a href=\"https:\/\/congokin.blog?action=genpdf&amp;id=230\" class=\"pgfw-single-pdf-download-button\" ><img src=\"https:\/\/congokin.blog\/wp-content\/plugins\/pdf-generator-for-wp\/admin\/src\/images\/PDF_Tray.svg\" title=\"G\u00e9n\u00e9rer un PDF\" style=\"width:auto; height:45px;\"><\/a>\n\t\t<\/div>","protected":false},"excerpt":{"rendered":"<p>Katumbi d\u00e9nonce le refus de la RDC \u00e0 participer \u00e0 la conf\u00e9rence de Gen\u00e8ve La premi\u00e8re conf\u00e9rence internationale des donateurs pour la R\u00e9publique d\u00e9mocratique du Congo se tient ce vendredi \u00e0 Gen\u00e8ve avec comme objectif de mobiliser 1,37 milliard d&rsquo;euros pour r\u00e9pondre \u00e0 la crise humanitaire au pays. Le gouvernement congolais refuse cependant d&rsquo;y prendre [&hellip;]<\/p>\n","protected":false},"author":4,"featured_media":0,"comment_status":"open","ping_status":"closed","sticky":false,"template":"","format":"standard","meta":{"footnotes":""},"categories":[1],"tags":[],"class_list":["post-230","post","type-post","status-publish","format-standard","hentry","category-uncategorized"],"_links":{"self":[{"href":"https:\/\/congokin.blog\/index.php?rest_route=\/wp\/v2\/posts\/230","targetHints":{"allow":["GET"]}}],"collection":[{"href":"https:\/\/congokin.blog\/index.php?rest_route=\/wp\/v2\/posts"}],"about":[{"href":"https:\/\/congokin.blog\/index.php?rest_route=\/wp\/v2\/types\/post"}],"author":[{"embeddable":true,"href":"https:\/\/congokin.blog\/index.php?rest_route=\/wp\/v2\/users\/4"}],"replies":[{"embeddable":true,"href":"https:\/\/congokin.blog\/index.php?rest_route=%2Fwp%2Fv2%2Fcomments&post=230"}],"version-history":[{"count":0,"href":"https:\/\/congokin.blog\/index.php?rest_route=\/wp\/v2\/posts\/230\/revisions"}],"wp:attachment":[{"href":"https:\/\/congokin.blog\/index.php?rest_route=%2Fwp%2Fv2%2Fmedia&parent=230"}],"wp:term":[{"taxonomy":"category","embeddable":true,"href":"https:\/\/congokin.blog\/index.php?rest_route=%2Fwp%2Fv2%2Fcategories&post=230"},{"taxonomy":"post_tag","embeddable":true,"href":"https:\/\/congokin.blog\/index.php?rest_route=%2Fwp%2Fv2%2Ftags&post=230"}],"curies":[{"name":"wp","href":"https:\/\/api.w.org\/{rel}","templated":true}]}}