{"id":252,"date":"2018-04-15T06:31:53","date_gmt":"2018-04-15T06:31:53","guid":{"rendered":"https:\/\/congokin.media\/?p=252"},"modified":"2018-04-15T06:31:53","modified_gmt":"2018-04-15T06:31:53","slug":"la-belgique-appelle-les-dirigeants-congolais-a-prendre-au-serieux-la-crise-humanitaire-en-rdc","status":"publish","type":"post","link":"https:\/\/congokin.blog\/?p=252","title":{"rendered":"La Belgique appelle les dirigeants congolais \u00e0 prendre au s\u00e9rieux la crise humanitaire en RDC"},"content":{"rendered":"<header class=\"entry-header\">\n<h1 class=\"entry-title\">La Belgique appelle les dirigeants congolais \u00e0 prendre au s\u00e9rieux la crise humanitaire en RDC<\/h1>\n<p class=\"entry-meta\"><time class=\"entry-time\" datetime=\"2018-04-14T14:31:10+00:00\"><span class=\"label\">Date<\/span><span class=\"date-display\">14 avril 2018<\/span><\/time><\/p>\n<\/header>\n<div class=\"entry-media\"><a class=\"radium-modal-image\" href=\"https:\/\/actualite.cd\/wp-content\/uploads\/2016\/12\/belgique.jpg\"><img loading=\"lazy\" decoding=\"async\" src=\"https:\/\/actualite.cd\/wp-content\/uploads\/2016\/12\/belgique-225x102.jpg\" srcset=\"https:\/\/actualite.cd\/wp-content\/uploads\/2016\/12\/belgique-225x102.jpg\" alt=\"\" width=\"985\" height=\"450\" \/><\/a><\/div>\n<div class=\"entry-content\">\n<p><b><i>A Gen\u00e8ve, la Belgique a annonc\u00e9 qu\u2019elle va mobiliser 25 millions d\u2019euros pour l\u2019aide humanitaire \u00e0 la RDC. Le vice-Premier ministre et ministre belge de la Coop\u00e9ration au D\u00e9veloppement, Alexander De Croo en a profit\u00e9 pour en appeler \u00e0 plus de responsabilit\u00e9 de la part de dirigeants congolais.<\/i><\/b><\/p>\n<p>Alexander De Croo a appel\u00e9 les dirigeants congolais \u00e0 ne pas n\u00e9gliger la crise humanitaire qui s\u00e9vit dans le pays.<\/p>\n<p><i>\u00ab L\u2019absence de la RDC \u00e0 cette conf\u00e9rence est \u00e0 la fois regrettable et incompr\u00e9hensible. Pour mettre fin \u00e0 la souffrance humaine, il faut que les leaders congolais prennent cette crise humanitaire au s\u00e9rieux. Voil\u00e0 pourquoi nous exhortons le gouvernement congolais \u00e0 revoir sa position face \u00e0 la crise humanitaire pour que nous puissions la r\u00e9soudre ensemble. Pour mettre fin \u00e0 cette crise humanitaire, il faut \u00e9teindre le conflit et traiter les probl\u00e8mes structurels, tels que la pauvret\u00e9 et le sous-d\u00e9veloppement \u00bb,<\/i>\u00a0a-t-il dit le 13 avril dernier \u00e0 premi\u00e8re conf\u00e9rence internationale des donateurs sur la RDC.<\/p>\n<p>Il a \u00e9galement insist\u00e9 sur le respect du calendrier \u00e9lectoral.<\/p>\n<p><i>\u00ab Pour permettre la paix, la s\u00e9curit\u00e9 et le d\u00e9veloppement, il faut qu\u2019il y ait des institutions fonctionnelles et transparentes, et que soient organis\u00e9es des \u00e9lections cr\u00e9dibles et inclusives. La Belgique est pr\u00eate \u00e0 investir dans le d\u00e9veloppement social et \u00e9conomique de la RDC, \u00e0 soutenir l\u2019organisation d\u2019\u00e9lections cr\u00e9dibles \u2013 \u00e0 la fois sur le plan politique et financier \u2013 et \u00e0 poursuivre son dialogue avec le gouvernement congolais \u00bb,<\/i>\u00a0a-t-il ajout\u00e9.<\/p>\n<p>Alexander De Croo a \u00e9galement appel\u00e9 la communaut\u00e9 internationale \u00e0 plus de solidarit\u00e9 concernant la crise congolaise.<\/p>\n<p><i>\u00ab Le respect des principes humanitaires n\u2019est que le minimum requis. D\u2019urgence, nous avons besoin de moyens humanitaires. L\u2019an dernier, 58% seulement du Plan de R\u00e9ponse humanitaire a \u00e9t\u00e9 r\u00e9alis\u00e9, soit l\u2019avant-dernier taux de r\u00e9alisation le plus faible en dix ans. C\u2019est un probl\u00e8me pour la communaut\u00e9 internationale et cela entache notre responsabilit\u00e9 collective. Et pour 2018, face au doublement des besoins de financements, les perspectives sont encore plus sombres \u00bb,\u00a0<\/i>a-t-il d\u00e9clar\u00e9.<\/p>\n<p>Cette conf\u00e9rence a permis de mobiliser 528 millions de dollars am\u00e9ricains.<\/p>\n<\/div>\n<div style=\"text-align:center\" class=\"wps-pgfw-pdf-generate-icon__wrapper-frontend\">\n\t\t<a href=\"https:\/\/congokin.blog?action=genpdf&amp;id=252\" class=\"pgfw-single-pdf-download-button\" ><img src=\"https:\/\/congokin.blog\/wp-content\/plugins\/pdf-generator-for-wp\/admin\/src\/images\/PDF_Tray.svg\" title=\"G\u00e9n\u00e9rer un PDF\" style=\"width:auto; height:45px;\"><\/a>\n\t\t<\/div>","protected":false},"excerpt":{"rendered":"<p>La Belgique appelle les dirigeants congolais \u00e0 prendre au s\u00e9rieux la crise humanitaire en RDC Date14 avril 2018 A Gen\u00e8ve, la Belgique a annonc\u00e9 qu\u2019elle va mobiliser 25 millions d\u2019euros pour l\u2019aide humanitaire \u00e0 la RDC. Le vice-Premier ministre et ministre belge de la Coop\u00e9ration au D\u00e9veloppement, Alexander De Croo en a profit\u00e9 pour en [&hellip;]<\/p>\n","protected":false},"author":4,"featured_media":0,"comment_status":"open","ping_status":"closed","sticky":false,"template":"","format":"standard","meta":{"footnotes":""},"categories":[7,1],"tags":[],"class_list":["post-252","post","type-post","status-publish","format-standard","hentry","category-politique","category-uncategorized"],"_links":{"self":[{"href":"https:\/\/congokin.blog\/index.php?rest_route=\/wp\/v2\/posts\/252","targetHints":{"allow":["GET"]}}],"collection":[{"href":"https:\/\/congokin.blog\/index.php?rest_route=\/wp\/v2\/posts"}],"about":[{"href":"https:\/\/congokin.blog\/index.php?rest_route=\/wp\/v2\/types\/post"}],"author":[{"embeddable":true,"href":"https:\/\/congokin.blog\/index.php?rest_route=\/wp\/v2\/users\/4"}],"replies":[{"embeddable":true,"href":"https:\/\/congokin.blog\/index.php?rest_route=%2Fwp%2Fv2%2Fcomments&post=252"}],"version-history":[{"count":0,"href":"https:\/\/congokin.blog\/index.php?rest_route=\/wp\/v2\/posts\/252\/revisions"}],"wp:attachment":[{"href":"https:\/\/congokin.blog\/index.php?rest_route=%2Fwp%2Fv2%2Fmedia&parent=252"}],"wp:term":[{"taxonomy":"category","embeddable":true,"href":"https:\/\/congokin.blog\/index.php?rest_route=%2Fwp%2Fv2%2Fcategories&post=252"},{"taxonomy":"post_tag","embeddable":true,"href":"https:\/\/congokin.blog\/index.php?rest_route=%2Fwp%2Fv2%2Ftags&post=252"}],"curies":[{"name":"wp","href":"https:\/\/api.w.org\/{rel}","templated":true}]}}