{"id":29,"date":"2018-03-31T02:42:28","date_gmt":"2018-03-31T02:42:28","guid":{"rendered":"https:\/\/congokinmedia.wordpress.com\/?p=29"},"modified":"2018-03-31T02:42:28","modified_gmt":"2018-03-31T02:42:28","slug":"le-conseil-de-securite-renforce-le-role-des-casques-bleus-en-rdc","status":"publish","type":"post","link":"https:\/\/congokin.blog\/?p=29","title":{"rendered":"Le Conseil de s\u00e9curit\u00e9  renforce le r\u00f4le des Casques bleus  en RDC"},"content":{"rendered":"<p>Le Conseil de s\u00e9curit\u00e9 de l&rsquo;ONU a renforc\u00e9 le r\u00f4le du plus grand contingent de Casques bleus du monde, afin de pr\u00e9parer les \u00e9lections cruciales en R\u00e9publique d\u00e9mocratique du Congo, qui devraient marquer le d\u00e9part du pr\u00e9sident Joseph Kabila.<\/p>\n<p>Pr\u00e9sent\u00e9 par la France, ce texte adopt\u00e9 \u00e0 l&rsquo;unanimit\u00e9 prolonge le mandat de la Monusco jusqu&rsquo;en mars 2019 et souligne la n\u00e9cessit\u00e9 de prot\u00e9ger les civils d&rsquo;ici les \u00e9lections pr\u00e9vues le 23 d\u00e9cembre pour organiser le d\u00e9part du pr\u00e9sident Joseph Kabila.<\/p>\n<p>\u00ab\u00a0Le d\u00e9fi est historique, dans un contexte d\u00e9licat. Sans \u00e9lections cr\u00e9dibles et accept\u00e9es par tous, c\u2019est la stabilit\u00e9 du pays et de toute la r\u00e9gion qui est en jeu\u00a0\u00bb, a soulign\u00e9 l&rsquo;ambassadeur fran\u00e7ais aux Nations unies, Francois Delattre.<\/p>\n<p>\u00ab\u00a0La p\u00e9riode \u00e9lectorale qui s\u2019ouvre est cruciale pour l\u2019avenir de la RDC mais aussi de la r\u00e9gion dans son ensemble\u00a0\u00bb, a-t-il martel\u00e9 devant le Conseil de s\u00e9curit\u00e9 apr\u00e8s le vote.<\/p>\n<p>L&rsquo;ambassadeur congolais aupr\u00e8s de l&rsquo;ONU, Ignace Gata Mavita, a lui critiqu\u00e9 la r\u00e9solution, soulignant que la mission des Casques bleus devrait \u00eatre avant tout \u00ab\u00a0de lutter contre les groupes arm\u00e9s pour prot\u00e9ger les civils et restaurer la paix et la s\u00e9curit\u00e9 dans la partie Est de notre pays qui en a grandement besoin\u00a0\u00bb.<\/p>\n<p>Il a de nouveau appel\u00e9 au d\u00e9part de la Monusco, pr\u00e9sente depuis pr\u00e8s de 20 ans dans ce pays qui compte plus de quatre millions de d\u00e9plac\u00e9s selon l&rsquo;ONU.<\/p>\n<p>Malgr\u00e9 son vote en faveur du texte, la Russie a insist\u00e9 sur le fait que ce nouveau mandat ne donnait pas de feu vert pour s&rsquo;ing\u00e9rer dans les affaires internes du pays, la Chine soulignant \u00e9galement que la souverainet\u00e9 de la R\u00e9publique d\u00e9mocratique du Congo (RDC) devait \u00eatre respect\u00e9e.<\/p>\n<p>\u00ab\u00a0Il est n\u00e9cessaire d&rsquo;\u00e9viter absolument une situation qui verrait la Monusco soutenir l&rsquo;un des partis congolais\u00a0\u00bb, a d\u00e9clar\u00e9 l&rsquo;ambassadeur adjoint de la Russie aupr\u00e8s des Nation unies, Dmitry Polyanskiy.<\/p>\n<p>La communaut\u00e9 internationale doit aider la RDC \u00e0 \u00ab\u00a0renforcer ses propres capacit\u00e9s en mati\u00e8re de s\u00e9curit\u00e9 afin d&rsquo;\u00e9tablir une situation stable dans le pays de fa\u00e7on autonome\u00a0\u00bb, a ajout\u00e9 l&rsquo;ambassadeur adjoint de la Chine, Wu Haitao.<\/p>\n<p>&#8211; \u00ab\u00a0Transparence et cr\u00e9dibilit\u00e9\u00a0\u00bb &#8211;<\/p>\n<p>Le plus grand pays d&rsquo;Afrique sub-saharienne n&rsquo;a jamais connu de transition pacifique depuis son accession \u00e0 l&rsquo;ind\u00e9pendance en 1960.<\/p>\n<p>Arriv\u00e9 au pouvoir apr\u00e8s l&rsquo;assassinat de son p\u00e8re Laurent D\u00e9sir\u00e9 en 2001, Joseph Kabila restera au pouvoir au moins jusqu&rsquo;\u00e0 d\u00e9but 2019, plus de deux ans apr\u00e8s la fin de son second mandat, le 20 d\u00e9cembre 2016. Il n&rsquo;a pas d\u00e9clar\u00e9 publiquement qu&rsquo;il ne briguerait pas un nouveau mandat.<\/p>\n<p>Toute manifestation de l&rsquo;opposition est interdite depuis septembre 2016 en RDC, o\u00f9 la r\u00e9pression de marches des catholiques depuis le 31 d\u00e9cembre a fait une quinzaine de morts.<\/p>\n<p>La r\u00e9solution adopt\u00e9e mardi appelle \u00ab\u00a0\u00e0 oeuvrer \u00e0 la tenue d&rsquo;\u00e9lections transparentes, cr\u00e9dibles et ouvertes dans les d\u00e9lais annonc\u00e9s\u00a0\u00bb.<\/p>\n<p>Le Conseil appelle le secr\u00e9taire g\u00e9n\u00e9ral de l&rsquo;ONU, Antonio Guterres, \u00e0 pr\u00e9parer des plans incluant \u00ab\u00a0toutes les options\u00a0\u00bb d&rsquo;ici le scrutin, dont l&rsquo;envoi de renforts.<\/p>\n<p>&#8211; Tensions entre Kinshasa et l&rsquo;ONU &#8211;<\/p>\n<div class=\"test-main-image\">\n<div class=\"image-container\"><img decoding=\"async\" class=\"img-responsive\" src=\"https:\/\/img.aws.la-croix.com\/2018\/03\/27\/1300927207\/soldats-africains-membres-Monusco-lefort-contingent-casques-bleus-ONU-charge-notamment-aider-organisation-elections-RDC-23-decembre_1_729_486.jpg\" alt=\"Des soldats sud-africains membres de la Monusco, le plus fort contingent de casques bleus de l'ONU, charg\u00e9 notamment d'aider \u00e0 l'organisation des \u00e9lections en RDC le 23 d\u00e9cembre\/AFP\/Archives\" \/><i class=\"icon-camera\"><\/i><\/p>\n<div class=\"under-picture\">\n<p>Des soldats sud-africains membres de la Monusco, le plus fort contingent de casques bleus de l&rsquo;ONU, charg\u00e9 notamment d&rsquo;aider \u00e0 l&rsquo;organisation des \u00e9lections en RDC le 23 d\u00e9cembre \/ AFP\/Archives<\/p>\n<\/div>\n<\/div>\n<\/div>\n<p>D&rsquo;apr\u00e8s la r\u00e9solution, les plus de 16.000 militaires de la Monusco seront charg\u00e9s d&rsquo;accompagner le processus \u00e9lectoral, notamment l&rsquo;inscription des \u00e9lecteurs, le scrutin et la transition au sommet du pouvoir attendue le 12 janvier.<\/p>\n<p>La mission formera aussi la police congolaise pour qu&rsquo;elle assure la s\u00e9curit\u00e9 le jour du vote.<\/p>\n<p>La Monusco rel\u00e8vera en outre tout atteinte aux droits de l&rsquo;homme.<\/p>\n<p>Cette nouvelle r\u00e9solution intervient dans un contexte de tensions entre l&rsquo;ONU et le pr\u00e9sident Kabila, qui a d\u00e9clar\u00e9 en janvier vouloir \u00ab\u00a0clarifier nos relations avec la Monusco\u00a0\u00bb, sur fond de crise politique, s\u00e9curitaire et humanitaire.<\/p>\n<p>Kinshasa a ainsi refus\u00e9 de participer \u00e0 une \u00ab\u00a0conf\u00e9rence des donateurs\u00a0\u00bb pour la RDC le 13 avril \u00e0 Gen\u00e8ve co-pr\u00e9sid\u00e9e par l&rsquo;ONU, estimant que les Nations unies et les ONG exag\u00e9raient la crise humanitaire au Congo.<\/p>\n<p>Une pr\u00e9c\u00e9dente r\u00e9solution, en mars 2017, envisageait d\u00e9j\u00e0 une \u00e9lection pr\u00e9sidentielle en d\u00e9cembre 2017, un scrutin finalement report\u00e9 d&rsquo;un an par les autorit\u00e9s congolaises, officiellement pour cause de violences dans le Kasa\u00ef (centre).<\/p>\n<div class=\"author\">afp<\/div>\n<div style=\"text-align:center\" class=\"wps-pgfw-pdf-generate-icon__wrapper-frontend\">\n\t\t<a href=\"https:\/\/congokin.blog?action=genpdf&amp;id=29\" class=\"pgfw-single-pdf-download-button\" ><img src=\"https:\/\/congokin.blog\/wp-content\/plugins\/pdf-generator-for-wp\/admin\/src\/images\/PDF_Tray.svg\" title=\"G\u00e9n\u00e9rer un PDF\" style=\"width:auto; height:45px;\"><\/a>\n\t\t<\/div>","protected":false},"excerpt":{"rendered":"<p>Le Conseil de s\u00e9curit\u00e9 de l&rsquo;ONU a renforc\u00e9 le r\u00f4le du plus grand contingent de Casques bleus du monde, afin de pr\u00e9parer les \u00e9lections cruciales en R\u00e9publique d\u00e9mocratique du Congo, qui devraient marquer le d\u00e9part du pr\u00e9sident Joseph Kabila. Pr\u00e9sent\u00e9 par la France, ce texte adopt\u00e9 \u00e0 l&rsquo;unanimit\u00e9 prolonge le mandat de la Monusco jusqu&rsquo;en [&hellip;]<\/p>\n","protected":false},"author":4,"featured_media":30,"comment_status":"open","ping_status":"closed","sticky":false,"template":"","format":"standard","meta":{"footnotes":""},"categories":[1],"tags":[],"class_list":["post-29","post","type-post","status-publish","format-standard","has-post-thumbnail","hentry","category-uncategorized"],"_links":{"self":[{"href":"https:\/\/congokin.blog\/index.php?rest_route=\/wp\/v2\/posts\/29","targetHints":{"allow":["GET"]}}],"collection":[{"href":"https:\/\/congokin.blog\/index.php?rest_route=\/wp\/v2\/posts"}],"about":[{"href":"https:\/\/congokin.blog\/index.php?rest_route=\/wp\/v2\/types\/post"}],"author":[{"embeddable":true,"href":"https:\/\/congokin.blog\/index.php?rest_route=\/wp\/v2\/users\/4"}],"replies":[{"embeddable":true,"href":"https:\/\/congokin.blog\/index.php?rest_route=%2Fwp%2Fv2%2Fcomments&post=29"}],"version-history":[{"count":0,"href":"https:\/\/congokin.blog\/index.php?rest_route=\/wp\/v2\/posts\/29\/revisions"}],"wp:featuredmedia":[{"embeddable":true,"href":"https:\/\/congokin.blog\/index.php?rest_route=\/wp\/v2\/media\/30"}],"wp:attachment":[{"href":"https:\/\/congokin.blog\/index.php?rest_route=%2Fwp%2Fv2%2Fmedia&parent=29"}],"wp:term":[{"taxonomy":"category","embeddable":true,"href":"https:\/\/congokin.blog\/index.php?rest_route=%2Fwp%2Fv2%2Fcategories&post=29"},{"taxonomy":"post_tag","embeddable":true,"href":"https:\/\/congokin.blog\/index.php?rest_route=%2Fwp%2Fv2%2Ftags&post=29"}],"curies":[{"name":"wp","href":"https:\/\/api.w.org\/{rel}","templated":true}]}}