{"id":3216,"date":"2018-09-25T01:42:43","date_gmt":"2018-09-25T01:42:43","guid":{"rendered":"https:\/\/congokin.media\/?p=3216"},"modified":"2018-09-25T01:42:43","modified_gmt":"2018-09-25T01:42:43","slug":"73eme-session-de-lassemblee-generale-de-lonu-le-president-kabila-va-sexprimer-ce-mardi","status":"publish","type":"post","link":"https:\/\/congokin.blog\/?p=3216","title":{"rendered":"73\u00e8me session de l\u2019Assembl\u00e9e g\u00e9n\u00e9rale de l\u2019ONU : le Pr\u00e9sident Kabila va s\u2019exprimer, ce mardi"},"content":{"rendered":"<h4 class=\"main-title var-font-title\">73\u00e8me session de l\u2019Assembl\u00e9e g\u00e9n\u00e9rale de l\u2019ONU : le Pr\u00e9sident Kabila va s\u2019exprimer, ce mardi<\/h4>\n<div class=\"post-info clear \">\n<div class=\"post-date var-font-main\"><i class=\"icomoon icon-clock\"><\/i><time class=\"published\" datetime=\"2018-09-24T09:07:55+00:00\">24 septembre, 2018<\/time><\/div>\n<div class=\"post-cats\"><\/div>\n<div class=\"post-rating style-ratting\"><\/div>\n<\/div>\n<div class=\"post-thumb-info clear effect-trend style-top\">\n<div class=\"thumb-wrap not-media\"><a class=\"image-link mag-single lazy-loaded\" href=\"https:\/\/cas-info.ca\/wp-content\/uploads\/2017\/09\/kabila-lll.jpg\"><img loading=\"lazy\" decoding=\"async\" class=\"custom-size wp-post-image lazy-loaded\" title=\"73\u00e8me session de l\u2019Assembl\u00e9e g\u00e9n\u00e9rale de l\u2019ONU : le Pr\u00e9sident Kabila va s\u2019exprimer, ce mardi\" src=\"https:\/\/cas-info.ca\/wp-content\/uploads\/2017\/09\/kabila-lll.jpg\" alt=\"73\u00e8me session de l\u2019Assembl\u00e9e g\u00e9n\u00e9rale de l\u2019ONU : le Pr\u00e9sident Kabila va s\u2019exprimer, ce mardi\" width=\"1023\" height=\"575\" data-original=\"https:\/\/cas-info.ca\/wp-content\/uploads\/2017\/09\/kabila-lll.jpg\" \/><\/a><\/p>\n<div class=\"descriptionImage\">Le Chef de l\u2019\u00c9tat Joseph Kabila \u00e0 la tribune de l&rsquo;ONU le 23 septembre 2017.<\/div>\n<\/div>\n<\/div>\n<div class=\"post-content-wrap clear\">\n<div class=\"post-share clear\">\n<div class=\"social-share default clear has-counter each-counter\" data-url=\"https:\/\/cas-info.ca\/2018\/09\/73eme-session-de-lassemblee-generale-de-lonu-le-president-kabila-va-sexprimer-ce-mardi\/\" data-object-id=\"25579\">\n<ul>\n<li class=\"share-item pinterest\" data-provider=\"pinterest\" data-shares=\"0\"><\/li>\n<\/ul>\n<\/div>\n<\/div>\n<div class=\"content-formatting post-content clear\">\n<p><strong>Par P. Ndongo<\/strong><\/p>\n<p>Les travaux de la 73<sup>\u00e8me<\/sup>\u00a0session ordinaire de l\u2019Assembl\u00e9e g\u00e9n\u00e9rale de l\u2019ONU s\u2019ouvrent, ce mardi \u00e0 New-York.<\/p>\n<p>Le Pr\u00e9sident de la R\u00e9publique, Joseph Kabila et toute sa d\u00e9l\u00e9gation s\u00e9journent depuis dimanche dernier dans cette ville en vue de prendre part \u00e0 ces assises.<\/p>\n<p>D\u2019apr\u00e8s Berban\u00e9 Kikaya, Chef du Coll\u00e8ge diplomatique au cabinet de Joseph Kabila, le Chef de l\u2019Etat prendra la parole, ce mardi.<\/p>\n<p><em>\u00ab\u00a0Je confirme. Le Chef de l\u2019Etat est arriv\u00e9 \u00e0 New-York prendre part \u00e0 la 73<sup>\u00e8me<\/sup>session de l\u2019Assembl\u00e9e ordinaire des Nations-Unies. Il est arriv\u00e9 accompagn\u00e9 d\u2019une grande d\u00e9l\u00e9gation. Les travaux de l\u2019Assembl\u00e9e g\u00e9n\u00e9rale commencent demain. Le Pr\u00e9sident de\u00a0la R\u00e9publique est programm\u00e9 pour s\u2019adresser \u00e0 l\u2019Assembl\u00e9e G\u00e9n\u00e9rale de l\u2019ONU, le mardi 25 septembre dans l\u2019apr\u00e8s-midi\u00a0\u00bb,<\/em>\u00a0a-t-il fait savoir \u00e0 Top Congo.<\/p>\n<p>Au cours de ces travaux qui se tiennent \u00e0 trois mois de la tenue des \u00e9lections fix\u00e9es au 23 d\u00e9cembre prochain, le Pr\u00e9sident de la R\u00e9publique, Joseph Kabila devrait \u00e9voquer le processus \u00e9lectoral en cours en R\u00e9publique D\u00e9mocratique du Congo.<\/p>\n<p>Cette 73<sup>\u00e8me<\/sup>\u00a0session de l\u2019Assembl\u00e9e g\u00e9n\u00e9rale de l\u2019ONU est organis\u00e9e sous le th\u00e8me\u00a0: \u00ab\u00a0faire de l\u2019ONU une organisation pour tous\u00a0: une force mondiale fond\u00e9e sur des responsabilit\u00e9s partag\u00e9es, au service des soci\u00e9t\u00e9s pacifiques, \u00e9quitables et durables\u00a0\u00bb.<\/p>\n<\/div>\n<\/div>\n<div class=\"wps-pgfw-pdf-generate-icon__wrapper-frontend pgfw-icon-display pgfw-icon-display--default\" style=\"--pgfw-icon-justify:center;\"><a href=\"https:\/\/congokin.blog?action=genpdf&#038;id=3216\" class=\"pgfw-single-pdf-download-button pgfw-single-pdf-download-button--default pgfw-single-pdf-download-button--icon-only\" title=\"G\u00e9n\u00e9rer un PDF\" style=\"--pgfw-icon-width:25px;--pgfw-icon-height:45px;\" aria-label=\"Download PDF\"><span class=\"pgfw-single-pdf-download-button__media\" aria-hidden=\"true\"><img src=\"https:\/\/congokin.blog\/wp-content\/plugins\/pdf-generator-for-wp\/admin\/src\/images\/PDF_Tray.svg\" alt=\"\" decoding=\"async\"><\/span><\/a><\/div>","protected":false},"excerpt":{"rendered":"<p>73\u00e8me session de l\u2019Assembl\u00e9e g\u00e9n\u00e9rale de l\u2019ONU : le Pr\u00e9sident Kabila va s\u2019exprimer, ce mardi 24 septembre, 2018 Le Chef de l\u2019\u00c9tat Joseph Kabila \u00e0 la tribune de l&rsquo;ONU le 23 septembre 2017. Par P. Ndongo Les travaux de la 73\u00e8me\u00a0session ordinaire de l\u2019Assembl\u00e9e g\u00e9n\u00e9rale de l\u2019ONU s\u2019ouvrent, ce mardi \u00e0 New-York. Le Pr\u00e9sident de [&hellip;]<\/p>\n","protected":false},"author":4,"featured_media":0,"comment_status":"open","ping_status":"closed","sticky":false,"template":"","format":"standard","meta":{"footnotes":""},"categories":[7,8,1],"tags":[],"class_list":["post-3216","post","type-post","status-publish","format-standard","hentry","category-politique","category-societe","category-uncategorized"],"_links":{"self":[{"href":"https:\/\/congokin.blog\/index.php?rest_route=\/wp\/v2\/posts\/3216","targetHints":{"allow":["GET"]}}],"collection":[{"href":"https:\/\/congokin.blog\/index.php?rest_route=\/wp\/v2\/posts"}],"about":[{"href":"https:\/\/congokin.blog\/index.php?rest_route=\/wp\/v2\/types\/post"}],"author":[{"embeddable":true,"href":"https:\/\/congokin.blog\/index.php?rest_route=\/wp\/v2\/users\/4"}],"replies":[{"embeddable":true,"href":"https:\/\/congokin.blog\/index.php?rest_route=%2Fwp%2Fv2%2Fcomments&post=3216"}],"version-history":[{"count":0,"href":"https:\/\/congokin.blog\/index.php?rest_route=\/wp\/v2\/posts\/3216\/revisions"}],"wp:attachment":[{"href":"https:\/\/congokin.blog\/index.php?rest_route=%2Fwp%2Fv2%2Fmedia&parent=3216"}],"wp:term":[{"taxonomy":"category","embeddable":true,"href":"https:\/\/congokin.blog\/index.php?rest_route=%2Fwp%2Fv2%2Fcategories&post=3216"},{"taxonomy":"post_tag","embeddable":true,"href":"https:\/\/congokin.blog\/index.php?rest_route=%2Fwp%2Fv2%2Ftags&post=3216"}],"curies":[{"name":"wp","href":"https:\/\/api.w.org\/{rel}","templated":true}]}}