{"id":3564,"date":"2018-10-21T16:45:49","date_gmt":"2018-10-21T16:45:49","guid":{"rendered":"https:\/\/congokin.media\/?p=3564"},"modified":"2018-10-21T16:45:49","modified_gmt":"2018-10-21T16:45:49","slug":"rdc-une-empoignade-entre-ludps-et-les-autres-parties-de-lopposition","status":"publish","type":"post","link":"https:\/\/congokin.blog\/?p=3564","title":{"rendered":"RDC : Une empoignade entre l&rsquo;UDPS et les autres parties de l&rsquo;opposition."},"content":{"rendered":"<h3 class=\"page-header\">RDC : l&rsquo;UDPS pose des conditions avant de participer \u00e0 la marche du 26 octobre<\/h3>\n<div class=\"region region-content\">\n<section id=\"block-system-main\" class=\"block block-system clearfix\">\n<div id=\"article_area\" class=\"panel-flexible panels-flexible-3 clearfix\">\n<div class=\"panel-flexible-inside panels-flexible-3-inside\">\n<div class=\"panels-flexible-column panels-flexible-column-3-main panels-flexible-column-first\">\n<div class=\"inside panels-flexible-column-inside panels-flexible-column-3-main-inside panels-flexible-column-inside-first\">\n<div class=\"panels-flexible-row panels-flexible-row-3-main-row panels-flexible-row-first clearfix\">\n<div class=\"inside panels-flexible-row-inside panels-flexible-row-3-main-row-inside panels-flexible-row-inside-first clearfix\">\n<div class=\"panels-flexible-region panels-flexible-region-3-center panels-flexible-region-first panels-flexible-region-last article-meta\">\n<div class=\"inside panels-flexible-region-inside panels-flexible-region-3-center-inside panels-flexible-region-inside-first panels-flexible-region-inside-last\">\n<div class=\"panel-pane pane-custom pane-2\">\n<div class=\"pane-content\">\n<p>Publi\u00e9 le dim, 21\/10\/2018 &#8211; 12:24 | Modifi\u00e9 le dim, 21\/10\/2018 &#8211; 16:09<\/p>\n<\/div>\n<\/div>\n<div class=\"panel-separator\"><\/div>\n<div class=\"panel-pane pane-node-terms\">\n<div class=\"pane-content\">\n<ul class=\"links\">\n<li class=\"taxonomy_term_55 last\"><\/li>\n<\/ul>\n<\/div>\n<\/div>\n<div class=\"panel-pane pane-block pane-block-12\">\n<div class=\"pane-content\">\n<div class=\"button share-button twitter-share-button\"><\/div>\n<\/div>\n<\/div>\n<div class=\"panel-separator\"><\/div>\n<div class=\"panel-pane pane-block pane-addtoany-addtoany-button\">\n<div class=\"pane-content\"><\/div>\n<\/div>\n<\/div>\n<\/div>\n<\/div>\n<\/div>\n<div class=\"panels-flexible-row panels-flexible-row-3-3 clearfix article-content\">\n<div class=\"inside panels-flexible-row-inside panels-flexible-row-3-3-inside clearfix\">\n<div class=\"panels-flexible-region panels-flexible-region-3-article_content_eeg panels-flexible-region-first panels-flexible-region-last article-content-reg\">\n<div class=\"inside panels-flexible-region-inside panels-flexible-region-3-article_content_eeg-inside panels-flexible-region-inside-first panels-flexible-region-inside-last\">\n<div class=\"panel-pane pane-node-content\">\n<div class=\"pane-content\">\n<article id=\"node-185990\" class=\"node node-article clearfix\">\n<header><\/header>\n<div class=\"field field-name-body field-type-text-with-summary field-label-hidden\">\n<div class=\"field-items\">\n<div class=\"field-item even\">\n<div class=\"big_wrapper_class\"><img decoding=\"async\" title=\"Jean Marc Kabund, secr\u00e9taire g\u00e9n\u00e9ral de l\u2019UDPS lors d\u2019une conf\u00e9rence de presse \u00e0 Kinshasa, le 08\/02\/2018. Radio Okapi\/Ph. John Bompengo\" src=\"https:\/\/lh3.googleusercontent.com\/-GySx1g63ACI\/WnyF1MSkXqI\/AAAAAAACJag\/IbyQiHXKmrcRJM7K81Rh-mNatt43v1nSQCHMYBhgL\/2.jpg?imgmax=500\" \/><\/p>\n<div class=\"gem_pic_caption\">Jean Marc Kabund, secr\u00e9taire g\u00e9n\u00e9ral de l\u2019UDPS lors d\u2019une conf\u00e9rence de presse \u00e0 Kinshasa, le 08\/02\/2018. Radio Okapi\/Ph. John Bompengo<\/div>\n<\/div>\n<p>L\u2019UDPS, parti politique de l\u2019opposition, pose des conditions avant de prendre part \u00e0 la marche de l\u2019opposition pr\u00e9vue le vendredi 26 octobre \u00e0 travers la R\u00e9publique. Selon\u00a0le\u00a0secr\u00e9taire g\u00e9n\u00e9ral de l\u2019UDPS, Jean-Marc\u00a0Kabund,\u00a0il y a des divergences majeures au sein de l\u2019opposition qu\u2019il faut\u00a0aplanir.<\/p>\n<p><em>\u00abLe fait que nous n&rsquo;avons pas sign\u00e9 la lettre annon\u00e7ant cette marche prouve \u00e0 suffisance qu&rsquo;il y a des divergences majeures qu&rsquo;il faut vider avant que nous ne\u00a0puissions nous\u00a0engager dans quoi que ce soit. Avant d&rsquo;avancer sur ce sch\u00e9ma, nous devons nous mettre d&rsquo;accord sur bon nombre de questions, notamment sur le\u00a0boycott\u00a0ou la participation aux \u00e9lections. Nous devons nous rassurer tous que nous allons aux \u00e9lections ou nous les boycottons. Nous ne pouvons pas \u00eatre embarqu\u00e9s dans une logique de boycott tout en se pr\u00e9sentant \u00e0 l&rsquo;opinion comme si nous \u00e9tions d&rsquo;accord pour les \u00e9lections\u00bb,<\/em>\u00a0a d\u00e9nonc\u00e9 Jean-Marc\u00a0Kabund.<\/p>\n<p>Il reproche \u00e0 ses partenaires de l\u2019opposition de prendre un sch\u00e9ma unique, contraire aux attentes de son parti.<\/p>\n<p><em>\u00abNos amis sont dans un sch\u00e9ma unique. Ils ne veulent \u00e9couter personne et nous on ne peut pas continuer \u00e0 avancer comme \u00e7a.\u00a0Ce\u00a0qui est grave ce que je suis l\u00e0, je participe \u00e0 toutes les r\u00e9unions. Je ne vois pas les choses avancer dans le\u00a0sens\u00a0de la d\u00e9signation d&rsquo;un\u00a0candidat\u00a0commun. C&rsquo;est ce qui est d\u00e9plorable\u00bb,<\/em>\u00a0note M.\u00a0Kabund.<\/p>\n<\/div>\n<\/div>\n<\/div>\n<\/article>\n<\/div>\n<\/div>\n<\/div>\n<\/div>\n<\/div>\n<\/div>\n<\/div>\n<\/div>\n<\/div>\n<\/div>\n<\/section>\n<\/div>\n<div style=\"text-align:center\" class=\"wps-pgfw-pdf-generate-icon__wrapper-frontend\">\n\t\t<a href=\"https:\/\/congokin.blog?action=genpdf&amp;id=3564\" class=\"pgfw-single-pdf-download-button\" ><img src=\"https:\/\/congokin.blog\/wp-content\/plugins\/pdf-generator-for-wp\/admin\/src\/images\/PDF_Tray.svg\" title=\"G\u00e9n\u00e9rer un PDF\" style=\"width:auto; height:45px;\"><\/a>\n\t\t<\/div>","protected":false},"excerpt":{"rendered":"<p>RDC : l&rsquo;UDPS pose des conditions avant de participer \u00e0 la marche du 26 octobre Publi\u00e9 le dim, 21\/10\/2018 &#8211; 12:24 | Modifi\u00e9 le dim, 21\/10\/2018 &#8211; 16:09 Jean Marc Kabund, secr\u00e9taire g\u00e9n\u00e9ral de l\u2019UDPS lors d\u2019une conf\u00e9rence de presse \u00e0 Kinshasa, le 08\/02\/2018. Radio Okapi\/Ph. John Bompengo L\u2019UDPS, parti politique de l\u2019opposition, pose des [&hellip;]<\/p>\n","protected":false},"author":4,"featured_media":0,"comment_status":"open","ping_status":"closed","sticky":false,"template":"","format":"standard","meta":{"footnotes":""},"categories":[7,8,1],"tags":[],"class_list":["post-3564","post","type-post","status-publish","format-standard","hentry","category-politique","category-societe","category-uncategorized"],"_links":{"self":[{"href":"https:\/\/congokin.blog\/index.php?rest_route=\/wp\/v2\/posts\/3564","targetHints":{"allow":["GET"]}}],"collection":[{"href":"https:\/\/congokin.blog\/index.php?rest_route=\/wp\/v2\/posts"}],"about":[{"href":"https:\/\/congokin.blog\/index.php?rest_route=\/wp\/v2\/types\/post"}],"author":[{"embeddable":true,"href":"https:\/\/congokin.blog\/index.php?rest_route=\/wp\/v2\/users\/4"}],"replies":[{"embeddable":true,"href":"https:\/\/congokin.blog\/index.php?rest_route=%2Fwp%2Fv2%2Fcomments&post=3564"}],"version-history":[{"count":0,"href":"https:\/\/congokin.blog\/index.php?rest_route=\/wp\/v2\/posts\/3564\/revisions"}],"wp:attachment":[{"href":"https:\/\/congokin.blog\/index.php?rest_route=%2Fwp%2Fv2%2Fmedia&parent=3564"}],"wp:term":[{"taxonomy":"category","embeddable":true,"href":"https:\/\/congokin.blog\/index.php?rest_route=%2Fwp%2Fv2%2Fcategories&post=3564"},{"taxonomy":"post_tag","embeddable":true,"href":"https:\/\/congokin.blog\/index.php?rest_route=%2Fwp%2Fv2%2Ftags&post=3564"}],"curies":[{"name":"wp","href":"https:\/\/api.w.org\/{rel}","templated":true}]}}