{"id":3569,"date":"2018-10-23T02:52:55","date_gmt":"2018-10-23T02:52:55","guid":{"rendered":"https:\/\/congokin.media\/?p=3569"},"modified":"2018-10-23T02:52:55","modified_gmt":"2018-10-23T02:52:55","slug":"3569","status":"publish","type":"post","link":"https:\/\/congokin.blog\/?p=3569","title":{"rendered":"RDC : Le Chef de l&rsquo;ONU \u00ab\u00a0indign\u00e9\u00a0\u00bb par les tueries des civils \u00e0 Beni"},"content":{"rendered":"<div class=\"col-sm-12\" role=\"heading\">\n<div class=\"region region-header\">\n<section id=\"block-views-block-breaking-news-block-1\" class=\"views-element-container col-md-12 block block-views block-views-blockbreaking-news-block-1 clearfix\">\n<div class=\"form-group\">\n<div class=\"view view-breaking-news view-id-breaking_news view-display-id-block_1 js-view-dom-id-469d5184011921e95ad4e39d2253df4a61eb084e82a6575c88903f53347881f4\">\n<div class=\"view-content\">\n<div class=\"owl-slider-wrapper owl-carousel owl-theme\" style=\"box-sizing: border-box; display: block; position: relative; width: 1025px; font-family: Montserrat; font-style: normal; font-weight: 300; opacity: 1;\" data-settings=\"{&quot;grouping&quot;:[],&quot;row_class&quot;:&quot;col-xs-12 col-sm-10&quot;,&quot;default_row_class&quot;:true,&quot;uses_fields&quot;:false,&quot;items&quot;:1,&quot;itemsDesktop&quot;:[1199,4],&quot;itemsDesktopSmall&quot;:[979,3],&quot;itemsTablet&quot;:[768,2],&quot;itemsMobile&quot;:[479,1],&quot;singleItem&quot;:true,&quot;itemsScaleUp&quot;:true,&quot;slideSpeed&quot;:200,&quot;paginationSpeed&quot;:800,&quot;rewindSpeed&quot;:1000,&quot;autoPlay&quot;:true,&quot;stopOnHover&quot;:true,&quot;navigation&quot;:true,&quot;navigationText&quot;:[&quot;&lt;&quot;,&quot;&gt;&quot;],&quot;prevText&quot;:&quot;&lt;&quot;,&quot;nextText&quot;:&quot;&gt;&quot;,&quot;rewindNav&quot;:true,&quot;scrollPerPage&quot;:false,&quot;pagination&quot;:false,&quot;paginationNumbers&quot;:false,&quot;responsive&quot;:true,&quot;responsiveRefreshRate&quot;:200,&quot;mouseDrag&quot;:true,&quot;touchDrag&quot;:true,&quot;transitionStyle&quot;:&quot;fade&quot;}\">\n<div class=\"owl-controls clickable\">\n<div class=\"owl-buttons\">\n<div class=\"owl-next\"><\/div>\n<\/div>\n<\/div>\n<\/div>\n<\/div>\n<\/div>\n<\/div>\n<\/section>\n<h3 class=\"page-header\">RDC : Le Chef de l&rsquo;ONU \u00ab\u00a0indign\u00e9\u00a0\u00bb par les tueries des civils \u00e0 Beni<\/h3>\n<section id=\"block-views-block-date-et-heure-block-1\" class=\"views-element-container block block-views block-views-blockdate-et-heure-block-1 clearfix\">\n<div class=\"form-group\">\n<div class=\"view view-date-et-heure view-id-date_et_heure view-display-id-block_1 js-view-dom-id-5ad09d2eb0e7a08425489a002767375db45eae1b8c4923f4eb3fe5cee1e67471\">\n<div class=\"view-content\">\n<div class=\"views-row\">\n<div class=\"views-field views-field-created\"><span class=\"field-content\">Lundi 22 octobre 2018 &#8211; 18:44<\/span><\/div>\n<\/div>\n<\/div>\n<\/div>\n<\/div>\n<\/section>\n<\/div>\n<\/div>\n<section class=\"col-sm-9\">\n<div class=\"region region-content\">\n<section id=\"block-addtoanybuttons\" class=\"col-md-12 block block-addtoany block-addtoany-block clearfix\"><\/section>\n<article class=\"article full clearfix\" role=\"article\" data-history-node-id=\"66531\">\n<div class=\"content\">\n<div class=\"field field--name-field-image field--type-image field--label-hidden field--item\">\n<figure role=\"group\"><img loading=\"lazy\" decoding=\"async\" class=\"img-responsive\" title=\"Le Secr\u00e9taire g\u00e9n\u00e9ral de l'ONU , Ant\u00f3nio Guterres\" src=\"https:\/\/actualite.cd\/sites\/default\/files\/styles\/image_principale_d_article\/public\/2018-10\/teaserbreit.jpg?itok=6H1G8xH8\" alt=\"Le Secr\u00e9taire g\u00e9n\u00e9ral de l'ONU , Ant\u00f3nio Guterres\" width=\"800\" height=\"450\" \/><figcaption>Le Secr\u00e9taire g\u00e9n\u00e9ral de l&rsquo;ONU , Ant\u00f3nio Guterres<\/figcaption><\/figure>\n<\/div>\n<div class=\"field field--name-body field--type-text-with-summary field--label-hidden field--item\">\n<p><strong>Le Secr\u00e9taire g\u00e9n\u00e9ral de l&rsquo;ONU, Ant\u00f3nio Guterres,\u00a0s&rsquo;est \u00ab\u00a0indign\u00e9\u00a0\u00bb, lundi 22 octobre, par \u00ab\u00a0l&rsquo;assassinat\u00a0\u00bb samedi dernier d&rsquo;au moins 11 civils, dont un gar\u00e7on, lors d&rsquo;une attaque attribu\u00e9e aux rebelles ougandais des Forces d\u00e9mocratiques alli\u00e9es (ADF) contre la ville de Beni, dans la province du Nord-Kivu.<\/strong><\/p>\n<p>\u00ab\u00a0Le Secr\u00e9taire g\u00e9n\u00e9ral est indign\u00e9 par les assassinats et les enl\u00e8vements de civils par des groupes arm\u00e9s qui se poursuivent dans la r\u00e9gion de Beni\u00a0\u00bb, a d\u00e9clar\u00e9 son porte-parole adjoint Farhan Haq dans un communiqu\u00e9 publi\u00e9 ce lundi 22 octobre.<\/p>\n<p>L\u2019attaque a \u00e9galement \u00e9t\u00e9 condamn\u00e9e dimanche par le directeur g\u00e9n\u00e9ral de l\u2019Organisation mondiale de la sant\u00e9 (OMS), Dr Tedros Adhanom. \u00a0\u00ab\u00a0<em>Les civils ne sont pas de\u00a0cibles<\/em>\u00ab\u00a0, a tweet\u00e9 le responsable appelant \u00ab\u00a0<em>tout le monde<\/em>\u00a0\u00bb \u00e0 \u00ab\u00a0<em>\u0153uvrer pour atteindre la paix et combattre \u00c9bola<\/em>\u00a0\u00bb dans la ville de Beni, devenue \u00e9picentre de l\u2019\u00e9pid\u00e9mie.<\/p>\n<p>D\u00e9clar\u00e9e depuis le 1er ao\u00fbt, l&rsquo;\u00e9pid\u00e9mie de la maladie \u00e0 Virus Ebola a d\u00e9j\u00e0 fait 152 morts dans le territoire de Beni (y compris la ville de Beni) et Lubero dans le Nord-Kivu ainsi que dans trois localit\u00e9s (Tchomia, Komanda et Mandima) de la province de l&rsquo;Ituri.<\/p>\n<p>Ant\u00f3nio Guterres s\u2019est dit \u00ab\u00a0<em>profond\u00e9ment pr\u00e9occup\u00e9\u00a0\u00bb<\/em>\u00a0\u00a0par les informations selon lesquelles deux agents de l\u2019Unit\u00e9 M\u00e9dicale d\u2019Intervention Rapide (UMIR) des Forces Arm\u00e9es de la RDC (FARDC) combattant l&rsquo;\u00e9pid\u00e9mie d&rsquo;\u00c9bola, ont \u00e9t\u00e9 tu\u00e9s aux portes de la ville de Butembo, vendredi 19 octobre.<\/p>\n<p>Le chef de l&rsquo;ONU a appel\u00e9 tous les groupes arm\u00e9s \u00e0 \u00ab\u00a0<em>cesser imm\u00e9diatement<\/em>\u00a0\u00bb leurs attaques contre les civils et \u00e0 \u00ab\u00a0<em>garantir<\/em>\u00a0\u00bb l&rsquo;acc\u00e8s humanitaire aux populations dans le besoin.<\/p>\n<p>Gutteres \u00ab\u00a0<em>r\u00e9it\u00e8re en particulier son soutien aux civils dans les zones touch\u00e9es \u00e0 la fois par l\u2019\u00e9pid\u00e9mie d\u2019\u00c9bola et par l&rsquo;ins\u00e9curit\u00e9<\/em>\u00ab\u00a0, a ajout\u00e9 son porte-parole dans le m\u00eame communiqu\u00e9.<\/p>\n<p>Une dizaine de personnes ont \u00e9t\u00e9 tu\u00e9es (par balle ou machette) et quinze autres, dont dix enfants, enlev\u00e9es dans la nuit de samedi \u00e0 dimanche apr\u00e8s l&rsquo;attaque des rebelles, qui a vis\u00e9 la commune de Ruwenzori dans la banlieue de Beni.\u00a0Une mar\u00e9e humaine en col\u00e8re est descendue dans les rues de cette ville pour protester contre cette \u00e9ni\u00e8me attaque en pleine ville<em>.\u00a0<\/em>Le bureau urbain de la Poste et la mairie ont \u00e9t\u00e9 caillass\u00e9s.<\/p>\n<p><strong>Christine Tshibuyi<\/strong><\/p>\n<\/div>\n<div class=\"field field--name-field-categorie field--type-entity-reference field--label-above\">\n<div class=\"field--label\">Cat\u00e9gorie<\/div>\n<\/div>\n<\/div>\n<\/article>\n<\/div>\n<\/section>\n<div style=\"text-align:center\" class=\"wps-pgfw-pdf-generate-icon__wrapper-frontend\">\n\t\t<a href=\"https:\/\/congokin.blog?action=genpdf&amp;id=3569\" class=\"pgfw-single-pdf-download-button\" ><img src=\"https:\/\/congokin.blog\/wp-content\/plugins\/pdf-generator-for-wp\/admin\/src\/images\/PDF_Tray.svg\" title=\"G\u00e9n\u00e9rer un PDF\" style=\"width:auto; height:45px;\"><\/a>\n\t\t<\/div>","protected":false},"excerpt":{"rendered":"<p>RDC : Le Chef de l&rsquo;ONU \u00ab\u00a0indign\u00e9\u00a0\u00bb par les tueries des civils \u00e0 Beni Lundi 22 octobre 2018 &#8211; 18:44 Le Secr\u00e9taire g\u00e9n\u00e9ral de l&rsquo;ONU , Ant\u00f3nio Guterres Le Secr\u00e9taire g\u00e9n\u00e9ral de l&rsquo;ONU, Ant\u00f3nio Guterres,\u00a0s&rsquo;est \u00ab\u00a0indign\u00e9\u00a0\u00bb, lundi 22 octobre, par \u00ab\u00a0l&rsquo;assassinat\u00a0\u00bb samedi dernier d&rsquo;au moins 11 civils, dont un gar\u00e7on, lors d&rsquo;une attaque attribu\u00e9e aux [&hellip;]<\/p>\n","protected":false},"author":4,"featured_media":0,"comment_status":"open","ping_status":"closed","sticky":false,"template":"","format":"standard","meta":{"footnotes":""},"categories":[7,8,1],"tags":[],"class_list":["post-3569","post","type-post","status-publish","format-standard","hentry","category-politique","category-societe","category-uncategorized"],"_links":{"self":[{"href":"https:\/\/congokin.blog\/index.php?rest_route=\/wp\/v2\/posts\/3569","targetHints":{"allow":["GET"]}}],"collection":[{"href":"https:\/\/congokin.blog\/index.php?rest_route=\/wp\/v2\/posts"}],"about":[{"href":"https:\/\/congokin.blog\/index.php?rest_route=\/wp\/v2\/types\/post"}],"author":[{"embeddable":true,"href":"https:\/\/congokin.blog\/index.php?rest_route=\/wp\/v2\/users\/4"}],"replies":[{"embeddable":true,"href":"https:\/\/congokin.blog\/index.php?rest_route=%2Fwp%2Fv2%2Fcomments&post=3569"}],"version-history":[{"count":0,"href":"https:\/\/congokin.blog\/index.php?rest_route=\/wp\/v2\/posts\/3569\/revisions"}],"wp:attachment":[{"href":"https:\/\/congokin.blog\/index.php?rest_route=%2Fwp%2Fv2%2Fmedia&parent=3569"}],"wp:term":[{"taxonomy":"category","embeddable":true,"href":"https:\/\/congokin.blog\/index.php?rest_route=%2Fwp%2Fv2%2Fcategories&post=3569"},{"taxonomy":"post_tag","embeddable":true,"href":"https:\/\/congokin.blog\/index.php?rest_route=%2Fwp%2Fv2%2Ftags&post=3569"}],"curies":[{"name":"wp","href":"https:\/\/api.w.org\/{rel}","templated":true}]}}