{"id":3573,"date":"2018-10-23T02:56:46","date_gmt":"2018-10-23T02:56:46","guid":{"rendered":"https:\/\/congokin.media\/?p=3573"},"modified":"2018-10-23T02:56:46","modified_gmt":"2018-10-23T02:56:46","slug":"rdc-beni-larmee-signale-la-presence-des-miliciens-venus-de-lubero-et-qui-attaquent-a-partir-des-zones-adf","status":"publish","type":"post","link":"https:\/\/congokin.blog\/?p=3573","title":{"rendered":"RDC-Beni : L\u2019arm\u00e9e signale la pr\u00e9sence des miliciens venus de Lubero et qui attaquent \u00e0 partir des zones ADF"},"content":{"rendered":"<div class=\"col-sm-12\" role=\"heading\">\n<div class=\"region region-header\">\n<h3 class=\"page-header\">RDC-Beni : L\u2019arm\u00e9e signale la pr\u00e9sence des miliciens venus de Lubero et qui attaquent \u00e0 partir des zones ADF<\/h3>\n<section id=\"block-views-block-date-et-heure-block-1\" class=\"views-element-container block block-views block-views-blockdate-et-heure-block-1 clearfix\">\n<div class=\"form-group\">\n<div class=\"view view-date-et-heure view-id-date_et_heure view-display-id-block_1 js-view-dom-id-5cf9d07cd2f81e239231419abdad584a6591cc4e8ae4bb9c68b0973b6f36b9ab\">\n<div class=\"view-content\">\n<div class=\"views-row\">\n<div class=\"views-field views-field-created\"><span class=\"field-content\">Lundi 22 octobre 2018 &#8211; 17:33<\/span><\/div>\n<\/div>\n<\/div>\n<\/div>\n<\/div>\n<\/section>\n<\/div>\n<\/div>\n<section class=\"col-sm-9\">\n<div class=\"region region-content\">\n<article class=\"article full clearfix\" role=\"article\" data-history-node-id=\"66530\">\n<div class=\"content\">\n<div class=\"field field--name-field-image field--type-image field--label-hidden field--item\">\n<figure role=\"group\"><img loading=\"lazy\" decoding=\"async\" class=\"img-responsive\" title=\"Les FARDC au front dans la p\u00e9riph\u00e9rie de Beni apr\u00e8s affrontements avec des miliciens Mai-Mai ce lundi 22 octobre 2018 (Photo Yassin Kombi\/ACTUALITE.CD)\" src=\"https:\/\/actualite.cd\/sites\/default\/files\/styles\/image_principale_d_article\/public\/2018-10\/FARDC%20patrouille1.jpg?itok=ER6fav-L\" alt=\"Les FARDC au front dans la p\u00e9riph\u00e9rie de Beni apr\u00e8s affrontements avec des miliciens Mai-Mai ce lundi 22 octobre 2018 (Photo Yassin Kombi\/ACTUALITE.CD)\" width=\"800\" height=\"449\" \/><figcaption>Les FARDC au front dans la p\u00e9riph\u00e9rie de Beni apr\u00e8s affrontements avec des miliciens Mai-Mai ce lundi 22 octobre 2018 (Photo Yassin Kombi\/ACTUALITE.CD)<\/figcaption><\/figure>\n<\/div>\n<div class=\"field field--name-body field--type-text-with-summary field--label-hidden field--item\">\n<p dir=\"ltr\"><strong>L\u2019arm\u00e9e a affirm\u00e9 ce lundi 22 octobre 2018 que des miliciens Mai-Mai en provenance du territoire de Lubero sont bel et bien arriv\u00e9s dans le territoire de Beni, o\u00f9 ils organisent des attaques contre les positions militaires \u00e0 partir de certaines zones des pr\u00e9sum\u00e9s combattants ADF.<\/strong><\/p>\n<p dir=\"ltr\">Un milicien a \u00e9t\u00e9 tu\u00e9 ce matin lors d\u2019une nouvelle attaque attribu\u00e9e aux Mai-Mai contre une position de l\u2019arm\u00e9e au quartier Paida, en commune Ruwenzori, dans la ville de Beni.<\/p>\n<p dir=\"ltr\"><em>\u00ab\u00a0Cette partie o\u00f9 nous sommes (Ndlr: Paida dans la commune Ruwenzori) est cens\u00e9e essuyer l&rsquo;attaque des ADF. C&rsquo;est \u00e0 partir d&rsquo;ici que le QG (de l\u2019arm\u00e9e) avait connu la derni\u00e8re attaque des ADF. Voil\u00e0 que ce matin encore nous avons eu une attaque et \u00e0 notre grande surprise nous constatons que ce sont les Mai-Mai. Et donc les Mai-Mai ont pratiquement atteint Beni et sont maintenant dans la partie cens\u00e9e abriter les ADF\u00a0\u00bb<\/em>, a dit \u00e0 ACTUALITE.CD, le capitaine Mak Hazukay, porte-parole de l\u2019op\u00e9ration sokola 1.<\/p>\n<p dir=\"ltr\">L\u2019arm\u00e9e avait qualifi\u00e9 le 18 octobre de \u00ab\u00a0provocation\u00a0\u00bb toute progression des miliciens de Lubero en direction de Beni et parle d\u2019une coalition entre les deux forces n\u00e9gatives (ADF&amp;Mai-Mai).<\/p>\n<p dir=\"ltr\"><em>\u00ab\u00a0Il y a lieu de penser qu&rsquo;il y a une coalition entre les ADF que nous combattons dans cette partie et les Mai-Mai\u00a0\u00bb<\/em>, a ajout\u00e9 Hazukay.<\/p>\n<p dir=\"ltr\">En l\u2019espace d\u2019un mois, au moins quatre attaques ont \u00e9t\u00e9 men\u00e9es contre une des positions \u201cstrat\u00e9giques\u201d des FARDC au quartier Paida.<\/p>\n<p dir=\"ltr\"><em>\u00ab\u00a0La premi\u00e8re attaque avait eu lieu le 4 septembre. L&rsquo;ennemi identifi\u00e9 aux rebelles ADF \u00e9tait venu du c\u00f4t\u00e9 du parc national des Virunga. Il voulait d\u00e9border de deux sens, du c\u00f4t\u00e9 de la colline de Paida rive gauche et aussi de la rive droite. Lorsqu\u2019il a pris la droite, il s&rsquo;est exactement heurt\u00e9 \u00e0 notre position qui \u00e9tait bien install\u00e9e. L&rsquo;ennemi avait pris fuite apr\u00e8s notre r\u00e9plique et sur \u00a0place nous avions ramass\u00e9 une arme RPJ, une bombe et quelques maillots de PKM. Nous avions constat\u00e9 les traces du sang et les avons poursuivis, nous avons remarqu\u00e9 l&rsquo;endroit o\u00f9 les assaillants s&rsquo;\u00e9taient fait soign\u00e9s vers la rive gauche. Maintenant cette attaque du matin nous ne pouvons pas dire que ce sont les ADF qui nous ont attaqu\u00e9 mais plut\u00f4t des Mai-Mai\u00a0\u00bb<\/em>, a expliqu\u00e9 le capitaine Tsenda Kazadi, commandant compagnie du Quartier g\u00e9n\u00e9ral de l&rsquo;op\u00e9ration sokola 1.<\/p>\n<p dir=\"ltr\">Au moins 12 personnes ont \u00e9t\u00e9 tu\u00e9s samedi dernier au quartier Boikene, en commune de Ruwenzori d\u00e9sert\u00e9e par trois quart de ses habitants. Selon les autorit\u00e9s, parmi les victimes de cette r\u00e9cente attaque figurait un militaire et onze civils. Une dizaine de personnes sont aussi port\u00e9es disparues.<\/p>\n<p dir=\"ltr\">Cinq miliciens et un militaire ont \u00e9t\u00e9 tu\u00e9s il y a quatre jours dans une autre attaque \u00e0 Isale, au Sud du territoire de Beni.<\/p>\n<p dir=\"ltr\">Les miliciens en provenance de Lubero auraient \u00e9t\u00e9 envoy\u00e9s, selon les autorit\u00e9s militaires, par des politiques du terroir pour \u00ab\u00a0combattre\u00a0\u00bb les ADF. Ils proviendraient notamment des villages de Masereka, Kipese, Kasugho, Makuranga, Mubana, Kaveseghe, Kanzanza, Kirikiri et Kitchumbiro, dans le territoire de Lubero.<\/p>\n<p dir=\"ltr\"><strong>Yassin Kombi, depuis Beni<\/strong><\/p>\n<\/div>\n<\/div>\n<\/article>\n<\/div>\n<\/section>\n<div style=\"text-align:center\" class=\"wps-pgfw-pdf-generate-icon__wrapper-frontend\">\n\t\t<a href=\"https:\/\/congokin.blog?action=genpdf&amp;id=3573\" class=\"pgfw-single-pdf-download-button\" ><img src=\"https:\/\/congokin.blog\/wp-content\/plugins\/pdf-generator-for-wp\/admin\/src\/images\/PDF_Tray.svg\" title=\"G\u00e9n\u00e9rer un PDF\" style=\"width:auto; height:45px;\"><\/a>\n\t\t<\/div>","protected":false},"excerpt":{"rendered":"<p>RDC-Beni : L\u2019arm\u00e9e signale la pr\u00e9sence des miliciens venus de Lubero et qui attaquent \u00e0 partir des zones ADF Lundi 22 octobre 2018 &#8211; 17:33 Les FARDC au front dans la p\u00e9riph\u00e9rie de Beni apr\u00e8s affrontements avec des miliciens Mai-Mai ce lundi 22 octobre 2018 (Photo Yassin Kombi\/ACTUALITE.CD) L\u2019arm\u00e9e a affirm\u00e9 ce lundi 22 octobre [&hellip;]<\/p>\n","protected":false},"author":4,"featured_media":0,"comment_status":"open","ping_status":"closed","sticky":false,"template":"","format":"standard","meta":{"footnotes":""},"categories":[7,8,1],"tags":[],"class_list":["post-3573","post","type-post","status-publish","format-standard","hentry","category-politique","category-societe","category-uncategorized"],"_links":{"self":[{"href":"https:\/\/congokin.blog\/index.php?rest_route=\/wp\/v2\/posts\/3573","targetHints":{"allow":["GET"]}}],"collection":[{"href":"https:\/\/congokin.blog\/index.php?rest_route=\/wp\/v2\/posts"}],"about":[{"href":"https:\/\/congokin.blog\/index.php?rest_route=\/wp\/v2\/types\/post"}],"author":[{"embeddable":true,"href":"https:\/\/congokin.blog\/index.php?rest_route=\/wp\/v2\/users\/4"}],"replies":[{"embeddable":true,"href":"https:\/\/congokin.blog\/index.php?rest_route=%2Fwp%2Fv2%2Fcomments&post=3573"}],"version-history":[{"count":0,"href":"https:\/\/congokin.blog\/index.php?rest_route=\/wp\/v2\/posts\/3573\/revisions"}],"wp:attachment":[{"href":"https:\/\/congokin.blog\/index.php?rest_route=%2Fwp%2Fv2%2Fmedia&parent=3573"}],"wp:term":[{"taxonomy":"category","embeddable":true,"href":"https:\/\/congokin.blog\/index.php?rest_route=%2Fwp%2Fv2%2Fcategories&post=3573"},{"taxonomy":"post_tag","embeddable":true,"href":"https:\/\/congokin.blog\/index.php?rest_route=%2Fwp%2Fv2%2Ftags&post=3573"}],"curies":[{"name":"wp","href":"https:\/\/api.w.org\/{rel}","templated":true}]}}