{"id":3575,"date":"2018-10-23T03:02:24","date_gmt":"2018-10-23T03:02:24","guid":{"rendered":"https:\/\/congokin.media\/?p=3575"},"modified":"2018-10-23T03:02:24","modified_gmt":"2018-10-23T03:02:24","slug":"rdc-ludps-ira-aux-elections-avec-ou-sans-machine-a-voter","status":"publish","type":"post","link":"https:\/\/congokin.blog\/?p=3575","title":{"rendered":"RDC : l\u2019UDPS ira aux \u00e9lections avec ou sans machine \u00e0 voter"},"content":{"rendered":"<h3 class=\"page-header\">RDC : l\u2019UDPS ira aux \u00e9lections avec ou sans machine \u00e0 voter<\/h3>\n<div class=\"region region-content\">\n<section id=\"block-system-main\" class=\"block block-system clearfix\">\n<div id=\"article_area\" class=\"panel-flexible panels-flexible-3 clearfix\">\n<div class=\"panel-flexible-inside panels-flexible-3-inside\">\n<div class=\"panels-flexible-column panels-flexible-column-3-main panels-flexible-column-first\">\n<div class=\"inside panels-flexible-column-inside panels-flexible-column-3-main-inside panels-flexible-column-inside-first\">\n<div class=\"panels-flexible-row panels-flexible-row-3-main-row panels-flexible-row-first clearfix\">\n<div class=\"inside panels-flexible-row-inside panels-flexible-row-3-main-row-inside panels-flexible-row-inside-first clearfix\">\n<div class=\"panels-flexible-region panels-flexible-region-3-center panels-flexible-region-first panels-flexible-region-last article-meta\">\n<div class=\"inside panels-flexible-region-inside panels-flexible-region-3-center-inside panels-flexible-region-inside-first panels-flexible-region-inside-last\">\n<div class=\"panel-pane pane-custom pane-2\">\n<div class=\"pane-content\">\n<p>Publi\u00e9 le lun, 22\/10\/2018 &#8211; 18:56 | Modifi\u00e9 le lun, 22\/10\/2018 &#8211; 19:14<\/p>\n<\/div>\n<\/div>\n<div class=\"panel-pane pane-block pane-addtoany-addtoany-button\">\n<div class=\"pane-content\"><\/div>\n<\/div>\n<\/div>\n<\/div>\n<\/div>\n<\/div>\n<div class=\"panels-flexible-row panels-flexible-row-3-3 clearfix article-content\">\n<div class=\"inside panels-flexible-row-inside panels-flexible-row-3-3-inside clearfix\">\n<div class=\"panels-flexible-region panels-flexible-region-3-article_content_eeg panels-flexible-region-first panels-flexible-region-last article-content-reg\">\n<div class=\"inside panels-flexible-region-inside panels-flexible-region-3-article_content_eeg-inside panels-flexible-region-inside-first panels-flexible-region-inside-last\">\n<div class=\"panel-pane pane-node-content\">\n<div class=\"pane-content\">\n<article id=\"node-186018\" class=\"node node-article clearfix\">\n<header><\/header>\n<div class=\"field field-name-body field-type-text-with-summary field-label-hidden\">\n<div class=\"field-items\">\n<div class=\"field-item even\">\n<div class=\"big_wrapper_class\"><img decoding=\"async\" title=\"Vue du si\u00e8ge de l\u2019UDPS \u00e0 Kinshasa, le 27\/02\/2017 lors des obs\u00e8ques d\u2019Etienne Tshisekedi. Radio Okapi\/Ph. John Bompengo\" src=\"https:\/\/lh3.googleusercontent.com\/-Id3zcFr_abo\/WLRoWvUEBdI\/AAAAAAAB-NQ\/6A4macq-2Zslld7lB9xtC784Zg8JmkNVgCHMYBhgL\/s1280\/R56A1216.JPG?imgmax=500\" \/><\/p>\n<div class=\"gem_pic_caption\">Vue du si\u00e8ge de l\u2019UDPS \u00e0 Kinshasa, le 27\/02\/2017 lors des obs\u00e8ques d\u2019Etienne Tshisekedi. Radio Okapi\/Ph. John Bompengo<\/div>\n<\/div>\n<p>Le parti politique de l\u2019opposition l\u2019Union pour la d\u00e9mocratie et le progr\u00e8s social (UDPS) affirme qu\u2019il est\u00a0pr\u00eat\u00a0d&rsquo;aller aux \u00e9lections le 23 D\u00e9cembre avec ou sans la machine \u00e0 voter.<\/p>\n<p>L&rsquo;option a \u00e9t\u00e9 lev\u00e9e par l\u2019UDPS pour ne pas permettre le report des \u00e9lections, affirme le secr\u00e9taire g\u00e9n\u00e9ral adjoint charg\u00e9 de la communication et mobilisation, Augustin\u00a0Kabuya.<\/p>\n<p>Cependant, ce r\u00e9trop\u00e9dalage ne balaye pas les reproches formul\u00e9s au sujet de la machine \u00e0 voter,\u00a0note\u00a0M.\u00a0Kabuya.<\/p>\n<p>Le secr\u00e9taire g\u00e9n\u00e9ral adjoint charg\u00e9 de la communication et mobilisation parle d\u2019une d\u00e9cision responsable de l\u2019UDPS. Car ajoute Augustin\u00a0Kabuya, elle contraint le pouvoir et la CENI \u00e0 organiser les \u00e9lections dans les d\u00e9lais.<\/p>\n<p><em>\u201cNous sommes devant une r\u00e9alit\u00e9. Nous avons pris\u00a0notre\u00a0responsabilit\u00e9\u00a0pour qu\u2019on nous am\u00e8ne aux \u00e9lections avec ou sans machine \u00e0 voter. Cela ne veut pas dire que nous avons accord\u00e9 la cr\u00e9dibilit\u00e9 \u00e0 cette machine. On ne peut pas organiser la fraude seulement avec la machine. M\u00eame avec les bulletins, on organise la fraude \u00e9lectorale\u201d,\u00a0<\/em>argumente\u00a0Augustin\u00a0Kabuya.<\/p>\n<p>Avec cette derni\u00e8re d\u00e9cision, l\u2019UDPS ne se d\u00e9solidarise pas du reste de l\u2019opposition, affirme M. Kabuya qui rejette aussi l\u2019id\u00e9e d\u2019une trahison.<\/p>\n<p><em>\u201cCeux qui pensent\u00a0aujourd\u2019hui\u00a0que l\u2019UDPS est corrompu, ils se trompent. Nous avons refus\u00e9 de\u00a0cautionner\u00a0l\u2019arbitraire. Nous ne sommes pas les nouveaux venus. Nous savons ce que nous faisons. L&rsquo;UDPS ne trahira jamais le peuple congolais, encore moins\u00a0la\u00a0m\u00e9moire\u00a0d&rsquo;Etienne\u00a0Tshisekedi\u201d,<\/em>\u00a0a fait remarquer M. kabuya.<\/p>\n<\/div>\n<\/div>\n<\/div>\n<\/article>\n<\/div>\n<\/div>\n<\/div>\n<\/div>\n<\/div>\n<\/div>\n<\/div>\n<\/div>\n<\/div>\n<\/div>\n<\/section>\n<\/div>\n<div style=\"text-align:center\" class=\"wps-pgfw-pdf-generate-icon__wrapper-frontend\">\n\t\t<a href=\"https:\/\/congokin.blog?action=genpdf&amp;id=3575\" class=\"pgfw-single-pdf-download-button\" ><img src=\"https:\/\/congokin.blog\/wp-content\/plugins\/pdf-generator-for-wp\/admin\/src\/images\/PDF_Tray.svg\" title=\"G\u00e9n\u00e9rer un PDF\" style=\"width:auto; height:45px;\"><\/a>\n\t\t<\/div>","protected":false},"excerpt":{"rendered":"<p>RDC : l\u2019UDPS ira aux \u00e9lections avec ou sans machine \u00e0 voter Publi\u00e9 le lun, 22\/10\/2018 &#8211; 18:56 | Modifi\u00e9 le lun, 22\/10\/2018 &#8211; 19:14 Vue du si\u00e8ge de l\u2019UDPS \u00e0 Kinshasa, le 27\/02\/2017 lors des obs\u00e8ques d\u2019Etienne Tshisekedi. Radio Okapi\/Ph. John Bompengo Le parti politique de l\u2019opposition l\u2019Union pour la d\u00e9mocratie et le progr\u00e8s [&hellip;]<\/p>\n","protected":false},"author":4,"featured_media":0,"comment_status":"open","ping_status":"closed","sticky":false,"template":"","format":"standard","meta":{"footnotes":""},"categories":[7,8,1],"tags":[],"class_list":["post-3575","post","type-post","status-publish","format-standard","hentry","category-politique","category-societe","category-uncategorized"],"_links":{"self":[{"href":"https:\/\/congokin.blog\/index.php?rest_route=\/wp\/v2\/posts\/3575","targetHints":{"allow":["GET"]}}],"collection":[{"href":"https:\/\/congokin.blog\/index.php?rest_route=\/wp\/v2\/posts"}],"about":[{"href":"https:\/\/congokin.blog\/index.php?rest_route=\/wp\/v2\/types\/post"}],"author":[{"embeddable":true,"href":"https:\/\/congokin.blog\/index.php?rest_route=\/wp\/v2\/users\/4"}],"replies":[{"embeddable":true,"href":"https:\/\/congokin.blog\/index.php?rest_route=%2Fwp%2Fv2%2Fcomments&post=3575"}],"version-history":[{"count":0,"href":"https:\/\/congokin.blog\/index.php?rest_route=\/wp\/v2\/posts\/3575\/revisions"}],"wp:attachment":[{"href":"https:\/\/congokin.blog\/index.php?rest_route=%2Fwp%2Fv2%2Fmedia&parent=3575"}],"wp:term":[{"taxonomy":"category","embeddable":true,"href":"https:\/\/congokin.blog\/index.php?rest_route=%2Fwp%2Fv2%2Fcategories&post=3575"},{"taxonomy":"post_tag","embeddable":true,"href":"https:\/\/congokin.blog\/index.php?rest_route=%2Fwp%2Fv2%2Ftags&post=3575"}],"curies":[{"name":"wp","href":"https:\/\/api.w.org\/{rel}","templated":true}]}}