{"id":3579,"date":"2018-10-24T04:10:52","date_gmt":"2018-10-24T04:10:52","guid":{"rendered":"https:\/\/congokin.media\/?p=3579"},"modified":"2018-10-24T04:10:52","modified_gmt":"2018-10-24T04:10:52","slug":"jean-pierre-bemba-avec-felix-tshisekedi-a-bruxelles-nous-avons-convenu-tous-sur-la-machine-a-voter","status":"publish","type":"post","link":"https:\/\/congokin.blog\/?p=3579","title":{"rendered":"Jean-Pierre Bemba : \u00ab Avec F\u00e9lix Tshisekedi, \u00e0 Bruxelles, nous avons convenu tous sur la machine \u00e0 voter \u00bb"},"content":{"rendered":"<h3 class=\"page-header\">Jean-Pierre Bemba : \u00ab Avec F\u00e9lix Tshisekedi, \u00e0 Bruxelles, nous avons convenu tous sur la machine \u00e0 voter \u00bb<\/h3>\n<div class=\"region region-content\">\n<section id=\"block-system-main\" class=\"block block-system clearfix\">\n<div id=\"article_area\" class=\"panel-flexible panels-flexible-3 clearfix\">\n<div class=\"panel-flexible-inside panels-flexible-3-inside\">\n<div class=\"panels-flexible-column panels-flexible-column-3-main panels-flexible-column-first\">\n<div class=\"inside panels-flexible-column-inside panels-flexible-column-3-main-inside panels-flexible-column-inside-first\">\n<div class=\"panels-flexible-row panels-flexible-row-3-main-row panels-flexible-row-first clearfix\">\n<div class=\"inside panels-flexible-row-inside panels-flexible-row-3-main-row-inside panels-flexible-row-inside-first clearfix\">\n<div class=\"panels-flexible-region panels-flexible-region-3-center panels-flexible-region-first panels-flexible-region-last article-meta\">\n<div class=\"inside panels-flexible-region-inside panels-flexible-region-3-center-inside panels-flexible-region-inside-first panels-flexible-region-inside-last\">\n<div class=\"panel-pane pane-custom pane-2\">\n<div class=\"pane-content\">\n<p>Publi\u00e9 le mar, 23\/10\/2018 &#8211; 12:33 | Modifi\u00e9 le mar, 23\/10\/2018 &#8211; 14:36<\/p>\n<\/div>\n<\/div>\n<div class=\"panel-separator\"><\/div>\n<div class=\"panel-pane pane-block pane-block-12\">\n<div class=\"pane-content\">\n<div class=\"button share-button facebook-share-button\">share<\/div>\n<div class=\"button share-button twitter-share-button\">tweet<\/div>\n<\/div>\n<\/div>\n<div class=\"panel-pane pane-block pane-addtoany-addtoany-button\">\n<div class=\"pane-content\"><span id=\"\" class=\"a2a_kit a2a_kit_size_24 a2a_target addtoany_list\">\u00a0<\/span><\/div>\n<\/div>\n<\/div>\n<\/div>\n<\/div>\n<\/div>\n<div class=\"panels-flexible-row panels-flexible-row-3-3 clearfix article-content\">\n<div class=\"inside panels-flexible-row-inside panels-flexible-row-3-3-inside clearfix\">\n<div class=\"panels-flexible-region panels-flexible-region-3-article_content_eeg panels-flexible-region-first panels-flexible-region-last article-content-reg\">\n<div class=\"inside panels-flexible-region-inside panels-flexible-region-3-article_content_eeg-inside panels-flexible-region-inside-first panels-flexible-region-inside-last\">\n<div class=\"panel-pane pane-node-content\">\n<div class=\"pane-content\">\n<article id=\"node-186026\" class=\"node node-article clearfix\">\n<header><\/header>\n<div class=\"field field-name-body field-type-text-with-summary field-label-hidden\">\n<div class=\"field-items\">\n<div class=\"field-item even\">\n<div class=\"big_wrapper_class\"><img decoding=\"async\" title=\"Jean-Pierre Bemba, F\u00e9lix Tshisekedi, Vital Kamerhe, Moise Katumbi, Adolphe Muzito lors d'une r\u00e9union le 12\/09\/2018 \u00e0 Bruxelles. Photo Albert Mukulubundu.\" src=\"https:\/\/lh3.googleusercontent.com\/-8H9mOPNJaBQ\/W5lEpC9o7EI\/AAAAAAACOL4\/8M7udZWLpdAl_NnXzoaP9SPtfmKrNnsCQCHMYBhgL\/9f5cfd9e-f61e-4952-852e-927668a3d781.jpg?imgmax=500\" \/><\/p>\n<div class=\"gem_pic_caption\">Jean-Pierre Bemba, F\u00e9lix Tshisekedi, Vital Kamerhe, Moise Katumbi, Adolphe Muzito lors d&rsquo;une r\u00e9union le 12\/09\/2018 \u00e0 Bruxelles. Photo Albert Mukulubundu.<\/div>\n<\/div>\n<p>Le pr\u00e9sident du Mouvement de lib\u00e9ration du Congo (MLC), Jean-Pierre Bemba, explique le bien- fond\u00e9 de la marche de toute l\u2019opposition pr\u00e9vue vendredi 26 octobre. Depuis Bruxelles o\u00f9 il s\u00e9journe, le s\u00e9nateur congolais s\u2019exprime \u00e9galement sur l\u2019\u00e9volution des discussions autour d\u2019un programme commun et d\u2019une candidature unique de l\u2019opposition \u00e0 la pr\u00e9sidentielle.\u00a0Voici l\u2019int\u00e9gralit\u00e9 de l\u2019interview r\u00e9alis\u00e9e par Ascain Zigbia\u00a0:<\/p>\n<p><strong>Radio Okapi\u00a0<\/strong>:\u00a0<strong>Ces derniers temps vous ne cessez de multiplier des contacts avec vos militants pour les encourager \u00e0 participer \u00e0 la marche de l\u2019opposition pr\u00e9vue ce vendredi 26 octobre 2018. Vous l\u2019avez fait ici \u00e0 Kinshasa, r\u00e9cemment \u00e0 Mbandaka par vid\u00e9o-conf\u00e9rence. Pourquoi appuyez-vous l\u2019organisation d\u2019une telle marche, \u00e0 deux mois presque de la tenue des \u00e9lections\u00a0?<\/strong><\/p>\n<p><strong>Jean-Pierre Bemba\u00a0:<\/strong>\u00a0Parce que d\u2019abord la CENI, principalement la pr\u00e9sidence du bureau de la CENI est sourde \u00e0 l\u2019appel de la population, des cadres et des candidats aux diff\u00e9rentes \u00e9lections, qui sont en train de se plaindre de ce qu\u2019on appelle aujourd\u2019hui la \u00ab\u00a0machine \u00e0 tricher (machine \u00e0 voter), et surtout les noms des dix millions d\u2019\u00e9lecteurs fictifs qui sont d\u00e9j\u00e0 mis en place pour pouvoir d\u00e9j\u00e0 faire gagner le candidat \u00e0 tous les niveaux des \u00e9lections et pouvoir se cr\u00e9er une majorit\u00e9 et mettre en place un chef d\u2019Etat sur base des dix millions des fictifs.<\/p>\n<p>Contrairement \u00e0 ce que doivent \u00eatre des \u00e9lections dans un Etat d\u00e9mocratique, qui doivent \u00eatre l\u2019inspiration et l\u2019\u00e9manation du peuple&#8230; Ce qui se fait qu\u2019\u00e0 partir du moment o\u00f9 il n\u2019y a pas de dialogue et de\u00a0coop\u00e9ration au niveau de la CENI, il n\u2019est jamais trop tard pour pouvoir appeler la population &#8211; qui est le souverain primaire &#8211; de pouvoir se d\u00e9terminer, bien s\u00fbr pacifiquement, conform\u00e9ment \u00e0 la constitution et aux droits qui sont r\u00e9serv\u00e9s au peuple de pouvoir manifester en informant les autorit\u00e9s.<\/p>\n<p><strong>Est-ce qu\u2019avec une telle marche, peut-on dire que vous \u00eates sur le sch\u00e9ma du boycott des \u00e9lections\u00a0ou le contraire ?<\/strong><\/p>\n<p>Ce n\u2019est pas le boycott. Aujourd\u2019hui, ce que nous appelons, c\u2019est que la CENI revienne \u00e0 la raison. Ou alors que ce qui sera fait, s\u2019il devait le maintenir, c\u2019est qu\u2019effectivement, elle confirme qu\u2019elle est en train de mettre en place la plus grande fraude \u00e9lectorale avec une affaire de machine \u00e0 voter qui n\u2019a jamais \u00e9t\u00e9 test\u00e9e nulle part dans le monde. Je pense qu\u2019il n\u2019y a personne qui est dupe. Aujourd\u2019hui, nous connaissons le sch\u00e9ma.<\/p>\n<p><strong>Mais, est-ce vous avez des assurances que vos pr\u00e9occupations telles que vous les \u00e9voquez maintenant-l\u00e0 seront prises en compte par la CENI, qui se tient sans ambages \u00e0 l\u2019usage de la machine \u00e0 voter aux prochains scrutins\u00a0?<\/strong><\/p>\n<p>Ecoutez\u00a0! le fait de manifester justement une protestation, nous esp\u00e9rons que les protestations seront entendues par les autorit\u00e9s de la place, \u00e9galement par la Commission \u00e9lectorale nationale ind\u00e9pendante, qui organise ces \u00e9lections.<\/p>\n<p><strong>Quelle alternative pr\u00e9conisez-vous dans l\u2019hypoth\u00e8se o\u00f9 la CENI ne pr\u00eate pas oreille attentive \u00e0 vos dol\u00e9ances\u00a0? Vous allez faire quoi\u00a0?<\/strong><\/p>\n<p>Mais, c\u2019est une violation de la loi \u00e9lectorale. La loi \u00e9lectorale n\u2019autorise pas l\u2019utilisation de la machine \u00e0 voter, mais bien de bulletins de vote \u00e0 papier. Nous demandons simplement que la Commission Electorale Nationale Ind\u00e9pendante, soi-disant, puisse respecter elle-m\u00eame les lois de la r\u00e9publique, sinon alors on est dans quel type de d\u00e9mocratie?<\/p>\n<p><strong>Mais, Jean-Pierre Bemba, dites-nous clairement, est-ce qu\u2019il y a vraiment l\u2019unanimit\u00e9 de toute l\u2019opposition sur le refus de la machine \u00e0 voter, lorsqu\u2019on voit aujourd\u2019hui l\u2019UDPS qui explique \u00e0 l\u2019opinion que la machine \u00e0 voter est un pi\u00e8ge, un pr\u00e9texte pour ne pas aller aux \u00e9lections\u00a0?<\/strong><\/p>\n<p>Nous avons sign\u00e9 avec F\u00e9lix Tshisekedi, le pr\u00e9sident de l\u2019UDPS, \u00e0 Bruxelles, nous avons convenu tous au niveau des points. Nous avons sign\u00e9, il a sign\u00e9 librement la question de cette machine soi-disant \u00e0 voter et nous \u00e9tions tous tomber d\u2019accord.<\/p>\n<p><strong>Mais, vous ne voyez pas que l\u2019UDPS a chang\u00e9 un peu d\u2019avis sur \u00e7a\u00a0?<\/strong><\/p>\n<p>Il faudra donc leur poser la question, monsieur. Je ne suis pas de l\u2019UDPS.<\/p>\n<p><strong>Apr\u00e8s le dernier meeting de l\u2019opposition, vous aviez propos\u00e9 \u00e0 l\u2019opposition de se r\u00e9unir d&rsquo;urgence pour monter un programme commun et choisir un candidat unique de l\u2019opposition \u00e0 la presidentielle. O\u00f9 en \u00eates-vous aujourd\u2019hui avec cette proposition\u00a0?<\/strong><\/p>\n<p>C\u2019est en cours\u00a0! Les r\u00e9unions se tiennent quotidiennement. Tous les candidats \u00e0 l\u2019\u00e9lection pr\u00e9sidentielle ont propos\u00e9 et pr\u00e9sent\u00e9 au niveau de l\u2019opinion publique leurs programmes respectifs. Il appartient maintenant \u00e0 la commission qui a \u00e9t\u00e9 mise en place de pouvoir regrouper tout \u00e7a et de faire une proposition d\u2019un programme commun. \u00c7a va sortir dans les jours qui viennent.<\/p>\n<p><strong>Jean-Pierre Bemba, au regard des informations que vous d\u00e9tenez sur l\u2019\u00e9tat d\u2019avancement du processus \u00e9lectoral en RDC, est-ce que vous croyez vraiment avec sinc\u00e9rit\u00e9 \u00e0 la tenue des \u00e9lections le 23 d\u00e9cembre prochain ?<\/strong><\/p>\n<p>Nous l\u2019esp\u00e9rons bien\u00a0! Nous esp\u00e9rons tous qu\u2019un changement de r\u00e9gime va avoir lieu, et bien s\u00fbr il faudrait encore que \u00e7a puisse se faire dans la transparence avec plus de cr\u00e9dibilit\u00e9. Donc, ce que nous souhaitons, c&rsquo;est qu\u2019on puisse aller aux \u00e9lections transparentes et cr\u00e9dibles surtout.<\/p>\n<p><strong>A quand votre retour au pays\u00a0?<\/strong><\/p>\n<p>Lorsque je vais terminer mes activit\u00e9s au niveau de l\u2019ext\u00e9rieur du pays. Je reviendrai au niveau du pays \u00e9galement.<\/p>\n<\/div>\n<\/div>\n<\/div>\n<\/article>\n<\/div>\n<\/div>\n<\/div>\n<\/div>\n<\/div>\n<\/div>\n<\/div>\n<\/div>\n<\/div>\n<\/div>\n<\/section>\n<\/div>\n<div style=\"text-align:center\" class=\"wps-pgfw-pdf-generate-icon__wrapper-frontend\">\n\t\t<a href=\"https:\/\/congokin.blog?action=genpdf&amp;id=3579\" class=\"pgfw-single-pdf-download-button\" ><img src=\"https:\/\/congokin.blog\/wp-content\/plugins\/pdf-generator-for-wp\/admin\/src\/images\/PDF_Tray.svg\" title=\"G\u00e9n\u00e9rer un PDF\" style=\"width:auto; height:45px;\"><\/a>\n\t\t<\/div>","protected":false},"excerpt":{"rendered":"<p>Jean-Pierre Bemba : \u00ab Avec F\u00e9lix Tshisekedi, \u00e0 Bruxelles, nous avons convenu tous sur la machine \u00e0 voter \u00bb Publi\u00e9 le mar, 23\/10\/2018 &#8211; 12:33 | Modifi\u00e9 le mar, 23\/10\/2018 &#8211; 14:36 share tweet \u00a0 Jean-Pierre Bemba, F\u00e9lix Tshisekedi, Vital Kamerhe, Moise Katumbi, Adolphe Muzito lors d&rsquo;une r\u00e9union le 12\/09\/2018 \u00e0 Bruxelles. Photo Albert Mukulubundu. [&hellip;]<\/p>\n","protected":false},"author":4,"featured_media":0,"comment_status":"open","ping_status":"closed","sticky":false,"template":"","format":"standard","meta":{"footnotes":""},"categories":[7,8,1],"tags":[],"class_list":["post-3579","post","type-post","status-publish","format-standard","hentry","category-politique","category-societe","category-uncategorized"],"_links":{"self":[{"href":"https:\/\/congokin.blog\/index.php?rest_route=\/wp\/v2\/posts\/3579","targetHints":{"allow":["GET"]}}],"collection":[{"href":"https:\/\/congokin.blog\/index.php?rest_route=\/wp\/v2\/posts"}],"about":[{"href":"https:\/\/congokin.blog\/index.php?rest_route=\/wp\/v2\/types\/post"}],"author":[{"embeddable":true,"href":"https:\/\/congokin.blog\/index.php?rest_route=\/wp\/v2\/users\/4"}],"replies":[{"embeddable":true,"href":"https:\/\/congokin.blog\/index.php?rest_route=%2Fwp%2Fv2%2Fcomments&post=3579"}],"version-history":[{"count":0,"href":"https:\/\/congokin.blog\/index.php?rest_route=\/wp\/v2\/posts\/3579\/revisions"}],"wp:attachment":[{"href":"https:\/\/congokin.blog\/index.php?rest_route=%2Fwp%2Fv2%2Fmedia&parent=3579"}],"wp:term":[{"taxonomy":"category","embeddable":true,"href":"https:\/\/congokin.blog\/index.php?rest_route=%2Fwp%2Fv2%2Fcategories&post=3579"},{"taxonomy":"post_tag","embeddable":true,"href":"https:\/\/congokin.blog\/index.php?rest_route=%2Fwp%2Fv2%2Ftags&post=3579"}],"curies":[{"name":"wp","href":"https:\/\/api.w.org\/{rel}","templated":true}]}}