{"id":3581,"date":"2018-10-24T04:14:41","date_gmt":"2018-10-24T04:14:41","guid":{"rendered":"https:\/\/congokin.media\/?p=3581"},"modified":"2018-10-24T04:14:41","modified_gmt":"2018-10-24T04:14:41","slug":"rdc-la-volte-face-dantoine-gizenga-leader-du-palu","status":"publish","type":"post","link":"https:\/\/congokin.blog\/?p=3581","title":{"rendered":"RDC: la volte-face d\u2019Antoine Gizenga, leader du Palu"},"content":{"rendered":"<header class=\"wrapper\">\n<div class=\"row\">\n<div class=\"col-md-12 col-sm-12 col-xs-12\">\n<h3>RDC: la volte-face d\u2019Antoine Gizenga, leader du Palu<\/h3>\n<\/div>\n<\/div>\n<div class=\"row\">\n<div class=\"block-image col-md-12 col-sm-12 col-xs-12\">\n<figure>\n<figure class=\"ratio-16x9-height cell-news\"><img decoding=\"async\" class=\"image-transition image-loaded\" src=\"http:\/\/scd.rfi.fr\/sites\/filesrfi\/dynimagecache\/0\/90\/432\/244\/1024\/578\/sites\/images.rfi.fr\/files\/aef_image\/rdc_gizenga432.jpg\" alt=\"\" data-image-nid=\"82E18E27-01B6-4CA2-BC92-FDF5E1D58CF4\" data-image-src=\"http:\/\/scd.rfi.fr\/sites\/filesrfi\/dynimagecache\/0\/90\/432\/244\/1024\/578\/sites\/images.rfi.fr\/files\/aef_image\/rdc_gizenga432.jpg\" data-image-loaded=\"true\" \/><\/figure><figcaption>Antoine Gizenga, ancien Premier ministre congolais et actuel chef du Parti lumumbiste unifi\u00e9 (Palu)<br \/>\n\u00a9 Photo: Reuters<\/figcaption><\/figure>\n<div class=\"block-social fixedpos\"><\/div>\n<\/div>\n<\/div>\n<\/header>\n<section class=\"row metadata\">\n<div class=\"col-md-12 col-sm-12 col-xs-12\">\n<p class=\"meta\"><span class=\"authors\">Par\u00a0RFI\u00a0<\/span><span class=\"pubDate\">Publi\u00e9 le 21-10-2018<\/span>\u00a0<span class=\"modDate\">Modifi\u00e9 le 21-10-2018 \u00e0 13:12<\/span><\/p>\n<\/div>\n<\/section>\n<section class=\"row intro\">\n<div class=\"col-md-12 col-sm-12 col-xs-12\">\n<div class=\"pub-content hidden-xs\">\n<div id=\"gdfp-05750727068627692\" class=\"tms-block\" data-pos=\"1\" data-type=\"pave\" data-location=\"sidebar\" data-expand=\"true\" data-loaded=\"true\" data-int-loaded=\"true\"><\/div>\n<div id=\"gdfp-9981100911204459\" class=\"tms-block\" data-pos=\"1\" data-type=\"int\" data-location=\"int\" data-expand=\"false\" data-loaded=\"true\"><\/div>\n<\/div>\n<h3>En R\u00e9publique d\u00e9mocratique du Congo (RDC), le divorce entre le Parti lumumbiste unif\u00e9 (Palu) et la majorit\u00e9 n&rsquo;aura pas dur\u00e9 tr\u00e8s longtemps. En d\u00e9but de ce mois d\u2019octobre, le parti d&rsquo;Antoine Gizenga annon\u00e7ait prendre ses distances avec la famille politique du pr\u00e9sident Joseph Kabila mais ce samedi 20 octobre, l&rsquo;ancien Premier ministre, \u00e2g\u00e9 de 93 ans, demande \u00e0 ses partisans de soutenir la candidature d&rsquo;Emmanuel Ramazani Shadary, candidat du pouvoir pour l\u2019\u00e9lection pr\u00e9sidentielle du 23 d\u00e9cembre.<\/h3>\n<p>C&rsquo;est par une d\u00e9claration, lue dans sa r\u00e9sidence, que le chef du Parti lumumbiste unifi\u00e9 a appel\u00e9 ses partisans \u00e0 soutenir la candidature d&rsquo;Emmanuel Ramazani Shadary, d\u00e9sign\u00e9 pour repr\u00e9senter le Front commun pour le Congo (FCC). Lugui Gizenga, secr\u00e9taire permanent du Palu et fils d&rsquo;Antoine, r\u00e9sume sa d\u00e9claration.<\/p>\n<p>\u00ab\u00a0<em>La direction politique du Parti lumumbiste unifi\u00e9 donne \u00e0 ses militants, \u00e0 ses sympathisants et \u00e0 tout son \u00e9lectorat les consignes suivantes: \u00e0 l\u2019\u00e9lection pr\u00e9sidentielle, soutenir le candidat ind\u00e9pendant Emmanuel Ramazani Shadary<\/em>\u00a0\u00bb, a-t-il d\u00e9clar\u00e9.<\/p>\n<p>Dans les rangs des alli\u00e9s du Palu, c&rsquo;est le qui-vive. Henri Thomas Lokondo, deuxi\u00e8me vice-pr\u00e9sident du regroupement politique Palu et alli\u00e9s promet d&rsquo;analyser froidement, dans les prochains jours, cette volte-face.<\/p>\n<p>\u00ab\u00a0<em>Pour ce qui concerne l\u2019Union congolaise pour la libert\u00e9, nous observons les choses et comment elles \u00e9voluent. Nous allons nous prononcer au moment opportun et ce, sans pr\u00e9cipitation inconsid\u00e9r\u00e9e, ni atermoiements funestes<\/em>\u00a0\u00bb.<\/p>\n<p>Il y a environ trois semaines, ce regroupement politique avait d\u00e9nonc\u00e9 l&rsquo;invalidation de la candidature \u00e0 la pr\u00e9sidentielle d&rsquo;Antoine Gizenga. Par la m\u00eame occasion,\u00a0<strong>Gizenga et ses alli\u00e9s<\/strong>\u00a0avaient d\u00e9cid\u00e9 de ne soutenir aucun candidat \u00e0 la pr\u00e9sidentielle.<\/p>\n<p><strong>\u00ab<\/strong>\u00a0<em><strong>Trop, c\u2019est trop<\/strong><\/em>\u00a0<strong>\u00bb<\/strong><\/p>\n<p>Joint par RFI, Jean-Jacques Lumumba, l&rsquo;un des petits neveux de Patrice Lumumba, estime qu&rsquo;Antoine Gizenga \u00ab\u00a0<em>pi\u00e9tine<\/em>\u00a0\u00bb la m\u00e9moire du Premier ministre du Congo.<\/p>\n<p>\u00ab\u00a0<em>Je suis tr\u00e8s indign\u00e9 parce que sa m\u00e9moire, depuis l\u2019arriv\u00e9e au pouvoir de ce r\u00e9gime, ne fait qu\u2019\u00eatre insult\u00e9e et pi\u00e9tin\u00e9e parce que Lumumba a eu des grands id\u00e9aux. Il a aim\u00e9 son peuple, il a donn\u00e9 sa vie pour son peuple, il a vers\u00e9 son sang pour que ce peuple puisse vivre dans des contions tr\u00e8s ais\u00e9es et c\u2019est ce qui m\u2019a fait r\u00e9agir c\u2019est-\u00e0-dire voir que ce parti qui se dit lumumbiste puisse se mette en ordre pour soutenir une parodie d\u2019\u00e9lection avec tout ce qui se passe contre les activistes et contre la libert\u00e9 au Congo<\/em>\u00a0\u00bb, a-t-il d\u00e9clar\u00e9 \u00e0 RFI.<\/p>\n<p>\u00ab\u00a0<em>Je ne vois pas comment la continuit\u00e9 de ce r\u00e9gime pourrait d\u00e9fendre en mieux les id\u00e9aux de Patrice Lumumba. Il \u00e9tait de mon devoir, en tant que petit neveu d\u2019abord et tant que lumumbiste, de me lever et de dire que trop, c\u2019est trop. Aujourd\u2019hui, mon regret c\u2019est de voir que de plus en plus, le nom de Lumumba constitue un fonds de commerce. Ce n\u2019est pas ce que nous voulons, ce n\u2019est pas ce qu\u2019il aurait voulu faire de son nom pour son peuple<\/em>\u00a0\u00bb, a ajout\u00e9 Jean-Jacques Lumumba<\/p>\n<\/div>\n<\/section>\n<div style=\"text-align:center\" class=\"wps-pgfw-pdf-generate-icon__wrapper-frontend\">\n\t\t<a href=\"https:\/\/congokin.blog?action=genpdf&amp;id=3581\" class=\"pgfw-single-pdf-download-button\" ><img src=\"https:\/\/congokin.blog\/wp-content\/plugins\/pdf-generator-for-wp\/admin\/src\/images\/PDF_Tray.svg\" title=\"G\u00e9n\u00e9rer un PDF\" style=\"width:auto; height:45px;\"><\/a>\n\t\t<\/div>","protected":false},"excerpt":{"rendered":"<p>RDC: la volte-face d\u2019Antoine Gizenga, leader du Palu Antoine Gizenga, ancien Premier ministre congolais et actuel chef du Parti lumumbiste unifi\u00e9 (Palu) \u00a9 Photo: Reuters Par\u00a0RFI\u00a0Publi\u00e9 le 21-10-2018\u00a0Modifi\u00e9 le 21-10-2018 \u00e0 13:12 En R\u00e9publique d\u00e9mocratique du Congo (RDC), le divorce entre le Parti lumumbiste unif\u00e9 (Palu) et la majorit\u00e9 n&rsquo;aura pas dur\u00e9 tr\u00e8s longtemps. En [&hellip;]<\/p>\n","protected":false},"author":4,"featured_media":0,"comment_status":"open","ping_status":"closed","sticky":false,"template":"","format":"standard","meta":{"footnotes":""},"categories":[7,8,1],"tags":[],"class_list":["post-3581","post","type-post","status-publish","format-standard","hentry","category-politique","category-societe","category-uncategorized"],"_links":{"self":[{"href":"https:\/\/congokin.blog\/index.php?rest_route=\/wp\/v2\/posts\/3581","targetHints":{"allow":["GET"]}}],"collection":[{"href":"https:\/\/congokin.blog\/index.php?rest_route=\/wp\/v2\/posts"}],"about":[{"href":"https:\/\/congokin.blog\/index.php?rest_route=\/wp\/v2\/types\/post"}],"author":[{"embeddable":true,"href":"https:\/\/congokin.blog\/index.php?rest_route=\/wp\/v2\/users\/4"}],"replies":[{"embeddable":true,"href":"https:\/\/congokin.blog\/index.php?rest_route=%2Fwp%2Fv2%2Fcomments&post=3581"}],"version-history":[{"count":0,"href":"https:\/\/congokin.blog\/index.php?rest_route=\/wp\/v2\/posts\/3581\/revisions"}],"wp:attachment":[{"href":"https:\/\/congokin.blog\/index.php?rest_route=%2Fwp%2Fv2%2Fmedia&parent=3581"}],"wp:term":[{"taxonomy":"category","embeddable":true,"href":"https:\/\/congokin.blog\/index.php?rest_route=%2Fwp%2Fv2%2Fcategories&post=3581"},{"taxonomy":"post_tag","embeddable":true,"href":"https:\/\/congokin.blog\/index.php?rest_route=%2Fwp%2Fv2%2Ftags&post=3581"}],"curies":[{"name":"wp","href":"https:\/\/api.w.org\/{rel}","templated":true}]}}