{"id":3587,"date":"2018-10-25T11:45:49","date_gmt":"2018-10-25T11:45:49","guid":{"rendered":"https:\/\/congokin.media\/?p=3587"},"modified":"2018-10-25T11:45:49","modified_gmt":"2018-10-25T11:45:49","slug":"ludps-ne-participera-pas-a-la-marche-du-26-octobre-a-kinshasa-officiel","status":"publish","type":"post","link":"https:\/\/congokin.blog\/?p=3587","title":{"rendered":"L\u2019UDPS ne participera pas \u00e0 la marche du 26 octobre \u00e0 Kinshasa (Officiel)"},"content":{"rendered":"<div class=\"col-sm-12\" role=\"heading\">\n<div class=\"region region-header\">\n<h3 class=\"page-header\">RDC\u00a0: L\u2019UDPS ne participera pas \u00e0 la marche du 26 octobre \u00e0 Kinshasa (Officiel)<\/h3>\n<section id=\"block-views-block-date-et-heure-block-1\" class=\"views-element-container block block-views block-views-blockdate-et-heure-block-1 clearfix\">\n<div class=\"form-group\">\n<div class=\"view view-date-et-heure view-id-date_et_heure view-display-id-block_1 js-view-dom-id-f53463d412c25a4c8c563b99aae82f14015f93b732e86da187f6d1f49f5715ac\">\n<div class=\"view-content\">\n<div class=\"views-row\">\n<div class=\"views-field views-field-created\"><span class=\"field-content\">Jeudi 25 octobre 2018 &#8211; 11:29<\/span><\/div>\n<\/div>\n<\/div>\n<\/div>\n<\/div>\n<\/section>\n<\/div>\n<\/div>\n<section class=\"col-sm-9\"><img loading=\"lazy\" decoding=\"async\" class=\"img-responsive\" title=\"Manifestation de l'opposition \u00e0 Kinshasa\" src=\"https:\/\/actualite.cd\/sites\/default\/files\/styles\/image_principale_d_article\/public\/2018-10\/Opposition%20Manif_1.jpg?itok=VFXu2Paa\" alt=\"Manifestation de l'opposition \u00e0 Kinshasa\" width=\"800\" height=\"599\" \/><\/p>\n<div class=\"region region-content\">\n<article class=\"article full clearfix\" role=\"article\" data-history-node-id=\"66580\">\n<div class=\"content\">\n<div class=\"field field--name-field-image field--type-image field--label-hidden field--item\">\n<figure role=\"group\"><figcaption>Manifestation de l&rsquo;opposition \u00e0 Kinshasa<\/figcaption><\/figure>\n<\/div>\n<div class=\"field field--name-body field--type-text-with-summary field--label-hidden field--item\">\n<p>L\u2019UDPS ira aux \u00e9lections avec ou sans machine \u00e0 voter. Ainsi le parti\u00a0de F\u00e9lix Tshisekedi ne participera pas aux manifestations pr\u00e9vues ce\u00a0 vendredi 26 octobre dans plusieurs villes du pays dont Kinshasa.<\/p>\n<p><em>\u00abNous disons pas question de la machine \u00e0 voter et entretemps nous excluons le boycott des \u00e9lections. Est-ce que nous sommes sinc\u00e8res\u00a0? Admettons qu\u2019en date du 23 d\u00e9cembre, dans les bureaux de vote nous trouvons la machine \u00e0 voter. Nous allons faire quoi\u00a0? On doit se dire des v\u00e9rit\u00e9s au lieu de faire l\u2019hypocrisie. Ce n\u2019est pas responsable. Si nous sommes sur le sch\u00e9ma du boycott, il faut le dire. Il faut avoir le courage de dire la v\u00e9rit\u00e9\u00a0\u00bb,<\/em>\u00a0a dit \u00e0 ACTUALITE.CD Augustin Kabuya, le secr\u00e9taire g\u00e9n\u00e9ral adjoint charg\u00e9 de la communication et mobilisation de l\u2019UDPS.<\/p>\n<p>M\u00eame les repr\u00e9sentations provinciales de l\u2019UDPS ne devraient pas participer \u00e0 ces manifestations.<\/p>\n<p><em>\u00abIls ne seront pas dans ces manifestations. Si les amis \u00e9taient sinc\u00e8res, ils ne se seraient pas ent\u00eat\u00e9s \u00e0 organiser la marche sans nous. Quand ils l\u2019organisent sans nous, cela montre qu\u2019il y a un probl\u00e8me\u00a0\u00bb,\u00a0<\/em>a t-il ajout\u00e9.<\/p>\n<p>Pour sa part, Moise Katumbi a une fois de plus appel\u00e9 \u00e0 une mobilisation autour de la marche de l\u2019opposition.<\/p>\n<\/div>\n<\/div>\n<\/article>\n<\/div>\n<\/section>\n<div style=\"text-align:center\" class=\"wps-pgfw-pdf-generate-icon__wrapper-frontend\">\n\t\t<a href=\"https:\/\/congokin.blog?action=genpdf&amp;id=3587\" class=\"pgfw-single-pdf-download-button\" ><img src=\"https:\/\/congokin.blog\/wp-content\/plugins\/pdf-generator-for-wp\/admin\/src\/images\/PDF_Tray.svg\" title=\"G\u00e9n\u00e9rer un PDF\" style=\"width:auto; height:45px;\"><\/a>\n\t\t<\/div>","protected":false},"excerpt":{"rendered":"<p>RDC\u00a0: L\u2019UDPS ne participera pas \u00e0 la marche du 26 octobre \u00e0 Kinshasa (Officiel) Jeudi 25 octobre 2018 &#8211; 11:29 Manifestation de l&rsquo;opposition \u00e0 Kinshasa L\u2019UDPS ira aux \u00e9lections avec ou sans machine \u00e0 voter. Ainsi le parti\u00a0de F\u00e9lix Tshisekedi ne participera pas aux manifestations pr\u00e9vues ce\u00a0 vendredi 26 octobre dans plusieurs villes du pays [&hellip;]<\/p>\n","protected":false},"author":4,"featured_media":0,"comment_status":"open","ping_status":"closed","sticky":false,"template":"","format":"standard","meta":{"footnotes":""},"categories":[7,8,1],"tags":[],"class_list":["post-3587","post","type-post","status-publish","format-standard","hentry","category-politique","category-societe","category-uncategorized"],"_links":{"self":[{"href":"https:\/\/congokin.blog\/index.php?rest_route=\/wp\/v2\/posts\/3587","targetHints":{"allow":["GET"]}}],"collection":[{"href":"https:\/\/congokin.blog\/index.php?rest_route=\/wp\/v2\/posts"}],"about":[{"href":"https:\/\/congokin.blog\/index.php?rest_route=\/wp\/v2\/types\/post"}],"author":[{"embeddable":true,"href":"https:\/\/congokin.blog\/index.php?rest_route=\/wp\/v2\/users\/4"}],"replies":[{"embeddable":true,"href":"https:\/\/congokin.blog\/index.php?rest_route=%2Fwp%2Fv2%2Fcomments&post=3587"}],"version-history":[{"count":0,"href":"https:\/\/congokin.blog\/index.php?rest_route=\/wp\/v2\/posts\/3587\/revisions"}],"wp:attachment":[{"href":"https:\/\/congokin.blog\/index.php?rest_route=%2Fwp%2Fv2%2Fmedia&parent=3587"}],"wp:term":[{"taxonomy":"category","embeddable":true,"href":"https:\/\/congokin.blog\/index.php?rest_route=%2Fwp%2Fv2%2Fcategories&post=3587"},{"taxonomy":"post_tag","embeddable":true,"href":"https:\/\/congokin.blog\/index.php?rest_route=%2Fwp%2Fv2%2Ftags&post=3587"}],"curies":[{"name":"wp","href":"https:\/\/api.w.org\/{rel}","templated":true}]}}