{"id":3589,"date":"2018-10-25T11:52:55","date_gmt":"2018-10-25T11:52:55","guid":{"rendered":"https:\/\/congokin.media\/?p=3589"},"modified":"2018-10-25T11:52:55","modified_gmt":"2018-10-25T11:52:55","slug":"a-johannesburg-lopposition-congolaise-rejette-la-machine-a-voter-a-kin-elle-laccepte","status":"publish","type":"post","link":"https:\/\/congokin.blog\/?p=3589","title":{"rendered":"A Johannesburg l\u2019opposition congolaise rejette la machine \u00e0 voter, A Kin elle l&rsquo;accepte!"},"content":{"rendered":"<h3 class=\"page-header\">Johannesburg: l\u2019opposition congolaise r\u00e9affirme le rejet de la machine \u00e0 voter<\/h3>\n<div class=\"region region-content\">\n<section id=\"block-system-main\" class=\"block block-system clearfix\">\n<div id=\"article_area\" class=\"panel-flexible panels-flexible-3 clearfix\">\n<div class=\"panel-flexible-inside panels-flexible-3-inside\">\n<div class=\"panels-flexible-column panels-flexible-column-3-main panels-flexible-column-first\">\n<div class=\"inside panels-flexible-column-inside panels-flexible-column-3-main-inside panels-flexible-column-inside-first\">\n<div class=\"panels-flexible-row panels-flexible-row-3-main-row panels-flexible-row-first clearfix\">\n<div class=\"inside panels-flexible-row-inside panels-flexible-row-3-main-row-inside panels-flexible-row-inside-first clearfix\">\n<div class=\"panels-flexible-region panels-flexible-region-3-center panels-flexible-region-first panels-flexible-region-last article-meta\">\n<div class=\"inside panels-flexible-region-inside panels-flexible-region-3-center-inside panels-flexible-region-inside-first panels-flexible-region-inside-last\">\n<div class=\"panel-pane pane-custom pane-2\">\n<div class=\"pane-content\">\n<p>Publi\u00e9 le jeu, 25\/10\/2018 &#8211; 12:11 | Modifi\u00e9 le jeu, 25\/10\/2018 &#8211; 12:11<\/p>\n<\/div>\n<\/div>\n<div class=\"panel-pane pane-node-terms\">\n<div class=\"pane-content\"><\/div>\n<\/div>\n<div class=\"panel-separator\"><\/div>\n<div class=\"panel-pane pane-block pane-block-12\">\n<div class=\"pane-content\">\n<div class=\"button share-button facebook-share-button\">share<\/div>\n<div class=\"button share-button twitter-share-button\">tweet<\/div>\n<\/div>\n<\/div>\n<div class=\"panel-separator\"><\/div>\n<\/div>\n<\/div>\n<\/div>\n<\/div>\n<div class=\"panels-flexible-row panels-flexible-row-3-3 clearfix article-content\">\n<div class=\"inside panels-flexible-row-inside panels-flexible-row-3-3-inside clearfix\">\n<div class=\"panels-flexible-region panels-flexible-region-3-article_content_eeg panels-flexible-region-first panels-flexible-region-last article-content-reg\">\n<div class=\"inside panels-flexible-region-inside panels-flexible-region-3-article_content_eeg-inside panels-flexible-region-inside-first panels-flexible-region-inside-last\">\n<div class=\"panel-pane pane-node-content\">\n<div class=\"pane-content\">\n<article id=\"node-186087\" class=\"node node-article clearfix\">\n<header><\/header>\n<div class=\"field field-name-body field-type-text-with-summary field-label-hidden\">\n<div class=\"field-items\">\n<div class=\"field-item even\">\n<div class=\"big_wrapper_class\"><img decoding=\"async\" title=\"Jean-Pierre Bemba, F\u00e9lix Tshisekedi, Vital Kamerhe, Moise Katumbi, Adolphe Muzito lors d'une r\u00e9union le 12\/09\/2018 \u00e0 Bruxelles. Photo Albert Mukulubundu.\" src=\"https:\/\/lh3.googleusercontent.com\/-8H9mOPNJaBQ\/W5lEpC9o7EI\/AAAAAAACOL4\/8M7udZWLpdAl_NnXzoaP9SPtfmKrNnsCQCHMYBhgL\/9f5cfd9e-f61e-4952-852e-927668a3d781.jpg?imgmax=500\" \/><\/p>\n<div class=\"gem_pic_caption\">Jean-Pierre Bemba, F\u00e9lix Tshisekedi, Vital Kamerhe, Moise Katumbi, Adolphe Muzito lors d&rsquo;une r\u00e9union le 12\/09\/2018 \u00e0 Bruxelles. Photo Albert Mukulubundu.<\/div>\n<\/div>\n<p>L\u2019opposition politique congolaise discute depuis mercredi 24 octobre \u00e0 Johannesburg en Afrique du Sud sur des strat\u00e9gies \u00e0 arr\u00eater pour gagner les \u00e9lections de d\u00e9cembre 2018.\u00a0 Au cours de cette rencontre les leaders des plates-formes de l\u2019opposition ont r\u00e9affirm\u00e9 leurs exigences relatives au rejet de la machine \u00e0 voter et au retrait du fichier \u00e9lectoral de toutes personnes enr\u00f4l\u00e9es sans empreinte digitale.<\/p>\n<p>\u00ab\u00a0Aujourd\u2019hui [mercredi], nous en \u00e9tions\u00a0en\u00a0discussion pour nous\u00a0mettre d\u2019accord sur le programme commun, sur le candidat commun mais aussi sur la charte qui doit organiser notre structure\u00a0\u00bb, rapporte Adolphe Muzito.<\/p>\n<p>Selon lui, les participants ont aussi consacr\u00e9 la journ\u00e9e de mercredi \u00e0 leur d\u00e9marche visant \u00e0 sensibiliser les dirigeants du monde, en particulier ceux de la SADC, \u00ab\u00a0pour qu\u2019ils participent \u00e0 la pression que fait le peuple congolais pour obtenir de bonnes \u00e9lections et dans le d\u00e9lai.\u00a0\u00bb<\/p>\n<div id=\"jp_container_1\" class=\"jp-audio\">\n<div class=\"jp-type-single\">\n<div class=\"jp-details\">\n<ul>\n<li><a href=\"https:\/\/www.radiookapi.net\/sites\/default\/files\/2018-10\/03._251018-p-f-kinmuzitosurrencontreopposition-00.mp3\" target=\"_blank\" rel=\"noopener noreferrer\">T\u00e9l\u00e9charger<\/a><\/li>\n<\/ul>\n<\/div>\n<\/div>\n<\/div>\n<p>Prennent part \u00e0 cette r\u00e9union, Vital Kamerhe de l\u2019UNC, Martin Fayulu de l\u2019ECIDE, Eve Bazaiba pour le MLC, Adolphe Muzito, les d\u00e9l\u00e9gu\u00e9s d\u2019Ensemble pour le changement de Moise Katumbi, ceux de l\u2019UDPS, et Freddy Matungulu de Congo na Biso.<\/p>\n<p>Cette rencontre de deux jours est organis\u00e9e avec l\u2019accompagnement d\u2019une institution sud-Africaine de politique internationale et de pr\u00e9vention des conflits.<\/p>\n<\/div>\n<\/div>\n<\/div>\n<\/article>\n<\/div>\n<\/div>\n<\/div>\n<\/div>\n<\/div>\n<\/div>\n<\/div>\n<\/div>\n<\/div>\n<\/div>\n<\/section>\n<\/div>\n<div style=\"text-align:center\" class=\"wps-pgfw-pdf-generate-icon__wrapper-frontend\">\n\t\t<a href=\"https:\/\/congokin.blog?action=genpdf&amp;id=3589\" class=\"pgfw-single-pdf-download-button\" ><img src=\"https:\/\/congokin.blog\/wp-content\/plugins\/pdf-generator-for-wp\/admin\/src\/images\/PDF_Tray.svg\" title=\"G\u00e9n\u00e9rer un PDF\" style=\"width:auto; height:45px;\"><\/a>\n\t\t<\/div>","protected":false},"excerpt":{"rendered":"<p>Johannesburg: l\u2019opposition congolaise r\u00e9affirme le rejet de la machine \u00e0 voter Publi\u00e9 le jeu, 25\/10\/2018 &#8211; 12:11 | Modifi\u00e9 le jeu, 25\/10\/2018 &#8211; 12:11 share tweet Jean-Pierre Bemba, F\u00e9lix Tshisekedi, Vital Kamerhe, Moise Katumbi, Adolphe Muzito lors d&rsquo;une r\u00e9union le 12\/09\/2018 \u00e0 Bruxelles. Photo Albert Mukulubundu. L\u2019opposition politique congolaise discute depuis mercredi 24 octobre \u00e0 [&hellip;]<\/p>\n","protected":false},"author":4,"featured_media":0,"comment_status":"open","ping_status":"closed","sticky":false,"template":"","format":"standard","meta":{"footnotes":""},"categories":[7,8,1],"tags":[],"class_list":["post-3589","post","type-post","status-publish","format-standard","hentry","category-politique","category-societe","category-uncategorized"],"_links":{"self":[{"href":"https:\/\/congokin.blog\/index.php?rest_route=\/wp\/v2\/posts\/3589","targetHints":{"allow":["GET"]}}],"collection":[{"href":"https:\/\/congokin.blog\/index.php?rest_route=\/wp\/v2\/posts"}],"about":[{"href":"https:\/\/congokin.blog\/index.php?rest_route=\/wp\/v2\/types\/post"}],"author":[{"embeddable":true,"href":"https:\/\/congokin.blog\/index.php?rest_route=\/wp\/v2\/users\/4"}],"replies":[{"embeddable":true,"href":"https:\/\/congokin.blog\/index.php?rest_route=%2Fwp%2Fv2%2Fcomments&post=3589"}],"version-history":[{"count":0,"href":"https:\/\/congokin.blog\/index.php?rest_route=\/wp\/v2\/posts\/3589\/revisions"}],"wp:attachment":[{"href":"https:\/\/congokin.blog\/index.php?rest_route=%2Fwp%2Fv2%2Fmedia&parent=3589"}],"wp:term":[{"taxonomy":"category","embeddable":true,"href":"https:\/\/congokin.blog\/index.php?rest_route=%2Fwp%2Fv2%2Fcategories&post=3589"},{"taxonomy":"post_tag","embeddable":true,"href":"https:\/\/congokin.blog\/index.php?rest_route=%2Fwp%2Fv2%2Ftags&post=3589"}],"curies":[{"name":"wp","href":"https:\/\/api.w.org\/{rel}","templated":true}]}}