{"id":3595,"date":"2018-10-26T03:12:20","date_gmt":"2018-10-26T03:12:20","guid":{"rendered":"https:\/\/congokin.media\/?p=3595"},"modified":"2018-10-26T03:12:20","modified_gmt":"2018-10-26T03:12:20","slug":"marche-de-lopposition-autorisee-pour-ce-26-10-2018","status":"publish","type":"post","link":"https:\/\/congokin.blog\/?p=3595","title":{"rendered":"Marche de l&rsquo;opposition autorisee pour ce 26\/10\/2018"},"content":{"rendered":"<p>La mairie de Kinshasa a autoris\u00e9 une marche de l&rsquo;opposition pr\u00e9vue vendredi pour exiger l&rsquo;abandon de l&rsquo;utilisation de machines \u00e0 voter, \u00e0 deux mois des \u00e9lections en R\u00e9publique d\u00e9mocratique du Congo, a-t-on appris mercredi d&rsquo;un responsable d&rsquo;opposition.<\/p>\n<p>\u00ab\u00a0L&rsquo;h\u00f4tel de ville nous a \u00e9crit pour prendre acte de l&rsquo;organisation de la marche contre la machine \u00e0 voter ce vendredi\u00a0\u00bb, a d\u00e9clar\u00e9 \u00e0 l&rsquo;AFP l&rsquo;opposant Vital Kamerhe, un des 21 candidats \u00e0 la pr\u00e9sidentielle pr\u00e9vue pour le 23 d\u00e9cembre 2018 en RDC.<\/p>\n<p>\u00ab\u00a0Nous, organisateurs, sommes invit\u00e9s \u00e0 une s\u00e9ance de travail avec l&rsquo;h\u00f4tel de ville de Kinshasa ce mercredi pour des dispositions pratiques de s\u00e9curisation de notre marche\u00a0\u00bb, a-t-il ajout\u00e9.<\/p>\n<p>\u00ab\u00a0Nous tenons \u00e0 une mobilisation sans pr\u00e9c\u00e9dent pour d\u00e9montrer \u00e0 la face du monde que l&rsquo;opposition veut des \u00e9lections le 23 d\u00e9cembre 2018, mais des \u00e9lections cr\u00e9dibles, libres et transparentes\u00a0\u00bb, a insist\u00e9 M. Kamerhe, pr\u00e9sident de l&rsquo;Union pour la nation congolaise (UNC).<\/p>\n<p>\u00ab\u00a0Le gouverneur a pris acte de leur demande d&rsquo;autorisation d&rsquo;une marche\u00a0\u00bb le vendredi et \u00ab\u00a0les a convi\u00e9s \u00e0 une r\u00e9union de concertation aujourd&rsquo;hui\u00a0\u00bb, a affirm\u00e9 \u00e0 l&rsquo;AFP Emmanuel Akweti, ministre provincial de l&rsquo;Int\u00e9rieur de Kinshasa.<\/p>\n<p>Une r\u00e9union des t\u00e9nors de l&rsquo;opposition congolaise est annonc\u00e9e mercredi et jeudi \u00e0 Johannesbourg en Afrique du Sud. La d\u00e9signation d&rsquo;un candidat commun de l&rsquo;opposition \u00e0 la pr\u00e9sidentielle est l&rsquo;un des principaux points \u00e0 l&rsquo;ordre du jour de cette rencontre.<\/p>\n<div id=\"wrapper_inread\"><\/div>\n<p>Les opposants sont tous \u00ab\u00a0pour une candidature commune de l&rsquo;opposition\u00a0\u00bb et \u00ab\u00a0le retrait du fichier \u00e9lectoral de dix millions d&rsquo;\u00e9lecteurs fictifs\u00a0\u00bb, a dit M. Kamerhe.<\/p>\n<p>L&rsquo;opposition conteste l&rsquo;utilisation de machines \u00e0 voter, de fabrication sud-cor\u00e9enne, qui servent \u00e0 choisir les candidats et \u00e0 imprimer les bulletins dans les bureaux de vote, craignant qu&rsquo;elles ne favorisent la fraude.<\/p>\n<p>Le 29 septembre, un meeting autoris\u00e9 d&rsquo;opposition s&rsquo;\u00e9tait tenu sans incident \u00e0 Kinshasa. Mais, \u00e0 Lubumbashi &#8211; deuxi\u00e8me vielle du pays, dans le sud-est-, un meeting de l&rsquo;opposition avait \u00e9t\u00e9 annul\u00e9 la veille de sa tenue alors que la mairie l&rsquo;avait autoris\u00e9 quatre jours avant.<\/p>\n<p>La majorit\u00e9 au pouvoir a \u00e9galement annonc\u00e9 la tenue d&rsquo;un \u00ab\u00a0meeting populaire\u00a0\u00bb samedi \u00e0 Kinshasa en r\u00e9ponse \u00e0 la manifestation pr\u00e9vue la veille par l&rsquo;opposition.<\/p>\n<p>La pr\u00e9sidentielle du 23 d\u00e9cembre doit d\u00e9signer le successeur du pr\u00e9sident Joseph Kabila apr\u00e8s dix-huit ans \u00e0 la t\u00eate d&rsquo;un pays qui n&rsquo;a jamais connu de transition pacifique depuis son accession \u00e0 l&rsquo;ind\u00e9pendance en 1960. Elle s&rsquo;accompagne aussi d&rsquo;\u00e9lections l\u00e9gislatives et provinciales.<\/p>\n<div style=\"text-align:center\" class=\"wps-pgfw-pdf-generate-icon__wrapper-frontend\">\n\t\t<a href=\"https:\/\/congokin.blog?action=genpdf&amp;id=3595\" class=\"pgfw-single-pdf-download-button\" ><img src=\"https:\/\/congokin.blog\/wp-content\/plugins\/pdf-generator-for-wp\/admin\/src\/images\/PDF_Tray.svg\" title=\"G\u00e9n\u00e9rer un PDF\" style=\"width:auto; height:45px;\"><\/a>\n\t\t<\/div>","protected":false},"excerpt":{"rendered":"<p>La mairie de Kinshasa a autoris\u00e9 une marche de l&rsquo;opposition pr\u00e9vue vendredi pour exiger l&rsquo;abandon de l&rsquo;utilisation de machines \u00e0 voter, \u00e0 deux mois des \u00e9lections en R\u00e9publique d\u00e9mocratique du Congo, a-t-on appris mercredi d&rsquo;un responsable d&rsquo;opposition. \u00ab\u00a0L&rsquo;h\u00f4tel de ville nous a \u00e9crit pour prendre acte de l&rsquo;organisation de la marche contre la machine \u00e0 [&hellip;]<\/p>\n","protected":false},"author":4,"featured_media":0,"comment_status":"open","ping_status":"closed","sticky":false,"template":"","format":"standard","meta":{"footnotes":""},"categories":[7,8,1],"tags":[],"class_list":["post-3595","post","type-post","status-publish","format-standard","hentry","category-politique","category-societe","category-uncategorized"],"_links":{"self":[{"href":"https:\/\/congokin.blog\/index.php?rest_route=\/wp\/v2\/posts\/3595","targetHints":{"allow":["GET"]}}],"collection":[{"href":"https:\/\/congokin.blog\/index.php?rest_route=\/wp\/v2\/posts"}],"about":[{"href":"https:\/\/congokin.blog\/index.php?rest_route=\/wp\/v2\/types\/post"}],"author":[{"embeddable":true,"href":"https:\/\/congokin.blog\/index.php?rest_route=\/wp\/v2\/users\/4"}],"replies":[{"embeddable":true,"href":"https:\/\/congokin.blog\/index.php?rest_route=%2Fwp%2Fv2%2Fcomments&post=3595"}],"version-history":[{"count":0,"href":"https:\/\/congokin.blog\/index.php?rest_route=\/wp\/v2\/posts\/3595\/revisions"}],"wp:attachment":[{"href":"https:\/\/congokin.blog\/index.php?rest_route=%2Fwp%2Fv2%2Fmedia&parent=3595"}],"wp:term":[{"taxonomy":"category","embeddable":true,"href":"https:\/\/congokin.blog\/index.php?rest_route=%2Fwp%2Fv2%2Fcategories&post=3595"},{"taxonomy":"post_tag","embeddable":true,"href":"https:\/\/congokin.blog\/index.php?rest_route=%2Fwp%2Fv2%2Ftags&post=3595"}],"curies":[{"name":"wp","href":"https:\/\/api.w.org\/{rel}","templated":true}]}}