{"id":3597,"date":"2018-10-28T14:56:48","date_gmt":"2018-10-28T14:56:48","guid":{"rendered":"https:\/\/congokin.media\/?p=3597"},"modified":"2018-10-28T14:56:48","modified_gmt":"2018-10-28T14:56:48","slug":"noublions-pas-le-passe-a-propos-des-critiques-mobutistes","status":"publish","type":"post","link":"https:\/\/congokin.blog\/?p=3597","title":{"rendered":"N&rsquo;oublions pas le passe ( A propos des critiques mobutistes)"},"content":{"rendered":"<div><img loading=\"lazy\" decoding=\"async\" class=\"alignnone size-full wp-image-3528\" src=\"https:\/\/congokin.blog\/wp-content\/uploads\/2018\/10\/PierrePicture.gif\" alt=\"PierrePicture\" width=\"1001\" height=\"478\" \/><\/div>\n<div><span style=\"color: black; font-family: inherit,serif; font-size: large;\"><span lang=\"fr\">Cher Pascal,<\/span><\/span><\/div>\n<div><span style=\"color: black;\"><span lang=\"fr\">\u00a0<\/span><\/span><\/div>\n<div><span style=\"color: black; font-family: inherit,serif; font-size: large;\"><span lang=\"fr\">\u00a0<\/span><\/span><\/div>\n<div><span style=\"color: black; font-family: inherit,serif; font-size: large;\"><span lang=\"fr\">Sans r\u00e9pondre \u00e0 certains propos d\u00e9plac\u00e9s de votre part qui me semblent \u2013 vous en conviendrez \u2013 ternir inutilement le d\u00e9bat, je vais essayer d\u2019apporter des \u00e9claircissements en vue de tenter de dissiper des malentendus\u00a0 et de vous \u00e9viter de pavoiser, par suite d\u2019une mort subite de ma part, contre le \u00ab\u00a0traitre du Congo agent du Rwanda\u00a0\u00bb, comme vous l\u2019avez fait lors de la mort\u00a0\u00a0d\u2019Arthur Ngoma. En politique, vous pouvez avoir des d\u00e9saccords sans \u00eatre des ennemis.<\/span><\/span><\/div>\n<div><span style=\"color: black;\"><span lang=\"fr\">\u00a0<\/span><\/span><\/div>\n<div><span style=\"color: black; font-family: inherit,serif; font-size: large;\"><span lang=\"fr\">Par ailleurs il est de votre droit de vous d\u00e9clarer Lumumbiste. Je ne le conteste pas\u00a0; cependant ce droit entraine aussi l\u2019obligation d\u2019apprendre ce qu\u2019est l\u2019id\u00e9ologie lumumbiste. Je vous conseille notamment de faire attention avec le langage ethniciste. Pour Beni pourquoi pr\u00e9f\u00e9rez-vous parler du \u00ab\u00a0peuple Nande\u00a0\u00bb au lieu du peuple Congolais\u00a0?<\/span><\/span><\/div>\n<div><span style=\"color: black;\"><span lang=\"fr\">\u00a0<\/span><\/span><\/div>\n<div><span style=\"color: black; font-family: inherit,serif; font-size: large;\"><span lang=\"fr\">Je parlerai de l\u2019irr\u00e9dentisme, de l\u2019AFDL, et de la possibilit\u00e9 de balkanisation du Congo, qui peut devenir une r\u00e9alit\u00e9 si nous continuons \u00e0 agir sans anticipation face aux \u00e9v\u00e9nements.<\/span><\/span><\/div>\n<div><span style=\"color: black;\"><span lang=\"fr\">\u00a0<\/span><\/span><\/div>\n<div><span style=\"color: black; font-family: inherit,serif; font-size: large;\"><span lang=\"fr\"><b>L\u2019Irr\u00e9dentisme<\/b><\/span><\/span><\/div>\n<div><span style=\"color: black;\"><span lang=\"fr\">\u00a0<\/span><\/span><\/div>\n<div><span style=\"color: black; font-family: inherit,serif; font-size: large;\"><span lang=\"fr\">Mon commentaire de mardi dernier n\u2019\u00e9tait pas une attaque contre vous. C\u2019\u00e9tait plut\u00f4t un appui que je vous ai apport\u00e9, parce que j\u2019avais cru comprendre que vous ignoriez le concept d\u2019 \u00ab\u00a0irr\u00e9dentisme\u00a0\u00bb en parlant de \u00ab\u00a0pangermanisme\u00bb et\u00a0\u00a0\u00ab\u00a0pan-rwandaise\u00a0\u00bb\u00a0;<\/span><\/span><\/div>\n<div><span style=\"color: black;\"><span lang=\"fr\">\u00a0<\/span><\/span><\/div>\n<div><span style=\"color: black; font-family: inherit,serif; font-size: large;\"><span lang=\"fr\">Patrice Lumumba \u00e9tait oppos\u00e9 \u00e0 l\u2019irr\u00e9dentisme.\u00a0\u00a0De son vivant deux cas d\u2019irr\u00e9dentisme se sont pos\u00e9s au Congo\u00a0: le cas de Lunda et celui de Bakongo.<\/span><\/span><\/div>\n<div><span style=\"color: black;\"><span lang=\"fr\">\u00a0<\/span><\/span><\/div>\n<div><span style=\"color: black; font-family: inherit,serif; font-size: large;\"><span lang=\"fr\">Cas de Lunda\u00a0:<\/span><\/span><\/div>\n<div><span style=\"color: black; font-family: inherit,serif; font-size: large;\"><span lang=\"fr\">D\u00e8s la d\u00e9claration gouvernementale belge du 13 Janvier 1959, le chef Lunda Mwata Yamv (Ditende) adressa une lettre \u00e0 l\u2019administration coloniale dans l\u2019intention de r\u00e9tablir son empire Lunda qui comprendrait des territoires appartenant au Congo-belge, en Angola ainsi que dans l\u2019ancienne Rhod\u00e9sie du Nord (Zambie actuelle). Il demanda m\u00eame l\u2019autorisation de sortie pour visiter ses \u00ab\u00a0sujets\u00a0\u00bb dans ces diff\u00e9rents territoires. Le gouverneur g\u00e9n\u00e9ral du Congo-Belge d\u00e9non\u00e7a v\u00e9h\u00e9mentement cette demarche pour revenir \u00e0 un ordre pr\u00e9colonial. Cette requ\u00eate se heurta \u00e0 une fin de non-recevoir des autorit\u00e9s britanniques et portugaises. Patrice Lumumba ne manqua pas de r\u00e9agir fermement contre ces id\u00e9es r\u00e9actionnaires mettant en danger l\u2019unit\u00e9 du pays.<\/span><\/span><\/div>\n<div><span style=\"color: black;\"><span lang=\"fr\">\u00a0<\/span><\/span><\/div>\n<div><span style=\"color: black; font-family: inherit,serif; font-size: large;\"><span lang=\"fr\">Cas de Bakongo\u00a0:<\/span><\/span><\/div>\n<div><span style=\"color: black; font-family: inherit,serif; font-size: large;\"><span lang=\"fr\">En f\u00e9vrier-mars 1960, dans le contexte de la Table ronde belgo-congolaise pour l\u2019ind\u00e9pendance du Congo, plusieurs juristes et diplomates du Quai d\u2019Orsay ont montr\u00e9 l\u2019int\u00e9r\u00eat de la France pour \u00e9tendre sa zone d\u2019influence au Congo. C\u2019est ainsi qu\u2019ils ont d\u00e9terr\u00e9 le droit de pr\u00e9emption de la France sur le Congo, sign\u00e9 en 1884 par L\u00e9opold II et la France et qui conf\u00e9rait \u00e0 ce dernier pays le droit d\u2019acqu\u00e9rir le territoire de l\u2019EIC si Leopold II n\u2019arrivait pas \u00e0 le g\u00e9rer.<\/span><\/span><\/div>\n<div><span style=\"color: black;\"><span lang=\"fr\">\u00a0<\/span><\/span><\/div>\n<div><span style=\"color: black; font-family: inherit,serif; font-size: large;\"><span lang=\"fr\">En effet, pendant les mois pr\u00e9c\u00e9dant la Table ronde, le secr\u00e9taire g\u00e9n\u00e9ral de la Communaut\u00e9 fran\u00e7aise, Jacques Foccart, homme de confiance du g\u00e9n\u00e9ral de Gaulle, charg\u00e9 des affaires africaines, a envoy\u00e9 plusieurs agents en Afrique li\u00e9s au SDECE, comme conseillers de l\u2019abb\u00e9 Fulbert Youlou, alors Premier Ministre du Congo-Brazzaville. Youlou \u00e9tait au c\u0153ur d\u2019un complot irr\u00e9dentiste tendant \u00e0 reconstituer un empire Bas-Congo, englobant sa r\u00e9publique, les zones d\u2019expression kongo de l\u2019enclave portugaise de Cabinda et une partie de la province de L\u00e9opoldville. Ce nouvel \u00c9tat devait \u00eatre plac\u00e9 sous la tutelle de la France, comme les autres anciennes colonies fran\u00e7aises.<\/span><\/span><\/div>\n<div><span style=\"color: black;\"><span lang=\"fr\">\u00a0<\/span><\/span><\/div>\n<div><span style=\"color: black; font-family: inherit,serif; font-size: large;\"><span lang=\"fr\">C\u2019est pour cela que le d\u00e9part pr\u00e9cipit\u00e9 de Kasa-Vubu de la Table ronde pour un voyage secret \u00e0 Paris avait soulev\u00e9 la vive r\u00e9action de Lumumba, soutenu par la plupart des autres politiciens congolais de l\u2019\u00e9poque pr\u00e9sents \u00e0 la Table ronde, ainsi que par la Belgique, pour condamner sans \u00e9quivoque les man\u0153uvres de la France.<\/span><\/span><\/div>\n<div><span style=\"color: black;\"><span lang=\"fr\">\u00a0<\/span><\/span><\/div>\n<div><span style=\"color: black; font-family: inherit,serif; font-size: large;\"><span lang=\"fr\">D\u2019ailleurs, m\u00eame pour l\u2019entr\u00e9e du Congo \u00e0 l\u2019Onu, la France avait insist\u00e9 pour que notre pays abandonne d\u2019abord le nom Congo. L\u2019irr\u00e9dentisme \u00e9tait donc au centre de la lutte de Lumumba, et ce, afin de conserver l\u2019unit\u00e9 de notre pays.<\/span><\/span><\/div>\n<div><span style=\"color: black;\"><span lang=\"fr\">\u00a0<\/span><\/span><\/div>\n<div><span style=\"color: black; font-family: inherit,serif; font-size: large;\"><span lang=\"fr\"><b>De l\u2019AFDL<\/b><\/span><\/span><\/div>\n<div><span style=\"color: black;\"><span lang=\"fr\">\u00a0<\/span><\/span><\/div>\n<div><span style=\"color: black; font-family: inherit,serif; font-size: large;\"><span lang=\"fr\">En f\u00e9vrier 1997, Fran\u00e7ois Lumumba et moi avons eu l\u2019honneur d\u2019\u00eatre re\u00e7us par le Congressional Black Caucus\u00a0 a Washington D.C. au sujet de la guerre au Za\u00efre et des menaces d\u2019intervention fran\u00e7aise ou d\u2019une force de l\u2019Onu pour un cessez-le-feu qui aurait sauv\u00e9 le r\u00e9gime de Mobutu. Nous sommes sortis de la rencontre avec des recommandations \u00e0 apporter \u00e0 Laurent Kabila. Et, de notre c\u00f4t\u00e9, nous avons demand\u00e9 aux Am\u00e9ricains de ne pas permettre une intervention de la France ou de l\u2019Onu qui aurait sauv\u00e9 le r\u00e9gime Mobutu.\u00a0<\/span><\/span><span style=\"color: black; font-family: inherit,serif; font-size: large;\"><span lang=\"fr\"><i>Voice of America<\/i><\/span><\/span><span style=\"color: black; font-family: inherit,serif; font-size: large;\"><span lang=\"fr\">\u00a0nous avait m\u00eame interview\u00e9s. Certes, pour les mobutistes, nous avons \u00e9t\u00e9 des tra\u00eetres. Mais pour tout Congolais qui voulait mettre fin \u00e0 32 ans d\u2019un r\u00e9gime de destruction, nous sommes tout l\u2019inverse. Car le renversement de Mobutu n\u2019a \u00e9t\u00e9 gagn\u00e9 ni par Laurent Kabila, ni par Kagame, ni par Museveni, ni par Eduardo, mais d\u2019abord par la d\u00e9cision am\u00e9ricaine d\u2019emp\u00eacher un cessez-le-feu et l\u2019intervention de troupes \u00e9trang\u00e8res ou de mercenaires pour sauver Mobutu.<\/span><\/span><\/div>\n<div><span style=\"color: black;\"><span lang=\"fr\">\u00a0<\/span><\/span><\/div>\n<div><span style=\"color: black; font-family: inherit,serif; font-size: large;\"><span lang=\"fr\">Fran\u00e7ois Lumumba et moi-m\u00eame nous sommes rendus ensuite \u00e0 Goma, puis \u00e0 Lubumbashi. Le point d\u2019entr\u00e9e \u00e0 l\u2019est du Za\u00efre \u00e9tait Kigali. En tant que politicien congolais ayant la nationalit\u00e9 am\u00e9ricaine, il est inutile de vous dire que mon d\u00e9placement \u00e9tait pr\u00e9c\u00e9d\u00e9 au Rwanda par un message du d\u00e9partement d\u2019\u00c9tat annon\u00e7ant mon arriv\u00e9e, afin d\u2019assurer ma s\u00e9curit\u00e9.<\/span><\/span><\/div>\n<div><span style=\"color: black; font-family: inherit,serif; font-size: large;\"><span lang=\"fr\">\u00a0<\/span><\/span><\/div>\n<div><span style=\"color: black; font-family: inherit,serif; font-size: large;\"><span lang=\"fr\">Mais nous n\u2019avons pas \u00e9t\u00e9 bien accueillis au Congo, parce que notre passage au Congr\u00e8s avait \u00e9t\u00e9 suivi par Laurent Desire Kabila et qu\u2019un tract avait \u00e9t\u00e9 diffus\u00e9 \u00e0 Goma (sur ordre de qui\u00a0?), selon lesquels le fils de Lumumba venait entreprendre la \u00ab\u00a0vraie\u00a0\u00bb lib\u00e9ration du Congo. Laurent Kabila pouvait donc nous consid\u00e9rer comme des concurrents\u00a0! Je continue \u00e0 croire aujourd\u2019hui que mon passeport am\u00e9ricain nous a servi de protection dans l\u2019ombre\u00a0: en effet, des gens sont morts pour moins que cela. Nous arrivions \u00e0 Goma seulement quelques semaines apr\u00e8s la mort d\u2019Andr\u00e9 Kisasse.<\/span><\/span><\/div>\n<div><span style=\"color: black; font-family: inherit,serif; font-size: large;\"><span lang=\"fr\">\u00a0<\/span><\/span><\/div>\n<div><span style=\"color: black; font-family: inherit,serif; font-size: large;\"><span lang=\"fr\">Nous avons eu des r\u00e9unions du MNC-L \u00e0 Goma avec des militants et des anciens compagnons de lutte de Lumumba, auxquelles Fran\u00e7ois n\u2019a pas voulu participer (Jules Lumumba qui est en France pourra vous le confirmer). Nous avons eu deux autres r\u00e9unions du MNC \u00e0 Lubumbashi dont une avec Fran\u00e7ois Lumumba. Comment pouvions nous \u00eatre dans l\u2019AFDL et organiser les r\u00e9unions du MNC-L\u00a0? Fran\u00e7ois Lumumba m\u2019a laiss\u00e9 \u00e0 Lubumbashi parce qu\u2019il \u00e9tait impatient d\u2019\u00eatre re\u00e7u par Kabila.<\/span><\/span><\/div>\n<div><span style=\"color: black; font-family: inherit,serif; font-size: large;\"><span lang=\"fr\">\u00a0<\/span><\/span><\/div>\n<div><span style=\"color: black; font-family: inherit,serif; font-size: large;\"><span lang=\"fr\">Compte tenu d\u2019un pass\u00e9 de lutte et de mon expertise dans des questions li\u00e9es \u00e0 la d\u00e9mocratisation, je pouvais \u00eatre consult\u00e9 pour la transition de l\u2019apr\u00e8s-Mobutu. J\u2019avais donc \u00e9t\u00e9 invit\u00e9 \u00e0 apporter mon assistance \u00e0 la formulation de propositions de transition pour l\u2019apr\u00e8s-Mobutu, qui devaient \u00eatre remises \u00e0 Laurent Kabila. Toutefois, nous ne lui avons jamais remis ces propositions, parce que d\u00e8s l\u2019annonce de la fuite de Mobutu, Laurent Kabila recevra des propositions d\u2019un groupe de la diaspora congolaise!<\/span><\/span><\/div>\n<div><span style=\"color: black; font-family: inherit,serif; font-size: large;\"><span lang=\"fr\">\u00a0<\/span><\/span><\/div>\n<div><span style=\"color: black; font-family: inherit,serif; font-size: large;\"><span lang=\"fr\">N\u00e9anmoins, je fus retenu parmi les 12 personnes qui devaient voyager de Lubumbashi \u00e0 Kinshasa pour installer le nouveau pouvoir afin d\u2019\u00e9viter l\u2019effusion du sang. Parce que, depuis l\u2019assassinat de Mayele le 16 mai 1997, c\u2019est l\u2019ambassade des Etats-Unis qui contr\u00f4lait toute la situation par deux agents de la CIA d\u00e9p\u00each\u00e9s de Washington\u00a0! Ma pr\u00e9sence \u00e9tait importante pour le contact avec l\u2019ambassadeur am\u00e9ricain. Je n\u2019avais su cette mission qu\u2019a la pr\u00e9paration de l\u2019atterrissage de l\u2019avion sur Ndjili.<\/span><\/span><\/div>\n<div><span style=\"color: black; font-family: inherit,serif; font-size: large;\"><span lang=\"fr\">\u00a0<\/span><\/span><\/div>\n<div><span style=\"color: black; font-family: inherit,serif; font-size: large;\"><span lang=\"fr\">D\u00e8s le lendemain de notre arriv\u00e9e \u00e0 Kinshasa, le 19 mai 1997, j\u2019ai tenu une r\u00e9union du MNC-L, regroupant les membres du Comit\u00e9 national du MNC-L. Parmi les participants, Juliana Lumumba, Mathias Kemishanga (l\u2019ancien d\u00e9put\u00e9 national qui avait v\u00e9cu la sc\u00e8ne de l\u2019arrestation de Lumumba au passage de Lodi), entre autres. J\u2019ai re\u00e7u les membres de toutes les tendances du MNC a l\u2019H\u00f4tel Intercontinental.<\/span><\/span><\/div>\n<div><span style=\"color: black; font-family: inherit,serif; font-size: large;\"><span lang=\"fr\">\u00a0<\/span><\/span><\/div>\n<div><span style=\"color: black; font-family: inherit,serif; font-size: large;\"><span lang=\"fr\">Quelques jours apr\u00e8s, \u00c9tienne Mbaya m\u2019a trouv\u00e9 sur place et m\u2019a m\u00eame annonc\u00e9 l\u2019arriv\u00e9e de Georges. Benoit Lukunku et d\u2019autres cadres du MNC-L m\u2019ont trouv\u00e9 \u00e0 Kinshasa. Avec Kanza, Etienne, Juliana et les membres locaux, nous avons particip\u00e9 \u00e0 une grande r\u00e9union des Lumumbistes qui fut \u00e0 la base de certains probl\u00e8mes que conna\u00eetront Etienne Mbaya et Thomas Kanza.<\/span><\/span><\/div>\n<div><span style=\"color: black; font-family: inherit,serif; font-size: large;\"><span lang=\"fr\">\u00a0<\/span><\/span><\/div>\n<div><span style=\"color: black; font-family: inherit,serif; font-size: large;\"><span lang=\"fr\">De mai \u00e0 juillet\u00a01997, je suis demeur\u00e9 \u00e0 Kinshasa pour la poursuite de deux projets, qui ont tous deux \u00e9chou\u00e9. Il s\u2019agissait d\u2019un projet pour la reconstruction nationale et d\u2019un projet priv\u00e9 pour mon entreprise de Telecom, Congonet, dont les bureaux \u00e9taient situ\u00e9s sur le boulevard du 30 Juin, building de la Regideso (4e\u00a0niveau). Mes points de contact avec le gouvernement \u00e9taient le directeur du cabinet du pr\u00e9sident Laurent D\u00e9sir\u00e9 Kabila (feu Aubert Mukendi) et le ministre du Plan (Etienne Mbaya).<\/span><\/span><\/div>\n<div><span style=\"color: black; font-family: inherit,serif; font-size: large;\"><span lang=\"fr\">\u00a0<\/span><\/span><\/div>\n<div><span style=\"color: black; font-family: inherit,serif; font-size: large;\"><span lang=\"fr\">Je travaillais donc dans mes bureaux situ\u00e9s dans le Building de la Regideso (pris en location) et mets au d\u00e9fi quiconque m\u2019aura aper\u00e7u dans un bureau de l\u2019AFDL\u00a0et m\u00eame rouler dans un v\u00e9hicule de l\u2019AFDL ; et ce m\u00eame si j\u2019avais des relations avec les membres de l\u2019AFDL.<\/span><\/span><\/div>\n<div><span style=\"color: black; font-family: inherit,serif; font-size: large;\"><span lang=\"fr\">\u00a0<\/span><\/span><\/div>\n<div><span style=\"color: black; font-family: inherit,serif; font-size: large;\"><span lang=\"fr\">Je suis revenu aux Etats-Unis \u00e0 la fin juillet 1997 avec un passeport d\u00e9livr\u00e9 par l\u2019ambassade am\u00e9ricaine \u00e0 Kin, parce que mon premier passeport avait \u00e9t\u00e9 confisqu\u00e9. Pourquoi me condamner pour avoir tent\u00e9 de sauver le pays\u00a0?<\/span><\/span><\/div>\n<div><span style=\"color: black; font-family: inherit,serif; font-size: large;\"><span lang=\"fr\">Aux mobutistes qui m\u2019attaquent, je dis que je suis fier de la lutte contre le r\u00e9gime Mobutu. Je n\u2019ai rien \u00e0 regretter.<\/span><\/span><\/div>\n<div><span style=\"color: black; font-family: inherit,serif; font-size: large;\"><span lang=\"fr\"><b>\u00a0<\/b><\/span><\/span><\/div>\n<div><span style=\"color: black; font-family: inherit,serif; font-size: large;\"><span lang=\"fr\"><b>De la balkanisation par les Am\u00e9ricains\u00a0?<\/b><\/span><\/span><\/div>\n<div><span style=\"color: black; font-family: inherit,serif; font-size: large;\"><span lang=\"fr\">\u00a0<\/span><\/span><\/div>\n<div><span style=\"color: black; font-family: inherit,serif; font-size: large;\"><span lang=\"fr\">Le Congo existe dans sa configuration actuelle postind\u00e9pendance \u00e0 cause du sacrifice consenti par Lumumba et de l\u2019opposition am\u00e9ricaine sur le plan fran\u00e7ais qui avait presque abouti \u00e0 Tananarive en Mars 1961.<\/span><\/span><\/div>\n<div><span style=\"color: black; font-family: inherit,serif; font-size: large;\"><span lang=\"fr\">\u00a0<\/span><\/span><\/div>\n<div><span style=\"color: black; font-family: inherit,serif; font-size: large;\"><span lang=\"fr\">Pour revenir aux \u00e9v\u00e9nements de 1997, il faut \u00eatre sous-inform\u00e9 pour soutenir l\u2019argument selon lequel les Etats-Unis voulaient balkaniser le Congo en se d\u00e9barrassant de Mobutu. Certes, certains Am\u00e9ricains affirment que le Congo devrait \u00eatre d\u00e9coup\u00e9 pour \u00e9viter certains probl\u00e8mes. Mais cela ne repr\u00e9sente pas l\u2019opinion du gouvernement am\u00e9ricain en 1997. En effet, si les gouvernements am\u00e9ricains avaient recherch\u00e9 la balkanisation du Za\u00efre, pourquoi auraient-ils amen\u00e9 les troupes de l\u2019AFDL jusqu\u2019\u00e0 Kinshasa\u00a0? Il aurait suffi de cantonner les troupes de l\u2019AFDL au Kivu. Le Katanga \u00e9tait d\u00e9j\u00e0 contr\u00f4l\u00e9 par les milices de Kyungu.<\/span><\/span><\/div>\n<div><span style=\"color: black; font-family: inherit,serif; font-size: large;\"><span lang=\"fr\">\u00a0<\/span><\/span><\/div>\n<div><span style=\"color: black; font-family: inherit,serif; font-size: large;\"><span lang=\"fr\">Les Etats-Unis ont besoin d\u2019un Congo uni, plut\u00f4t que d\u2019une dizaine de r\u00e9publiques qui seraient pires que le Sud Soudan. D\u2019autant que l\u2019instabilit\u00e9 du Congo co\u00fbte d\u00e9j\u00e0 cher au contribuable am\u00e9ricain, qui d\u00e9bourse chaque ann\u00e9e au moins\u00a01 milliard de dollars pour la Monusco, et des centaines de millions pour l\u2019assistance bilat\u00e9rale avec le Congo. Un \u00e9clatement du Congo risquerait de faire boule de neige et d\u2019affecter d\u2019autres \u00c9tats, notamment le Nigeria. Dans un tel sc\u00e9nario, c\u2019est tout l\u2019ordre international qui serait perturb\u00e9.<\/span><\/span><\/div>\n<div><span style=\"color: black; font-family: inherit,serif; font-size: large;\"><span lang=\"fr\">\u00a0<\/span><\/span><\/div>\n<div><span style=\"color: black; font-family: inherit,serif; font-size: large;\"><span lang=\"fr\">Cependant, il faut constater que la RDC demeure un Etat particuli\u00e8rement instable, d\u2019abord \u00e0 cause de l\u2019absence d\u2019un \u00c9tat fonctionnel, et \u00e0 cause du nombre de fronti\u00e8res, comme le prouvent des \u00e9tudes r\u00e9centes.<\/span><\/span><\/div>\n<div><span style=\"color: black; font-family: inherit,serif; font-size: large;\"><span lang=\"fr\">\u00a0<\/span><\/span><\/div>\n<div><span style=\"color: black; font-family: inherit,serif; font-size: large;\"><span lang=\"fr\">Selon une \u00e9tude effectu\u00e9e par Stelios Michalopoulos et Elias Papaioannou (2008) le d\u00e9coupage de l\u2019Afrique par les puissances coloniales \u00e0 une incidence sur le nombre ainsi que l\u2019intensit\u00e9 des violences ethniques dans l\u2019Afrique postcoloniale. Ainsi, sur 859 ethnies identifi\u00e9es sur le continent africain, 259 d\u2019entre elles ont \u00e9t\u00e9 r\u00e9parties sur deux ou plusieurs territoires.<\/span><\/span><\/div>\n<div><span style=\"color: black; font-family: inherit,serif; font-size: large;\"><span lang=\"fr\">Leur \u00e9tude sugg\u00e8re que l\u2019intensit\u00e9 des conflits ethniques est environ 40 % plus \u00e9lev\u00e9e pour les ethnies \u00e9parpill\u00e9es dans plusieurs territoires que celles vivant dans un seul territoire, et qu\u2019ils durent en moyenne 55 % plus longtemps que ceux des ethnies contenues dans un territoire national. Par ailleurs, il existe toujours une possibilit\u00e9 de diffusion des conflits ethniques d\u2019un pays \u00e0 l\u2019autre.<\/span><\/span><\/div>\n<div><span style=\"color: black; font-family: inherit,serif; font-size: large;\"><span lang=\"fr\">\u00a0<\/span><\/span><\/div>\n<div><span style=\"color: black; font-family: inherit,serif; font-size: large;\"><span lang=\"fr\">En lisant les conclusions de cet \u00e9tude,\u00a0<\/span><\/span><span style=\"color: black; font-family: inherit,serif; font-size: large;\"><span lang=\"fr\"><i>ceteris paribus<\/i><\/span><\/span><span style=\"color: black; font-family: inherit,serif; font-size: large;\"><span lang=\"fr\">, il n\u2019est donc pas surprenant que la RDC avec ses neuf fronti\u00e8res soit un des Etats-nations les plus instables d\u2019Afrique. Le cas de conflit ethnique Tutsi-Hutu, qui a commenc\u00e9 en Ouganda, s\u2019est poursuivi au Rwanda avant de se d\u00e9verser en RDC o\u00f9 il a entra\u00een\u00e9 plus de 6 millions de morts, tout comme celui des tueries dans la zone Beni d\u00e9montrent aussi comment un conflit commenc\u00e9 dans un pays peut s\u2019\u00e9tendre dans un autre pays par le biais des membres de l\u2019ethnie quand l\u2019Etat est faible.\u00a0\u00a0Pour ce cas de Beni, les criminels sont insaisissables parce qu\u2019ils se m\u00e9langent ais\u00e9ment \u00e0 la population comme l\u2019ont d\u00e9clar\u00e9 respectivement les g\u00e9n\u00e9raux Tanzanien, Sud-Africains et Fran\u00e7ais employ\u00e9s par la Monusco.<\/span><\/span><\/div>\n<div><span style=\"color: black; font-family: inherit,serif; font-size: large;\"><span lang=\"fr\">\u00a0<\/span><\/span><\/div>\n<div><span lang=\"fr\">\u00a0<\/span><\/div>\n<p><span style=\"font-size: large;\"><b>Pierre Vile-Linda SULA<\/b><\/span><\/p>\n<div style=\"text-align:center\" class=\"wps-pgfw-pdf-generate-icon__wrapper-frontend\">\n\t\t<a href=\"https:\/\/congokin.blog?action=genpdf&amp;id=3597\" class=\"pgfw-single-pdf-download-button\" ><img src=\"https:\/\/congokin.blog\/wp-content\/plugins\/pdf-generator-for-wp\/admin\/src\/images\/PDF_Tray.svg\" title=\"G\u00e9n\u00e9rer un PDF\" style=\"width:auto; height:45px;\"><\/a>\n\t\t<\/div>","protected":false},"excerpt":{"rendered":"<p>Cher Pascal, \u00a0 \u00a0 Sans r\u00e9pondre \u00e0 certains propos d\u00e9plac\u00e9s de votre part qui me semblent \u2013 vous en conviendrez \u2013 ternir inutilement le d\u00e9bat, je vais essayer d\u2019apporter des \u00e9claircissements en vue de tenter de dissiper des malentendus\u00a0 et de vous \u00e9viter de pavoiser, par suite d\u2019une mort subite de ma part, contre le [&hellip;]<\/p>\n","protected":false},"author":4,"featured_media":0,"comment_status":"open","ping_status":"closed","sticky":false,"template":"","format":"standard","meta":{"footnotes":""},"categories":[4,7,8,1],"tags":[],"class_list":["post-3597","post","type-post","status-publish","format-standard","hentry","category-documents","category-politique","category-societe","category-uncategorized"],"_links":{"self":[{"href":"https:\/\/congokin.blog\/index.php?rest_route=\/wp\/v2\/posts\/3597","targetHints":{"allow":["GET"]}}],"collection":[{"href":"https:\/\/congokin.blog\/index.php?rest_route=\/wp\/v2\/posts"}],"about":[{"href":"https:\/\/congokin.blog\/index.php?rest_route=\/wp\/v2\/types\/post"}],"author":[{"embeddable":true,"href":"https:\/\/congokin.blog\/index.php?rest_route=\/wp\/v2\/users\/4"}],"replies":[{"embeddable":true,"href":"https:\/\/congokin.blog\/index.php?rest_route=%2Fwp%2Fv2%2Fcomments&post=3597"}],"version-history":[{"count":0,"href":"https:\/\/congokin.blog\/index.php?rest_route=\/wp\/v2\/posts\/3597\/revisions"}],"wp:attachment":[{"href":"https:\/\/congokin.blog\/index.php?rest_route=%2Fwp%2Fv2%2Fmedia&parent=3597"}],"wp:term":[{"taxonomy":"category","embeddable":true,"href":"https:\/\/congokin.blog\/index.php?rest_route=%2Fwp%2Fv2%2Fcategories&post=3597"},{"taxonomy":"post_tag","embeddable":true,"href":"https:\/\/congokin.blog\/index.php?rest_route=%2Fwp%2Fv2%2Ftags&post=3597"}],"curies":[{"name":"wp","href":"https:\/\/api.w.org\/{rel}","templated":true}]}}