{"id":3607,"date":"2018-10-30T10:25:39","date_gmt":"2018-10-30T10:25:39","guid":{"rendered":"https:\/\/congokin.media\/?p=3607"},"modified":"2018-10-30T10:25:39","modified_gmt":"2018-10-30T10:25:39","slug":"aime-kilolo-cest-la-ceni-qui-decide-du-recours-au-bulletin-papier-ou-par-au-vote-par-voie-electronique","status":"publish","type":"post","link":"https:\/\/congokin.blog\/?p=3607","title":{"rendered":"Aim\u00e9 Kilolo : \u00ab C\u2019est la CENI qui d\u00e9cide du recours au bulletin papier ou par au vote par voie \u00e9lectronique \u00bb"},"content":{"rendered":"<h3 class=\"page-header\">Aim\u00e9 Kilolo : \u00ab C\u2019est la CENI qui d\u00e9cide du recours au bulletin papier ou par au vote par voie \u00e9lectronique \u00bb<\/h3>\n<div class=\"region region-content\">\n<section id=\"block-system-main\" class=\"block block-system clearfix\">\n<div id=\"article_area\" class=\"panel-flexible panels-flexible-3 clearfix\">\n<div class=\"panel-flexible-inside panels-flexible-3-inside\">\n<div class=\"panels-flexible-column panels-flexible-column-3-main panels-flexible-column-first\">\n<div class=\"inside panels-flexible-column-inside panels-flexible-column-3-main-inside panels-flexible-column-inside-first\">\n<div class=\"panels-flexible-row panels-flexible-row-3-main-row panels-flexible-row-first clearfix\">\n<div class=\"inside panels-flexible-row-inside panels-flexible-row-3-main-row-inside panels-flexible-row-inside-first clearfix\">\n<div class=\"panels-flexible-region panels-flexible-region-3-center panels-flexible-region-first panels-flexible-region-last article-meta\">\n<div class=\"inside panels-flexible-region-inside panels-flexible-region-3-center-inside panels-flexible-region-inside-first panels-flexible-region-inside-last\">\n<div class=\"panel-pane pane-custom pane-2\">\n<div class=\"pane-content\">\n<p>Publi\u00e9 le mar, 30\/10\/2018 &#8211; 08:49 | Modifi\u00e9 le mar, 30\/10\/2018 &#8211; 08:49<\/p>\n<\/div>\n<\/div>\n<div class=\"panel-pane pane-node-terms\">\n<div class=\"pane-content\"><\/div>\n<\/div>\n<\/div>\n<\/div>\n<\/div>\n<\/div>\n<div class=\"panels-flexible-row panels-flexible-row-3-3 clearfix article-content\">\n<div class=\"inside panels-flexible-row-inside panels-flexible-row-3-3-inside clearfix\">\n<div class=\"panels-flexible-region panels-flexible-region-3-article_content_eeg panels-flexible-region-first panels-flexible-region-last article-content-reg\">\n<div class=\"inside panels-flexible-region-inside panels-flexible-region-3-article_content_eeg-inside panels-flexible-region-inside-first panels-flexible-region-inside-last\">\n<div class=\"panel-pane pane-node-content\">\n<div class=\"pane-content\">\n<article id=\"node-186194\" class=\"node node-article clearfix\">\n<header><\/header>\n<div class=\"field field-name-body field-type-text-with-summary field-label-hidden\">\n<div class=\"field-items\">\n<div class=\"field-item even\">\n<div class=\"big_wrapper_class\"><img decoding=\"async\" title=\"Maitre Aim\u00e9 Kilolo, ex-avocat de Jean-Pierre Bemba \u00e0 la CPI anime une conf\u00e9rence de presse \u00e0 Kinshasa, le 05\/09\/2018. Radio Okapi\/Ph. John Bompengo\" src=\"https:\/\/lh3.googleusercontent.com\/-0oqM790wJqs\/W4_jfcxQXMI\/AAAAAAACOFA\/hYb-OH-5lpYovRawHcqz0MUncy_rWr8tACHMYBhgL\/2.jpg?imgmax=500\" \/><\/p>\n<div class=\"gem_pic_caption\">Maitre Aim\u00e9 Kilolo, ex-avocat de Jean-Pierre Bemba \u00e0 la CPI anime une conf\u00e9rence de presse \u00e0 Kinshasa, le 05\/09\/2018. Radio Okapi\/Ph. John Bompengo<\/div>\n<\/div>\n<p>Me Aim\u00e9\u00a0Kilolo, juriste et pr\u00e9sident national du Parti r\u00e9formateur pour un Congo vivant (PRPC), parti membre de la MP\u00a0affirme que c\u2019est la CENI\u00a0qui d\u00e9cide du recours au bulletin\u00a0papier\u00a0ou du vote par voie \u00e9lectronique dans un processus \u00e9lectoral.<br \/>\nIl donne sa lecture sur la question de l\u2019utilisation de la machine \u00e0 voter dont l\u2019opposition conteste la l\u00e9galit\u00e9.<\/p>\n<p><em>\u00ab En ce qui concerne la probl\u00e9matique de la machine \u00e0 voter, il faut s\u2019en r\u00e9f\u00e9rer \u00e0 ce qui est pr\u00e9vu \u00e0 l\u2019article 47 de la loi \u00e9lectorale qui pr\u00e9voit deux modalit\u00e9s de vote : soit le vote par bulletin papier ou le vote par voie \u00e9lectronique. Qui d\u00e9cide du recours au bulletin papier ou par\u00a0voie\u00a0\u00e9lectronique\u00a0? La r\u00e9ponse se trouve \u00e0 l\u2019article 55 de la m\u00eame loi \u00e9lectorale qui pr\u00e9voit que c\u2019est la responsabilit\u00e9 de la CENI de d\u00e9terminer les formalit\u00e9s \u00e0 accomplir lorsque l\u2019option est lev\u00e9e pour le vote \u00e9lectronique\u00a0\u00bb,\u00a0<\/em>argumente Me Aim\u00e9\u00a0Kilolo.<\/p>\n<p>Il fait remarquer aussi que la\u00a0pr\u00e9sence des personnes\u00a0sans\u00a0empreintes digitales n\u2019a rien d\u2019ill\u00e9gale.<\/p>\n<p><em>\u00ab\u00a0Les\u00a0articles 57 et 58 de la loi portant\u00a0identification\u00a0et enr\u00f4lement des \u00e9lecteurs pr\u00e9voient que toutes les questions relatives \u00e0 l\u2019identification\u00a0et \u00e0 l\u2019enr\u00f4lement des \u00e9lecteurs qui n\u2019ont pas \u00e9t\u00e9 sp\u00e9cifiquement r\u00e9gl\u00e9es dans cette loi, rel\u00e8vent de la comp\u00e9tence exclusive de la CENI.\u00a0Et\u00a0c\u2019est en\u00a0application\u00a0de cette loi que l\u2019article 22 \u00e9tablit clairement que le Bureau de\u00a0r\u00e9ception\u00a0et de\u00a0traitement\u00a0des candidatures (BRTC) peut\u00a0enr\u00f4ler\u00a0certains \u00e9lecteurs, m\u00eame sans empreintes digitales pour autant que le pr\u00e9sident du BRTC puisse en\u00a0dresser\u00a0proc\u00e8s-verbal. On est l\u00e0 dans la\u00a0l\u00e9galit\u00e9\u00a0\u00bb,<\/em>indique Me Aim\u00e9\u00a0Kilolo.<\/p>\n<p>Il s\u2019entretient avec Pellet\u00a0Kipela\u00a0Mondo.<\/p><\/div>\n<\/div>\n<\/div>\n<\/article>\n<\/div>\n<\/div>\n<\/div>\n<\/div>\n<\/div>\n<\/div>\n<\/div>\n<\/div>\n<\/div>\n<\/div>\n<\/section>\n<\/div>\n<div style=\"text-align:center\" class=\"wps-pgfw-pdf-generate-icon__wrapper-frontend\">\n\t\t<a href=\"https:\/\/congokin.blog?action=genpdf&amp;id=3607\" class=\"pgfw-single-pdf-download-button\" ><img src=\"https:\/\/congokin.blog\/wp-content\/plugins\/pdf-generator-for-wp\/admin\/src\/images\/PDF_Tray.svg\" title=\"G\u00e9n\u00e9rer un PDF\" style=\"width:auto; height:45px;\"><\/a>\n\t\t<\/div>","protected":false},"excerpt":{"rendered":"<p>Aim\u00e9 Kilolo : \u00ab C\u2019est la CENI qui d\u00e9cide du recours au bulletin papier ou par au vote par voie \u00e9lectronique \u00bb Publi\u00e9 le mar, 30\/10\/2018 &#8211; 08:49 | Modifi\u00e9 le mar, 30\/10\/2018 &#8211; 08:49 Maitre Aim\u00e9 Kilolo, ex-avocat de Jean-Pierre Bemba \u00e0 la CPI anime une conf\u00e9rence de presse \u00e0 Kinshasa, le 05\/09\/2018. Radio [&hellip;]<\/p>\n","protected":false},"author":4,"featured_media":0,"comment_status":"open","ping_status":"closed","sticky":false,"template":"","format":"standard","meta":{"footnotes":""},"categories":[6,7,8,1],"tags":[],"class_list":["post-3607","post","type-post","status-publish","format-standard","hentry","category-justice","category-politique","category-societe","category-uncategorized"],"_links":{"self":[{"href":"https:\/\/congokin.blog\/index.php?rest_route=\/wp\/v2\/posts\/3607","targetHints":{"allow":["GET"]}}],"collection":[{"href":"https:\/\/congokin.blog\/index.php?rest_route=\/wp\/v2\/posts"}],"about":[{"href":"https:\/\/congokin.blog\/index.php?rest_route=\/wp\/v2\/types\/post"}],"author":[{"embeddable":true,"href":"https:\/\/congokin.blog\/index.php?rest_route=\/wp\/v2\/users\/4"}],"replies":[{"embeddable":true,"href":"https:\/\/congokin.blog\/index.php?rest_route=%2Fwp%2Fv2%2Fcomments&post=3607"}],"version-history":[{"count":0,"href":"https:\/\/congokin.blog\/index.php?rest_route=\/wp\/v2\/posts\/3607\/revisions"}],"wp:attachment":[{"href":"https:\/\/congokin.blog\/index.php?rest_route=%2Fwp%2Fv2%2Fmedia&parent=3607"}],"wp:term":[{"taxonomy":"category","embeddable":true,"href":"https:\/\/congokin.blog\/index.php?rest_route=%2Fwp%2Fv2%2Fcategories&post=3607"},{"taxonomy":"post_tag","embeddable":true,"href":"https:\/\/congokin.blog\/index.php?rest_route=%2Fwp%2Fv2%2Ftags&post=3607"}],"curies":[{"name":"wp","href":"https:\/\/api.w.org\/{rel}","templated":true}]}}