{"id":3609,"date":"2018-10-30T10:46:34","date_gmt":"2018-10-30T10:46:34","guid":{"rendered":"https:\/\/congokin.media\/?p=3609"},"modified":"2018-10-30T10:46:34","modified_gmt":"2018-10-30T10:46:34","slug":"rdc-bemba-annonce-son-retour-au-pays-et-son-engagement-pour-un-candidat-unique-qui-a-un-bon-cursus","status":"publish","type":"post","link":"https:\/\/congokin.blog\/?p=3609","title":{"rendered":"RDC : Bemba annonce son retour au pays  et son engagement pour un candidat unique qui a un  bon cursus."},"content":{"rendered":"<h3 class=\"post_title\">RDC : Bemba annonce son retour et son engagement pour un candidat unique\u00a0qui a un bon cursus! Serait-il contre le faussaire?<\/h3>\n<ul class=\"post_details clearfix\">\n<li class=\"detail category\">Dans\u00a0R\u00e9publique d\u00e9mocratique du Congo<\/li>\n<li class=\"detail date\">27 octobre 2018<\/li>\n<li class=\"detail author\">Hubert Leclercq<\/li>\n<\/ul>\n<p><a class=\"post_image page_margin_top margin_bottom_0 prettyPhoto\" title=\"RDC : Bemba annonce son retour et son engagement pour un candidat unique\" href=\"https:\/\/afrique.lalibre.be\/app\/uploads\/2018\/10\/bemba5-787x525.jpg\"><img loading=\"lazy\" decoding=\"async\" class=\"attachment-small-slider-thumb size-small-slider-thumb wp-post-image\" title=\"\" src=\"https:\/\/afrique.lalibre.be\/app\/uploads\/2018\/10\/bemba5-690x450.jpg\" alt=\"RDC : Bemba annonce son retour et son engagement pour un candidat unique\" width=\"690\" height=\"450\" \/><\/a><\/p>\n<div class=\"post_content page_margin_top_section clearfix\">\n<div class=\"content_box full_width\">\n<p><strong>L\u2019ancien vice-pr\u00e9sident congolais et ancien d\u00e9tenu en pr\u00e9ventive de la CPI veut encore croire en un d\u00e9part de Joseph Kabila.<\/strong><\/p>\n<div class=\"text\">\n<p><em>\u00ab\u00a0Ce ne sera pas \u00e9vident, je le sais. Mais c\u2019est le seul moyen pacifique dont nous disposions aujourd\u2019hui. La marche populaire de ce vendredi contre la \u201cmachine \u00e0 voter\u201d est une premi\u00e8re et une premi\u00e8re r\u00e9ussie. D\u2019autres marches vont suivre et nous allons tout faire pour que cela aille crescendo\u201d.<\/em>\u00a0Derri\u00e8re ces mots, Jean-Pierre Bemba, pr\u00e9sident de Mouvement de Lib\u00e9ration du Congo (MLC), ancien vice-pr\u00e9sident congolais, l\u2019homme a pass\u00e9 dix ans en d\u00e9tention pr\u00e9ventive dans les ge\u00f4les de la Cour P\u00e9nale internationale, pour crime de guerre et crime contre l\u2019humanit\u00e9, avant d\u2019\u00eatre innocent\u00e9 en juin dernier \u00e0 deux mois de la date limite des inscriptions pour les candidatures \u00e0 la pr\u00e9sidentielle congolaise. Mais Bemba a finalement \u00e9t\u00e9 priv\u00e9 de course \u00e0 la magistrature supr\u00eame suite \u00e0 une condamnation \u00e0 un an de prison pour subornation de t\u00e9moins dans le cadre de son dossier \u00e0 la CPI.<\/p>\n<p>D\u00e8s avant d\u2019\u00eatre lib\u00e9r\u00e9, Bemba avait lanc\u00e9 l\u2019id\u00e9e d\u2019une candidature unique de l\u2019opposition.\u00a0<em>\u201cNous nous dirigeons vers des \u00e9ch\u00e9ances cruciales et nous voyons un gouvernement qui fait tout pour se maintenir au pouvoir. Il exclut des candidats, il met en place un processus \u00e9lectoral dont le seul objectif est d\u2019assurer la victoire de ses favoris \u00e0 tous les niveaux de scrutins. Face \u00e0 cette situation, l\u2019opposition doit se donner les moyens de faire face. Un de ses moyens, c\u2019est une candidature unique.\u201d<\/em><\/p>\n<p><strong>Sera-ce suffisant\u00a0?<\/strong><\/p>\n<p><em>Non mais c\u2019est un atout suppl\u00e9mentaire. Il faut, avant d\u2019aller aux \u00e9lections que nous obtenions le retrait de la machine \u00e0 voter et le nettoyage du fichier des \u00e9lecteurs qui comporte pr\u00e8s de dix millions de votants potentiellement fictifs. Vous imaginez le risque de bourrage des urnes.<\/em><\/p>\n<p><strong>Une situation que vous connaissez bien\u2026<\/strong><\/p>\n<p><em>Exact, en 2006, au second tour de la pr\u00e9sidentielle o\u00f9 j\u2019\u00e9tais face \u00e0 Kabila, on a \u00e9t\u00e9 victime du bourrage des urnes. Radio Vatican avait annonc\u00e9 les vrais r\u00e9sultats. Nous avions gagn\u00e9 ces \u00e9lections. Idem en 2011. Kabila n\u2019a pas gagn\u00e9 ce scrutin. Mais, contrairement \u00e0\u00a02006 et\u00a02011, cette fois, les Congolais se mobilisent avant le scrutin pour dire non \u00e0 la tricherie qui se pr\u00e9pare et infl\u00e9chir les plans de la majorit\u00e9.\u201d<\/em><\/p>\n<p><strong>Ce vendredi 26\u00a0octobre, les Congolais sont descendus dans la rue pour dire non \u00e0 la machine \u00e0 voter. Vous \u00eates satisfait de cette premi\u00e8re\u00a0?<\/strong><\/p>\n<p><em>Absolument.<\/em>\u00a0(Il sort son portable et affiche les images de la mobilisation populaire \u00e0 Kinshasa).\u00a0<em>Voyez cette foule. Pour une premi\u00e8re, c\u2019est \u00e9norme. Et, pour la premi\u00e8re fois, il y a eu des manifestations partout dans le pays.\u201d<\/em><\/p>\n<p><strong>Mais qu\u2019esp\u00e9rez-vous r\u00e9ellement de ce mouvement\u00a0?<\/strong><\/p>\n<p><em>Que le pouvoir comprenne que le peuple ne veut pas de cette machine et de la tricherie qui se pr\u00e9pare.<\/em><\/p>\n<blockquote class=\"wp-embedded-content\" data-secret=\"ib0waVNPZh\"><p>RDC : Des milliers d\u2019opposants dans les rues de Kinshasa<\/p><\/blockquote>\n<p>&nbsp;<\/p>\n<p><strong>Et si le pouvoir ne fait pas marche arri\u00e8re sur ces points\u00a0?<\/strong><\/p>\n<p><em>Nous devons continuer. Nous devons mobiliser le peuple. Nous devons d\u00e9montrer que les Congolais refusent ce qui se trame. Si nous mettons suffisamment de monde dans les rues, il faut esp\u00e9rer qu\u2019un homme ou une femme proche de Kabila lui dira combien \u00e7a va \u00eatre compliqu\u00e9 d\u2019expliquer que son candidat \u2013 Shadary \u2013 a remport\u00e9 les \u00e9lections malgr\u00e9 ces manifestations. Quelqu\u2019un va bien lui expliquer que le peuple ne pourra pas accepter ce verdict et qu\u2019une telle tricherie sera le signal d\u2019une contestation sans fin dont il ne peut sortir vainqueur.<\/em><\/p>\n<p><strong>Si personne ne vient souffler \u00e0 l\u2019oreille de Kabila\u00a0?<\/strong><\/p>\n<p><em>On avisera. Mais aujourd\u2019hui, ces marches pacifiques sont le seul moyen de faire bouger les lignes d\u00e9mocratiquement. Si on ne se mobilise pas aujourd\u2019hui, demain, ce sera bien pire.<\/em><\/p>\n<p><strong>Vous comptez rentrer au pays pour la campagne\u00a0?<\/strong><\/p>\n<p><em>Absolument. J\u2019esp\u00e9rais pouvoir rentrer ce 26\u00a0octobre mais les r\u00e9unions s\u2019encha\u00eenent ici pour l\u2019avenir du pays et c\u2019\u00e9tait tr\u00e8s compliqu\u00e9. Mais vers mi-novembre, je rentrerai pour soutenir le mouvement, le candidat unique et mes candidats aux l\u00e9gislatives et aux provinciales. Vous me verrez en t\u00eate des cort\u00e8ges.<\/em><\/p>\n<p><strong>Le candidat unique de l\u2019opposition est donc toujours une priorit\u00e9\u00a0?<\/strong><\/p>\n<p><em>Bien s\u00fbr. On y travaille quotidiennement. Un groupe de travail avec des repr\u00e9sentants de toutes les composantes de l\u2019union de l\u2019opposition a d\u00e9broussaill\u00e9 le chantier cette semaine en Afrique du Sud. Ils ont annonc\u00e9 un candidat unique pour le 15\u00a0novembre au plus tard. Une session de travail est pr\u00e9vue du 7 au 10\u00a0novembre entre les leaders de ces mouvements. On sait que ce ne sera pas facile\u2009; mais on va y arriver.\u201d<\/em><\/p>\n<blockquote class=\"wp-embedded-content\" data-secret=\"BWkKz1eNyM\"><p>RDC: Pour kengo, Katumbi et Bemba doivent pouvoir \u00eatre candidats<\/p><\/blockquote>\n<p>&nbsp;<\/p>\n<p><strong>L\u2019UDPS a refus\u00e9 de participer \u00e0 la marche du 26\u00a0octobre. Est-elle toujours dans vos rangs\u00a0?<\/strong><\/p>\n<p><em>Cette absence est regrettable. C\u2019est un rendez-vous manqu\u00e9 mais il n\u2019y a rien de d\u00e9finitif. J\u2019esp\u00e8re qu\u2019elle se ravisera.<\/em><\/p>\n<p><strong>L\u2019UDPS participera \u00e0 la session du 7 au 10\u00a0novembre\u00a0?<\/strong><\/p>\n<p><em>Selon mes informations, elle sera bien pr\u00e9sente.<\/em><\/p>\n<p><strong>Quel est le profil type de ce candidat unique\u00a0?<\/strong><\/p>\n<p><em>Id\u00e9alement, il devra avoir l\u2019exp\u00e9rience, un bon cursus, mais je ne veux pas aller trop loin sur cette question. Il faut que nous trouvions un consensus quand on sera tous autour de la table.<\/em><\/p>\n<p><strong>Mais certains noms sont plus populaires que d\u2019autres\u00a0!<\/strong><\/p>\n<p><em>Ce n\u2019est pas une garantie. Il faut que l\u2019on s\u2019entende et ce candidat sera bien encadr\u00e9. Il y aura au moins six autres candidats derri\u00e8re lui. Ils vont s\u2019engager \u00e0 fond pour lui permettre de l\u2019emporter, ils seront donc attentifs \u00e0 ce qu\u2019il fera quand il sera \u00e9lu\u00a0!<\/em><\/p>\n<p><strong>Quel mandat pour le candidat unique\u00a0?<\/strong><\/p>\n<p><em>\u201cRien n\u2019est encore arr\u00eat\u00e9, mais une des pistes d\u00e9j\u00e0 \u00e9voqu\u00e9es est un mandat qui pourrait \u00eatre plus court\u201d<\/em><\/p>\n<p>(Un mandat pr\u00e9sidentiel dont la dur\u00e9e serait ramen\u00e9e exceptionnellement \u00e0 18 ou 24 mois, au lieu de 4 ans pr\u00e9vus, selon plusieurs interlocuteurs de l\u2019opposition. Le temps pour le nouveau pr\u00e9sident de mettre en place son \u00e9quipe, de r\u00e9viser la Constitution pour ramener l\u2019\u00e9lection pr\u00e9sidentielle \u00e0 deux tours, avant de convoquer un retour aux urnes\u00a0<em>\u201cvraiment d\u00e9mocratique et inclusif\u201d)<\/em>.<\/p>\n<p>Pour un retour aux urnes inclusif et \u00e0 deux tours ?<\/p>\n<p><em>Cela fait partie des pistes \u00e9voqu\u00e9es. Un scrutin pr\u00e9sidentiel \u00e0 deux tours, tel que nous l\u2019avions imagin\u00e9 dans la constitution originelle de 2006 appara\u00eet toujours comme le meilleur syst\u00e8me. Il permet une grande libert\u00e9 et une belle ouverture au premier tour et oblige les finalistes \u00e0 \u00eatre des rassembleurs et \u00e0 d\u00e9montrer leur capacit\u00e9 de synth\u00e8se. Deux qualit\u00e9s essentielles pour un pr\u00e9sident de la R\u00e9publique\u201d<\/em>, explique Jean-Pierre Bemba.<\/p>\n<\/div>\n<\/div>\n<\/div>\n<div style=\"text-align:center\" class=\"wps-pgfw-pdf-generate-icon__wrapper-frontend\">\n\t\t<a href=\"https:\/\/congokin.blog?action=genpdf&amp;id=3609\" class=\"pgfw-single-pdf-download-button\" ><img src=\"https:\/\/congokin.blog\/wp-content\/plugins\/pdf-generator-for-wp\/admin\/src\/images\/PDF_Tray.svg\" title=\"G\u00e9n\u00e9rer un PDF\" style=\"width:auto; height:45px;\"><\/a>\n\t\t<\/div>","protected":false},"excerpt":{"rendered":"<p>RDC : Bemba annonce son retour et son engagement pour un candidat unique\u00a0qui a un bon cursus! Serait-il contre le faussaire? Dans\u00a0R\u00e9publique d\u00e9mocratique du Congo 27 octobre 2018 Hubert Leclercq L\u2019ancien vice-pr\u00e9sident congolais et ancien d\u00e9tenu en pr\u00e9ventive de la CPI veut encore croire en un d\u00e9part de Joseph Kabila. \u00ab\u00a0Ce ne sera pas \u00e9vident, [&hellip;]<\/p>\n","protected":false},"author":4,"featured_media":0,"comment_status":"open","ping_status":"closed","sticky":false,"template":"","format":"standard","meta":{"footnotes":""},"categories":[6,7,8,1],"tags":[],"class_list":["post-3609","post","type-post","status-publish","format-standard","hentry","category-justice","category-politique","category-societe","category-uncategorized"],"_links":{"self":[{"href":"https:\/\/congokin.blog\/index.php?rest_route=\/wp\/v2\/posts\/3609","targetHints":{"allow":["GET"]}}],"collection":[{"href":"https:\/\/congokin.blog\/index.php?rest_route=\/wp\/v2\/posts"}],"about":[{"href":"https:\/\/congokin.blog\/index.php?rest_route=\/wp\/v2\/types\/post"}],"author":[{"embeddable":true,"href":"https:\/\/congokin.blog\/index.php?rest_route=\/wp\/v2\/users\/4"}],"replies":[{"embeddable":true,"href":"https:\/\/congokin.blog\/index.php?rest_route=%2Fwp%2Fv2%2Fcomments&post=3609"}],"version-history":[{"count":0,"href":"https:\/\/congokin.blog\/index.php?rest_route=\/wp\/v2\/posts\/3609\/revisions"}],"wp:attachment":[{"href":"https:\/\/congokin.blog\/index.php?rest_route=%2Fwp%2Fv2%2Fmedia&parent=3609"}],"wp:term":[{"taxonomy":"category","embeddable":true,"href":"https:\/\/congokin.blog\/index.php?rest_route=%2Fwp%2Fv2%2Fcategories&post=3609"},{"taxonomy":"post_tag","embeddable":true,"href":"https:\/\/congokin.blog\/index.php?rest_route=%2Fwp%2Fv2%2Ftags&post=3609"}],"curies":[{"name":"wp","href":"https:\/\/api.w.org\/{rel}","templated":true}]}}