{"id":3614,"date":"2018-11-01T01:20:08","date_gmt":"2018-11-01T01:20:08","guid":{"rendered":"https:\/\/congokin.media\/?p=3614"},"modified":"2018-11-01T01:20:08","modified_gmt":"2018-11-01T01:20:08","slug":"rdc-des-vehicules-de-larmee-utilises-pour-le-transport-du-materiel-electoral","status":"publish","type":"post","link":"https:\/\/congokin.blog\/?p=3614","title":{"rendered":"RDC : des v\u00e9hicules de l\u2019arm\u00e9e utilis\u00e9s pour le transport du\u00a0mat\u00e9riel \u00e9lectoral"},"content":{"rendered":"<div class=\"art-header\">\n<h3 class=\"js-no-orphans\">RDC : des v\u00e9hicules de l\u2019arm\u00e9e utilis\u00e9s pour le transport du\u00a0<span class=\"css-nowrap\">mat\u00e9riel \u00e9lectoral<\/span><\/h3>\n<div><span class=\"art-reserved__date\">30 octobre 2018 \u00e0 08h25\u00a0<\/span><span class=\"art-reserved__author-bloc\"><span class=\"pipe-separator\">|<\/span>\u00a0<span class=\"art-header-author\">Par Jeune Afrique avec AFP<\/span><\/span><\/div>\n<p><time class=\"art-date\" datetime=\"2018-10-30T07:25:09Z\"><span class=\"art-reserved__date-update\">Mis \u00e0 jour le\u00a030 octobre 2018 \u00e0 08h26<\/span><\/time><\/div>\n<div id=\"content\" class=\"col-sm-8\">\n<article id=\"post-655313\" class=\"art-content\">\n<figure class=\"thumbnail art-thumbnail-lead\"><img decoding=\"async\" src=\"https:\/\/www.jeuneafrique.com\/medias\/2017\/08\/03\/ceni_rdc_elections_gouverneurs-592x296.jpg\" \/><\/figure>\n<div class=\"art-text ja-teads-inread\">\n<p class=\"lead\">La commission \u00e9lectorale de la R\u00e9publique d\u00e9mocratique du Congo a r\u00e9ceptionn\u00e9 lundi 29 octobre \u00e0 Kinshasa un lot de camions et a\u00e9ronefs de l&rsquo;arm\u00e9e pour acheminer le mat\u00e9riel des \u00e9lections de d\u00e9cembre, conform\u00e9ment \u00e0 la volont\u00e9 de la RDC de se passer de tout appui international.<\/p>\n<p>Cent-cinquante v\u00e9hicules de la marque russe Kamaz \u00e9taient expos\u00e9s devant le si\u00e8ge de la commission \u00e9lectorale nationale ind\u00e9pendante lundi 29 octobre. Les autorit\u00e9s en ont remis les cl\u00e9s au\u00a0pr\u00e9sident de l\u2019institution, Corneille Nangaa.<\/p>\n<p>Une dizaine d\u2019avions et h\u00e9licopt\u00e8res ont parall\u00e8lement \u00e9t\u00e9 remis \u00e0 la Ceni lors d\u2019une c\u00e9r\u00e9monie officielle \u00e0 l\u2019a\u00e9roport international de Ndjili, dans l\u2019est de Kinshasa.<\/p>\n<div class=\"embed-container-sifija embed-twitter Twitter\">\n<div class=\"SandboxRoot env-bp-350\" data-twitter-event-id=\"0\">\n<div id=\"twitter-widget-0\" class=\"EmbeddedTweet EmbeddedTweet--mediaForward media-forward js-clickToOpenTarget js-tweetIdInfo tweet-InformationCircle-widgetParent\" lang=\"fr\" data-click-to-open-target=\"https:\/\/twitter.com\/cenirdc\/status\/1057051699653812227\" data-iframe-title=\"Tweet de Twitter\" data-scribe=\"page:tweet\" data-tweet-id=\"1057051699653812227\" data-twitter-event-id=\"1\">\n<article class=\"MediaCard\n           MediaCard--mediaForward\n\n           customisable-border\" dir=\"ltr\" data-scribe=\"component:card\"><\/p>\n<div class=\"MediaCard-mediaContainer js-cspForcedStyle\" data-scribe=\"element:photo_grid\" data-style=\"padding-bottom: 50%\">\n<div class=\"MediaCard-mediaAsset ImageGrid ImageGrid--4 ImageGrid--roundedTop\"><a class=\"ImageGrid-image ImageGrid-image-0 CroppedImage CroppedImage--fillWidth\" href=\"https:\/\/twitter.com\/cenirdc\/status\/1057051699653812227\/photo\/1\"><img loading=\"lazy\" decoding=\"async\" class=\"CroppedImage-image js-cspForcedStyle\" title=\"Voir l'image sur Twitter\" src=\"https:\/\/pbs.twimg.com\/media\/Dqtm3vbWsAUVX1L?format=jpg&amp;name=360x360\" alt=\"Voir l'image sur Twitter\" width=\"1024\" height=\"1024\" data-image=\"https:\/\/pbs.twimg.com\/media\/Dqtm3vbWsAUVX1L\" data-style=\" top:-67%;\" \/><\/a><a class=\"ImageGrid-image ImageGrid-image-1 CroppedImage CroppedImage--fillWidth\" href=\"https:\/\/twitter.com\/cenirdc\/status\/1057051699653812227\/photo\/1\"><img loading=\"lazy\" decoding=\"async\" class=\"CroppedImage-image js-cspForcedStyle\" title=\"Voir l'image sur Twitter\" src=\"https:\/\/pbs.twimg.com\/media\/Dqtm41FWkAIC5NQ?format=jpg&amp;name=360x360\" alt=\"Voir l'image sur Twitter\" width=\"960\" height=\"640\" data-image=\"https:\/\/pbs.twimg.com\/media\/Dqtm41FWkAIC5NQ\" data-style=\" top:-17%;\" \/><\/a><a class=\"ImageGrid-image ImageGrid-image-2 CroppedImage CroppedImage--fillWidth\" href=\"https:\/\/twitter.com\/cenirdc\/status\/1057051699653812227\/photo\/1\"><img loading=\"lazy\" decoding=\"async\" class=\"CroppedImage-image js-cspForcedStyle\" title=\"Voir l'image sur Twitter\" src=\"https:\/\/pbs.twimg.com\/media\/Dqtm5lEWsAACYjz?format=jpg&amp;name=360x360\" alt=\"Voir l'image sur Twitter\" width=\"960\" height=\"640\" data-image=\"https:\/\/pbs.twimg.com\/media\/Dqtm5lEWsAACYjz\" data-style=\" top:-16%;\" \/><\/a><a class=\"ImageGrid-image ImageGrid-image-3 CroppedImage CroppedImage--fillWidth\" href=\"https:\/\/twitter.com\/cenirdc\/status\/1057051699653812227\/photo\/1\"><img loading=\"lazy\" decoding=\"async\" class=\"CroppedImage-image js-cspForcedStyle\" title=\"Voir l'image sur Twitter\" src=\"https:\/\/pbs.twimg.com\/media\/Dqtm6MAWsAAryCu?format=jpg&amp;name=360x360\" alt=\"Voir l'image sur Twitter\" width=\"1080\" height=\"715\" data-image=\"https:\/\/pbs.twimg.com\/media\/Dqtm6MAWsAAryCu\" data-style=\" top:-16%;\" \/><\/a><\/div>\n<\/div>\n<\/article>\n<div class=\"EmbeddedTweet-tweetContainer\">\n<div class=\"EmbeddedTweet-tweet\">\n<blockquote class=\"Tweet h-entry js-tweetIdInfo subject expanded\" cite=\"https:\/\/twitter.com\/cenirdc\/status\/1057051699653812227\" data-tweet-id=\"1057051699653812227\" data-scribe=\"section:subject\">\n<div class=\"Tweet-header\"><a class=\"TweetAuthor-avatar  Identity-avatar u-linkBlend\" href=\"https:\/\/twitter.com\/cenirdc\" data-scribe=\"element:user_link\" aria-label=\"Ceni-rdc (nom d'utilisateur : cenirdc)\"><img decoding=\"async\" class=\"Avatar\" src=\"https:\/\/pbs.twimg.com\/profile_images\/786620454127763456\/UNh1oJNB_normal.jpg\" alt=\"\" data-scribe=\"element:avatar\" data-src-2x=\"https:\/\/pbs.twimg.com\/profile_images\/786620454127763456\/UNh1oJNB_bigger.jpg\" data-src-1x=\"https:\/\/pbs.twimg.com\/profile_images\/786620454127763456\/UNh1oJNB_normal.jpg\" \/><\/a><\/p>\n<div class=\"TweetAuthor js-inViewportScribingTarget\" data-scribe=\"component:author\">\n<div class=\"TweetAuthor-nameScreenNameContainer\"><span class=\"TweetAuthor-decoratedName\"><span class=\"TweetAuthor-name Identity-name customisable-highlight\" title=\"Ceni-rdc\" data-scribe=\"element:name\">Ceni-rdc<\/span><\/span><span class=\"TweetAuthor-screenName Identity-screenName\" dir=\"ltr\" title=\"@cenirdc\" data-scribe=\"element:screen_name\">@cenirdc<\/span><\/div>\n<\/div>\n<div class=\"Tweet-brand\">\n<div class=\"Icon Icon--twitter \" title=\"Voir sur Twitter\" role=\"presentation\" aria-label=\"Voir sur Twitter\"><\/div>\n<\/div>\n<\/div>\n<div class=\"Tweet-body e-entry-content\" data-scribe=\"component:tweet\">\n<div class=\"u-hiddenVisually js-inViewportScribingTarget\"><\/div>\n<p class=\"Tweet-text e-entry-title\" dir=\"ltr\" lang=\"fr\">150 camions de type Kamaz r\u00e9ceptionn\u00e9s \u00e0 Kinshasa, 1 avion Ilyusin-76, 1 DC-8, 3<br \/>\nBoeings-727, 1 Boeing-737, 2 Antonov 72 adapt\u00e9s \u00e0 des pistes d\u2019acc\u00e8s difficile, 1<br \/>\nBoeing-737 passagers, 5 h\u00e9licopt\u00e8res constituent le lot des moyens logistiques mis \u00e0 la disposition de <span class=\"PrettyLink-prefix\">@<\/span><span class=\"PrettyLink-value\">cenirdc<\/span><\/p>\n<div class=\"Tweet-metadata dateline\"><time class=\"dt-updated\" title=\"Heure de publication : 29 octobre 2018 23:28:58 (UTC)\" datetime=\"2018-10-29T23:28:58+0000\">18:28 &#8211; 29 oct. 2018<\/time><\/div>\n<ul class=\"Tweet-actions Tweet-action--newsActions\" role=\"menu\" data-scribe=\"component:actions\" aria-label=\"Actions du Tweet\">\n<li class=\"Tweet-action Tweet-action--newsAction\">\n<div class=\"Icon Icon--heart TweetAction-icon\" role=\"img\" data-scribe=\"element:heart\"><\/div>\n<p><span class=\"TweetAction-stat\" data-scribe=\"element:heart_count\">47<\/span><\/li>\n<li class=\"Tweet-action Tweet-action--newsAction\">\n<div class=\"Icon Icon--reply TweetAction-icon\" role=\"img\" data-scribe=\"element:conversation_icon\"><\/div>\n<p><span class=\"TweetAction-stat\" data-scribe=\"element:conversation_text\">28 personnes parlent \u00e0 ce sujet<\/span><\/li>\n<\/ul>\n<\/div>\n<\/blockquote>\n<\/div>\n<\/div>\n<div class=\"tweet-InformationCircle--top tweet-InformationCircle\" data-scribe=\"element:notice\"><span class=\"u-hiddenVisually\">Informations sur les Publicit\u00e9s Twitter et confidentialit\u00e9<\/span><\/div>\n<\/div>\n<div class=\"resize-sensor\">\n<div class=\"resize-sensor-expand\">\n<div><\/div>\n<\/div>\n<div class=\"resize-sensor-shrink\">\n<div><\/div>\n<\/div>\n<\/div>\n<\/div>\n<\/div>\n<p>\u00ab\u00a0Ce mat\u00e9riels appartiennent \u00e0 l\u2019arm\u00e9e et donc apr\u00e8s les \u00e9lections, ils vont retourner \u00e0 la base logistique des Forces arm\u00e9es de la R\u00e9publique d\u00e9mocratique du Congo\u00a0\u00bb, a insist\u00e9 Crispin Atama Thabe, ministre congolais de la D\u00e9fense.<\/p>\n<p>Il s\u2019agit de \u00ab\u00a0l\u2019expression de la souverainet\u00e9 de notre \u00c9tat, c\u2019est une volont\u00e9 du gouvernement de voir la Ceni \u00eatre autonome dans l\u2019accomplissement de sa t\u00e2che, sans d\u00e9pendre de la volont\u00e9 de l\u2019ext\u00e9rieur quant \u00e0 la r\u00e9alisation de sa mission\u00a0\u00bb, s\u2019est f\u00e9licit\u00e9\u00a0le ministre de l\u2019Int\u00e9rieur Henri Mova.<\/p>\n<p>Par ce geste, le gouvernement veut \u00ab\u00a0imposer le respect de la communaut\u00e9 internationale\u00a0\u00bb, a-t-il ajout\u00e9.<\/p>\n<h2>Trois scrutins<\/h2>\n<p>Kinshasa avait promis de financer seul ses \u00e9lections sans appui ext\u00e9rieur malgr\u00e9 les propositions de soutien de la communaut\u00e9 internationale.<\/p>\n<p>Trois scrutins, pr\u00e9sidentielle, l\u00e9gislatives nationales et provinciales se tiendront le 23 d\u00e9cembre apr\u00e8s avoir\u00a0d\u00e9j\u00e0 \u00e9t\u00e9 report\u00e9s \u00e0 deux reprises : fin 2016 et fin 2017.<\/p>\n<p>Vingt et un candidats sont en lice pour la pr\u00e9sidentielle\u00a0qui doit d\u00e9signer le successeur du pr\u00e9sident Joseph Kabila, rest\u00e9 dix-huit ans au pouvoir et qui ne pouvait plus constitutionnellement se repr\u00e9senter.<\/p>\n<p>Le pr\u00e9sident sortant a d\u00e9sign\u00e9 son ex-ministre de l\u2019Int\u00e9rieur,\u00a0Emmanuel Ramazani Shadary\u00a0comme candidat de sa majorit\u00e9 \u00e0 cette pr\u00e9sidentielle.\u00a0L\u2019opposition veut pr\u00e9senter un candidat commun\u00a0mais n\u2019a pas encore r\u00e9ussi \u00e0 se mettre d\u2019accord sur un nom.<\/p>\n<\/div>\n<\/article>\n<\/div>\n<div style=\"text-align:center\" class=\"wps-pgfw-pdf-generate-icon__wrapper-frontend\">\n\t\t<a href=\"https:\/\/congokin.blog?action=genpdf&amp;id=3614\" class=\"pgfw-single-pdf-download-button\" ><img src=\"https:\/\/congokin.blog\/wp-content\/plugins\/pdf-generator-for-wp\/admin\/src\/images\/PDF_Tray.svg\" title=\"G\u00e9n\u00e9rer un PDF\" style=\"width:auto; height:45px;\"><\/a>\n\t\t<\/div>","protected":false},"excerpt":{"rendered":"<p>RDC : des v\u00e9hicules de l\u2019arm\u00e9e utilis\u00e9s pour le transport du\u00a0mat\u00e9riel \u00e9lectoral 30 octobre 2018 \u00e0 08h25\u00a0|\u00a0Par Jeune Afrique avec AFP Mis \u00e0 jour le\u00a030 octobre 2018 \u00e0 08h26 La commission \u00e9lectorale de la R\u00e9publique d\u00e9mocratique du Congo a r\u00e9ceptionn\u00e9 lundi 29 octobre \u00e0 Kinshasa un lot de camions et a\u00e9ronefs de l&rsquo;arm\u00e9e pour acheminer [&hellip;]<\/p>\n","protected":false},"author":4,"featured_media":0,"comment_status":"open","ping_status":"closed","sticky":false,"template":"","format":"standard","meta":{"footnotes":""},"categories":[6,7,8,1],"tags":[],"class_list":["post-3614","post","type-post","status-publish","format-standard","hentry","category-justice","category-politique","category-societe","category-uncategorized"],"_links":{"self":[{"href":"https:\/\/congokin.blog\/index.php?rest_route=\/wp\/v2\/posts\/3614","targetHints":{"allow":["GET"]}}],"collection":[{"href":"https:\/\/congokin.blog\/index.php?rest_route=\/wp\/v2\/posts"}],"about":[{"href":"https:\/\/congokin.blog\/index.php?rest_route=\/wp\/v2\/types\/post"}],"author":[{"embeddable":true,"href":"https:\/\/congokin.blog\/index.php?rest_route=\/wp\/v2\/users\/4"}],"replies":[{"embeddable":true,"href":"https:\/\/congokin.blog\/index.php?rest_route=%2Fwp%2Fv2%2Fcomments&post=3614"}],"version-history":[{"count":0,"href":"https:\/\/congokin.blog\/index.php?rest_route=\/wp\/v2\/posts\/3614\/revisions"}],"wp:attachment":[{"href":"https:\/\/congokin.blog\/index.php?rest_route=%2Fwp%2Fv2%2Fmedia&parent=3614"}],"wp:term":[{"taxonomy":"category","embeddable":true,"href":"https:\/\/congokin.blog\/index.php?rest_route=%2Fwp%2Fv2%2Fcategories&post=3614"},{"taxonomy":"post_tag","embeddable":true,"href":"https:\/\/congokin.blog\/index.php?rest_route=%2Fwp%2Fv2%2Ftags&post=3614"}],"curies":[{"name":"wp","href":"https:\/\/api.w.org\/{rel}","templated":true}]}}