{"id":3618,"date":"2018-11-01T01:41:20","date_gmt":"2018-11-01T01:41:20","guid":{"rendered":"https:\/\/congokin.media\/?p=3618"},"modified":"2018-11-01T01:41:20","modified_gmt":"2018-11-01T01:41:20","slug":"cris-dalarme-des-humanitaires-suite-a-lexpulsion-de-congolais-dangola","status":"publish","type":"post","link":"https:\/\/congokin.blog\/?p=3618","title":{"rendered":"Cris d&rsquo;alarme des humanitaires suite \u00e0 l&rsquo;expulsion de Congolais d&rsquo;Angola"},"content":{"rendered":"<div class=\"hdr-container\">\n<div class=\"row\">\n<div class=\"col-title col-xs-12 col-md-10 pull-right\">\n<h3 class=\"pg-title\">Cris d&rsquo;alarme des humanitaires suite \u00e0 l&rsquo;expulsion de Congolais d&rsquo;Angola<\/h3>\n<\/div>\n<div class=\"col-publishing-details col-xs-12 col-sm-12 col-md-2 pull-left\">\n<div class=\"publishing-details\">\n<div class=\"published\"><span class=\"date\"><time datetime=\"2018-10-31T17:19:48+00:00\">31 octobre 2018<\/time><\/span><\/div>\n<div class=\"links\">\n<ul class=\"links__list links__list--column\">\n<li class=\"links__item\">VOA Afrique<\/li>\n<\/ul>\n<\/div>\n<\/div>\n<\/div>\n<div class=\"col-lg-12 separator\">\n<div class=\"separator\">\n<hr class=\"title-line\" \/>\n<\/div>\n<\/div>\n<div class=\"col-multimedia col-xs-12 col-md-10 pull-right\">\n<div class=\"cover-media\">\n<figure class=\"media-image js-media-expand js-media-expand--ready\">\n<div class=\"img-wrap\">\n<div class=\"thumb\"><img decoding=\"async\" class=\" enhanced\" src=\"https:\/\/gdb.voanews.com\/16E45480-3E52-4DD2-8E58-1C800927EE06_w1023_r1_s.jpg\" alt=\"Un responsable de l'OIM enregistre un migrant congolais qui est arriv\u00e9 de l'Angola \u00e0 la fronti\u00e8re de Kamako, dans la province du Kasa\u00ef en RDC, le 13 octobre 2018.\" \/><\/div>\n<\/div><figcaption><span class=\"caption\">Un responsable de l&rsquo;OIM enregistre un migrant congolais qui est arriv\u00e9 de l&rsquo;Angola \u00e0 la fronti\u00e8re de Kamako, dans la province du Kasa\u00ef en RDC, le 13 octobre 2018.<\/span><\/figcaption><\/figure>\n<\/div>\n<\/div>\n<div class=\"col-xs-12 col-md-2 pull-left article-share\">\n<aside class=\"share flex-column js-share--apply-sticky js-share--expandable js-share--horizontal\" data-extended=\"true\"><span class=\"label label--share stand-alone\">Partager<\/span><\/p>\n<ul class=\"share__list\">\n<li class=\"share__item\"><\/li>\n<li class=\"share__item\"><\/li>\n<li class=\"share__item\"><\/li>\n<li class=\"share__item\"><\/li>\n<\/ul>\n<\/aside>\n<div class=\"links link-function\">\n<p class=\"link-comments\"><a href=\"https:\/\/www.voaafrique.com\/a\/cris-d-alarme-des-humanitaires-suite-%C3%A0-l-expulsion-de-congolais-d-angola-\/4637050.html#comments\"><span class=\"btn__text\">Voir les commentaires<\/span><\/a><\/p>\n<p class=\"link-print visible-md visible-lg\"><button class=\"btn btn--link btn-print\" title=\"(CTRL+P)\">\u00a0<span class=\"btn__text\">Print<\/span><\/button><\/p>\n<\/div>\n<\/div>\n<\/div>\n<\/div>\n<div class=\"body-container\">\n<div class=\"row\">\n<div class=\"col-xs-12 col-sm-12 col-md-10 col-lg-10 pull-right\">\n<div class=\"row\">\n<div class=\"col-xs-12 col-sm-12 col-md-8 col-lg-8 pull-left bottom-offset content-offset\">\n<div class=\"intro intro--bold\">\n<p>Des humanitaires se sont alarm\u00e9s mercredi au sujet de la situation des Congolais expuls\u00e9s d&rsquo;Angola en octobre, estimant que ces personnes install\u00e9es dans une r\u00e9gion du centre de la R\u00e9publique d\u00e9mocratique du Congo, avaient urgemment besoin d&rsquo;aide.<\/p>\n<\/div>\n<div id=\"article-content\" class=\"content-floated-wrap fb-quotable\">\n<div class=\"wsw\">\n<p>Quelque 200.000 Congolais ont \u00e9t\u00e9 expuls\u00e9s vers la RDC au courant du mois d&rsquo;octobre par les autorit\u00e9s angolaises qui ont \u00e9voqu\u00e9 une op\u00e9ration contre l&rsquo;immigration clandestine dans la province du Lunda Norte. Kinshasa avait alors menac\u00e9 de saisir les instances internationales.<\/p>\n<p>Nombre de personnes expuls\u00e9es \u00ab\u00a0ont \u00e9t\u00e9 forc\u00e9es de fuir, ont subi ou bien ont \u00e9t\u00e9 t\u00e9moins de violences graves en Angola\u00a0\u00bb, affirme Chals Wontewe, directeur pays d\u2019Oxfam en RDC.<\/p>\n<p>\u00ab\u00a0Traumatis\u00e9s et d\u00e9munis, ils ont d\u00e9sesp\u00e9r\u00e9ment besoin d&rsquo;aide. Ils ont besoin de nourriture et d&rsquo;eau potable de toute urgence ainsi que de pouvoir rentrer chez eux en s\u00e9curit\u00e9\u00a0\u00bb, estime-t-il dans un communiqu\u00e9.<\/p>\n<div class=\"row\">\n<div class=\"col-xs-12 col-sm-12 col-md-12 col-lg-12\">\n<div class=\"media-block size-3 also-read horizontal has-img\">\n<div class=\"img-wrap also-read__img\">\n<div class=\"thumb thumb16_9\"><img decoding=\"async\" class=\" enhanced\" src=\"https:\/\/gdb.voanews.com\/3C5A4B11-005D-412D-BC62-5D460527C3CF_w256_r1.jpg\" alt=\"Les migrants congolais qui vivaient en Angola se rassemblent dans la ville frontali\u00e8re congolaise de Kamako, le 12 octobre 2018.\" data-src=\"https:\/\/gdb.voanews.com\/3C5A4B11-005D-412D-BC62-5D460527C3CF_w100_r1.jpg\" \/><\/div>\n<\/div>\n<div class=\"content\"><a title=\"Quinze d\u00e9c\u00e8s en trois semaines au Kasa\u00ef apr\u00e8s leurs expulsions d'Angola\" href=\"https:\/\/www.voaafrique.com\/a\/quinze-d%C3%A9c%C3%A8s-en-trois-semaines-au-kasa%C3%AF-apr%C3%A8s-leurs-expulsions-d-angola-\/4623596.html\"><span class=\"also-read__text--label\">Lire aussi :<\/span><\/a><\/p>\n<h4 class=\"media-block__title also-read__text p-0\">Quinze d\u00e9c\u00e8s en trois semaines au Kasa\u00ef apr\u00e8s leurs expulsions d&rsquo;Angola<\/h4>\n<\/div>\n<\/div>\n<\/div>\n<\/div>\n<p>Les expuls\u00e9s sont accueillis par des personnes qui luttent d\u00e9j\u00e0 elles-m\u00eames contre la pauvret\u00e9, la faim et la maladie, selon M. Wontewe.<\/p>\n<p>\u00ab\u00a0Nous avons rencontr\u00e9 des familles qui h\u00e9bergent jusqu&rsquo;\u00e0 30 personnes rentr\u00e9es d&rsquo;Angola, alors qu\u2019au sein du foyer ils ont des enfants qui souffrent de malnutrition s\u00e9v\u00e8re\u00a0\u00bb, rapporte ce responsable humanitaire.<\/p>\n<p>\u00ab\u00a0Cette nouvelle crise n\u00e9cessite un financement ad\u00e9quat et une r\u00e9ponse rapide pour que nous puissions venir en aide \u00e0 ce nombre consid\u00e9rable de personnes en situation d\u2019extr\u00eame vuln\u00e9rabilit\u00e9\u00a0\u00bb, a d\u00e9clar\u00e9 M. Wontewe.<\/p>\n<p>Le Comit\u00e9 international de la Croix-Rouge (CICR) a indiqu\u00e9 que \u00ab\u00a050.000 personnes se trouvent actuellement bloqu\u00e9es et sans ressources dans les environs de la ville fronti\u00e8re de Kamako (dans la province du Kasa\u00ef) apr\u00e8s avoir \u00e9t\u00e9 expuls\u00e9s d\u2019Angola\u00a0\u00bb.<\/p>\n<div class=\"row\">\n<div class=\"col-xs-12 col-sm-12 col-md-12 col-lg-12\">\n<div class=\"media-block size-3 also-read horizontal has-img\">\n<div class=\"img-wrap also-read__img\">\n<div class=\"thumb thumb16_9\"><img decoding=\"async\" class=\" enhanced\" src=\"https:\/\/gdb.voanews.com\/35E28CA2-4247-410F-8D0F-5C7B6FD189B2_cx0_cy9_cw0_w256_r1.jpg\" alt=\"Des migrants congolais expuls\u00e9s d'Angola arrivent \u00e0 Tshikapa dans la province du Kasa\u00ef, pr\u00e8s de la fronti\u00e8re angolaise, en R\u00e9publique d\u00e9mocratique du Congo, le 13 octobre 2018.\" data-src=\"https:\/\/gdb.voanews.com\/35E28CA2-4247-410F-8D0F-5C7B6FD189B2_cx0_cy9_cw0_w100_r1.jpg\" \/><\/div>\n<\/div>\n<div class=\"content\"><a title=\"Plus d'un million de dollars saisis et 380.000 migrants clandestins expuls\u00e9s en un mois en Angola\" href=\"https:\/\/www.voaafrique.com\/a\/plus-d-un-million-de-dollars-saisis-et-380-000-migrants-clandestins-expuls%C3%A9s-en-un-mois-en-angola\/4622072.html\"><span class=\"also-read__text--label\">Lire aussi :<\/span><\/a><\/p>\n<h4 class=\"media-block__title also-read__text p-0\">Plus d&rsquo;un million de dollars saisis et 380.000 migrants clandestins expuls\u00e9s en un mois en Angola<\/h4>\n<\/div>\n<\/div>\n<\/div>\n<\/div>\n<p>\u00ab\u00a0Femmes, hommes et enfants s\u2019entassent au poste-fronti\u00e8re, \u00e0 Kamako et dans ses alentours, sans que les structures existantes puissent r\u00e9pondre \u00e0 leurs besoins les plus pressants. H\u00e9bergement, soins m\u00e9dicaux, nourriture, tout manque. Des \u00e9pid\u00e9mies sont \u00e0 craindre\u00a0\u00bb, explique le CICR dans un communiqu\u00e9.<\/p>\n<p>Oxfam signale par ailleurs que cet afflux massif de personnes pendant la saison des pluies pose des \u00ab\u00a0risques majeurs sur le plan sanitaire\u00a0\u00bb, dans une r\u00e9gion d\u00e9j\u00e0 touch\u00e9e par une \u00e9pid\u00e9mie de chol\u00e9ra et o\u00f9 l&rsquo;eau potable et des installations d\u2019hygi\u00e8ne d\u00e9centes sont rares.<\/p>\n<p>La r\u00e9gion du Kasa\u00ef est l&rsquo;une des plus pauvres de la RDC. Elle a bascul\u00e9e dans la violence entre 2016 et 2017, et le conflit entre forces r\u00e9guli\u00e8res et miliciens a fait environ 3.000 morts et plus d&rsquo;un million de d\u00e9plac\u00e9s, selon l&rsquo;ONU.<\/p>\n<p>Avec AFP<\/p>\n<\/div>\n<\/div>\n<\/div>\n<\/div>\n<\/div>\n<\/div>\n<\/div>\n<div style=\"text-align:center\" class=\"wps-pgfw-pdf-generate-icon__wrapper-frontend\">\n\t\t<a href=\"https:\/\/congokin.blog?action=genpdf&amp;id=3618\" class=\"pgfw-single-pdf-download-button\" ><img src=\"https:\/\/congokin.blog\/wp-content\/plugins\/pdf-generator-for-wp\/admin\/src\/images\/PDF_Tray.svg\" title=\"G\u00e9n\u00e9rer un PDF\" style=\"width:auto; height:45px;\"><\/a>\n\t\t<\/div>","protected":false},"excerpt":{"rendered":"<p>Cris d&rsquo;alarme des humanitaires suite \u00e0 l&rsquo;expulsion de Congolais d&rsquo;Angola 31 octobre 2018 VOA Afrique Un responsable de l&rsquo;OIM enregistre un migrant congolais qui est arriv\u00e9 de l&rsquo;Angola \u00e0 la fronti\u00e8re de Kamako, dans la province du Kasa\u00ef en RDC, le 13 octobre 2018. Partager Voir les commentaires \u00a0Print Des humanitaires se sont alarm\u00e9s mercredi [&hellip;]<\/p>\n","protected":false},"author":4,"featured_media":0,"comment_status":"open","ping_status":"closed","sticky":false,"template":"","format":"standard","meta":{"footnotes":""},"categories":[6,7,8,1],"tags":[],"class_list":["post-3618","post","type-post","status-publish","format-standard","hentry","category-justice","category-politique","category-societe","category-uncategorized"],"_links":{"self":[{"href":"https:\/\/congokin.blog\/index.php?rest_route=\/wp\/v2\/posts\/3618","targetHints":{"allow":["GET"]}}],"collection":[{"href":"https:\/\/congokin.blog\/index.php?rest_route=\/wp\/v2\/posts"}],"about":[{"href":"https:\/\/congokin.blog\/index.php?rest_route=\/wp\/v2\/types\/post"}],"author":[{"embeddable":true,"href":"https:\/\/congokin.blog\/index.php?rest_route=\/wp\/v2\/users\/4"}],"replies":[{"embeddable":true,"href":"https:\/\/congokin.blog\/index.php?rest_route=%2Fwp%2Fv2%2Fcomments&post=3618"}],"version-history":[{"count":0,"href":"https:\/\/congokin.blog\/index.php?rest_route=\/wp\/v2\/posts\/3618\/revisions"}],"wp:attachment":[{"href":"https:\/\/congokin.blog\/index.php?rest_route=%2Fwp%2Fv2%2Fmedia&parent=3618"}],"wp:term":[{"taxonomy":"category","embeddable":true,"href":"https:\/\/congokin.blog\/index.php?rest_route=%2Fwp%2Fv2%2Fcategories&post=3618"},{"taxonomy":"post_tag","embeddable":true,"href":"https:\/\/congokin.blog\/index.php?rest_route=%2Fwp%2Fv2%2Ftags&post=3618"}],"curies":[{"name":"wp","href":"https:\/\/api.w.org\/{rel}","templated":true}]}}