{"id":3624,"date":"2018-11-01T01:58:55","date_gmt":"2018-11-01T01:58:55","guid":{"rendered":"https:\/\/congokin.media\/?p=3624"},"modified":"2018-11-01T01:58:55","modified_gmt":"2018-11-01T01:58:55","slug":"violations-des-droits-de-lhomme-en-rdc","status":"publish","type":"post","link":"https:\/\/congokin.blog\/?p=3624","title":{"rendered":"Violations des droits de l&rsquo;Homme en RDC"},"content":{"rendered":"<h3 class=\"story-body__h1\">Violations des droits de l&rsquo;Homme en RDC<\/h3>\n<div class=\"byline\"><span class=\"byline__name\">Poly Muzalia<\/span><span class=\"byline__title\">Correspondant Kinshasa, BBC AFRIQUE<\/span><\/div>\n<div class=\"with-extracted-share-icons\">\n<div class=\"story-body__mini-info-list-and-share\">\n<div class=\"story-body__mini-info-list-and-share-row\">\n<div class=\"mini-info-list-wrap\">\n<ul class=\"mini-info-list\">\n<li class=\"mini-info-list__item\">\n<div class=\"date date--v2 relative-time\" data-seconds=\"1541010865\" data-datetime=\"31 octobre 2018\" data-timestamp-inserted=\"true\">Il y a 7 heures<\/div>\n<\/li>\n<\/ul>\n<\/div>\n<div class=\"share-tools--no-event-tag\">\n<div id=\"comp-pattern-library\" class=\"distinct-component-group container-twite\"><\/div>\n<\/div>\n<\/div>\n<\/div>\n<\/div>\n<div class=\"story-body__inner\">\n<figure class=\"media-landscape has-caption full-width\"><span class=\"image-and-copyright-container\"><img loading=\"lazy\" decoding=\"async\" class=\"responsive-image__img js-image-replace\" src=\"https:\/\/ichef.bbci.co.uk\/news\/624\/cpsprodpb\/508E\/production\/_104122602_armygettyimages-959553616.jpg\" alt=\"&quot;Les agents de l'\u00c9tat sont responsables de 52% des violations des droits de l'homme document\u00e9es&quot;\" width=\"976\" height=\"549\" data-highest-encountered-width=\"624\" \/><span class=\"off-screen\">Copyright de l\u2019image<\/span><span class=\"story-image-copyright\">GETTY IMAGES<\/span><\/span><figcaption class=\"media-caption\"><span class=\"off-screen\">Image caption<\/span><span class=\"media-caption__text\">\u00ab\u00a0Les agents de l&rsquo;\u00c9tat sont responsables de 52% des violations des droits de l&rsquo;homme document\u00e9es\u00a0\u00bb<\/span><\/figcaption><\/figure>\n<p>En R\u00e9publique d\u00e9mocratique du Congo, 92 \u00ab\u00a0ex\u00e9cutions extrajudiciaires\u00a0\u00bb ont \u00e9t\u00e9 enregistr\u00e9es au cours du mois de septembre, selon un rapport des Nations Unies.<\/p>\n<p>Les Nations unies d\u00e9noncent les violations des droits de l&rsquo;homme en RDC dans ce document qui accable particuli\u00e8rement les forces de l&rsquo;ordre congolaises.<\/p>\n<p>En effet, il rapporte que \u00ab\u00a0les agents de l&rsquo;\u00c9tat sont responsables de 52% des violations des droits de l&rsquo;homme document\u00e9es, dont les ex\u00e9cutions extrajudiciaires d&rsquo;au moins 25 personnes.<\/p>\n<ul class=\"story-body__unordered-list\">\n<li class=\"story-body__list-item\"><\/li>\n<\/ul>\n<h2 class=\"story-body__sub-heading\">Augmentation des violations de droit de l&rsquo;Homme<\/h2>\n<figure class=\"media-landscape has-caption full-width\"><span class=\"image-and-copyright-container\"><img loading=\"lazy\" decoding=\"async\" class=\"responsive-image__img js-image-replace\" src=\"https:\/\/ichef.bbci.co.uk\/news\/624\/cpsprodpb\/113DE\/production\/_104122607_armyminjusticegettyimages-633204050.jpg\" alt=\"La majorit\u00e9 de ces exactions ont \u00e9t\u00e9 commises dans les provinces affect\u00e9es par des conflits arm\u00e9s dans l'Est du pays.\" width=\"976\" height=\"549\" data-highest-encountered-width=\"624\" \/><span class=\"off-screen\">Copyright de l\u2019image<\/span><span class=\"story-image-copyright\">GETTY IMAGES<\/span><\/span><figcaption class=\"media-caption\"><span class=\"off-screen\">Image caption<\/span><span class=\"media-caption__text\">La majorit\u00e9 de ces exactions ont \u00e9t\u00e9 commises dans les provinces affect\u00e9es par des conflits arm\u00e9s dans l&rsquo;Est du pays.<\/span><\/figcaption><\/figure>\n<p>Les r\u00e9dacteurs de ce rapport disent avoir relev\u00e9 623 violations des droits de l&rsquo;homme au cours du m\u00eame mois, ce qui constitue une hausse par rapport aux mois pr\u00e9c\u00e9dents.<\/p>\n<p>92 personnes ont \u00e9t\u00e9 tu\u00e9es par les forces arm\u00e9es congolaises ou par des groupes arm\u00e9s en R\u00e9publique d\u00e9mocratique du Congo en septembre, selon le bureau conjoint des Nations unies pour les droits de l&rsquo;homme.<\/p>\n<p>La majorit\u00e9 de ces exactions ont \u00e9t\u00e9 commises dans les provinces affect\u00e9es par des conflits arm\u00e9s dans l&rsquo;Est du pays.<\/p>\n<ul class=\"story-body__unordered-list\">\n<li class=\"story-body__list-item\"><\/li>\n<\/ul>\n<p>Interrog\u00e9 par l&rsquo;AFP, le porte-parole du gouvernement, Lambert Mende, a indiqu\u00e9 que \u00ab\u00a0l&rsquo;auditorat militaire m\u00e8ne d\u00e9j\u00e0 des enqu\u00eates pour rendre justice aux victimes\u00a0\u00bb.<\/p>\n<p>Depuis une vingtaine d&rsquo;ann\u00e9es, l&rsquo;Est de la RDC est en proie \u00e0 une ins\u00e9curit\u00e9 chronique. Une centaine de groupes arm\u00e9s essaiment la r\u00e9gion, se disputant notamment le contr\u00f4le des ressources naturelles abondantes dans la zone.<\/p>\n<figure class=\"media-with-caption\">\n<div class=\"player-with-placeholder\"><\/div>\n<\/figure>\n<\/div>\n<div style=\"text-align:center\" class=\"wps-pgfw-pdf-generate-icon__wrapper-frontend\">\n\t\t<a href=\"https:\/\/congokin.blog?action=genpdf&amp;id=3624\" class=\"pgfw-single-pdf-download-button\" ><img src=\"https:\/\/congokin.blog\/wp-content\/plugins\/pdf-generator-for-wp\/admin\/src\/images\/PDF_Tray.svg\" title=\"G\u00e9n\u00e9rer un PDF\" style=\"width:auto; height:45px;\"><\/a>\n\t\t<\/div>","protected":false},"excerpt":{"rendered":"<p>Violations des droits de l&rsquo;Homme en RDC Poly MuzaliaCorrespondant Kinshasa, BBC AFRIQUE Il y a 7 heures Copyright de l\u2019imageGETTY IMAGESImage caption\u00ab\u00a0Les agents de l&rsquo;\u00c9tat sont responsables de 52% des violations des droits de l&rsquo;homme document\u00e9es\u00a0\u00bb En R\u00e9publique d\u00e9mocratique du Congo, 92 \u00ab\u00a0ex\u00e9cutions extrajudiciaires\u00a0\u00bb ont \u00e9t\u00e9 enregistr\u00e9es au cours du mois de septembre, selon un [&hellip;]<\/p>\n","protected":false},"author":4,"featured_media":0,"comment_status":"open","ping_status":"closed","sticky":false,"template":"","format":"standard","meta":{"footnotes":""},"categories":[6,7,8,1],"tags":[],"class_list":["post-3624","post","type-post","status-publish","format-standard","hentry","category-justice","category-politique","category-societe","category-uncategorized"],"_links":{"self":[{"href":"https:\/\/congokin.blog\/index.php?rest_route=\/wp\/v2\/posts\/3624","targetHints":{"allow":["GET"]}}],"collection":[{"href":"https:\/\/congokin.blog\/index.php?rest_route=\/wp\/v2\/posts"}],"about":[{"href":"https:\/\/congokin.blog\/index.php?rest_route=\/wp\/v2\/types\/post"}],"author":[{"embeddable":true,"href":"https:\/\/congokin.blog\/index.php?rest_route=\/wp\/v2\/users\/4"}],"replies":[{"embeddable":true,"href":"https:\/\/congokin.blog\/index.php?rest_route=%2Fwp%2Fv2%2Fcomments&post=3624"}],"version-history":[{"count":0,"href":"https:\/\/congokin.blog\/index.php?rest_route=\/wp\/v2\/posts\/3624\/revisions"}],"wp:attachment":[{"href":"https:\/\/congokin.blog\/index.php?rest_route=%2Fwp%2Fv2%2Fmedia&parent=3624"}],"wp:term":[{"taxonomy":"category","embeddable":true,"href":"https:\/\/congokin.blog\/index.php?rest_route=%2Fwp%2Fv2%2Fcategories&post=3624"},{"taxonomy":"post_tag","embeddable":true,"href":"https:\/\/congokin.blog\/index.php?rest_route=%2Fwp%2Fv2%2Ftags&post=3624"}],"curies":[{"name":"wp","href":"https:\/\/api.w.org\/{rel}","templated":true}]}}