{"id":3626,"date":"2018-11-02T00:21:09","date_gmt":"2018-11-02T00:21:09","guid":{"rendered":"https:\/\/congokin.media\/?p=3626"},"modified":"2018-11-02T00:21:09","modified_gmt":"2018-11-02T00:21:09","slug":"3626","status":"publish","type":"post","link":"https:\/\/congokin.blog\/?p=3626","title":{"rendered":"DEPART DE LAURENT MONSENGWO DE LA TETE DE L\u2019EGLISE CATHOLIQUE EN RDC"},"content":{"rendered":"<header>\n<h3 class=\"entry-title\">DEPART DE LAURENT MONSENGWO DE LA TETE DE L\u2019EGLISE CATHOLIQUE EN RDC<\/h3>\n<div class=\"entry-post-meta\">\n<div>Date:\u00a0<time class=\"entry-date updated\" datetime=\"2018-11-01T21:24:47+00:00\">01 novembre 2018<\/time><\/div>\n<div class=\"entry-cat\">in:\u00a0A la une,\u00a0Sur la braise<\/div>\n<\/div>\n<div class=\"top-share-icons\"><\/div>\n<\/header>\n<div class=\"entry-content clearfix\">\n<figure class=\"post-thumbnail\"><img decoding=\"async\" class=\"post_layout_5_img\" src=\"http:\/\/lepays.bf\/wp-content\/uploads\/2018\/11\/Articolo.jpg\" alt=\"DEPART DE LAURENT MONSENGWO DE LA TETE DE L\u2019EGLISE CATHOLIQUE EN RDC\" \/><\/figure>\n<div class=\"entry-content-data \"><\/div>\n<div class=\"mom-ads-wrap  \">\n<div class=\"mom-ads ads-layout-rotator ads-rotator-id-678\">\n<div class=\"mom-ads-inner\"><\/div>\n<\/div>\n<\/div>\n<div class=\"clear\"><\/div>\n<p><b>\u00a0Un appel d\u2019air pour Kabila\u00a0?<\/b><\/p>\n<p>A mesure que l\u2019on s\u2019approche de la date fatidique du 23 d\u00e9cembre, pr\u00e9vue pour le scrutin pr\u00e9sidentiel, beaucoup d\u2019eau commence \u00e0 couler sous les ponts en RDC. Les \u00e9v\u00e9nements vont tr\u00e8s vite et sont aussi curieux les uns que les autres. Le dernier en date, c\u2019est le changement \u00e0 la t\u00eate de l\u2019Eglise catholique \u00e0 Kinshasa. En effet, hier 1<sup>er<\/sup>\u00a0novembre, jour de la Toussaint, la f\u00eate des saints, l&rsquo;archev\u00eaque de Kinshasa, Laurent Monsengwo, a pass\u00e9 ses charges \u00e0 Mgr Fridolin Ambongo. L&rsquo;archev\u00eaque sortant de l&rsquo;archidioc\u00e8se de Kinshasa avait, certes, manifest\u00e9 son intention de\u00a0 renonciation depuis 2015, au pape Fran\u00e7ois. Mais, son d\u00e9part dans le contexte \u00e9lectoral qui pr\u00e9vaut en RDC am\u00e8ne \u00e0 se demander si cela ne va pas renforcer l\u2019emprise du r\u00e9gime en place dans le processus \u00e9lectoral quand on sait que le cardinal \u00e9tait son poil \u00e0 gratter. Il faut le dire, l\u2019archev\u00eaque Monsengwo \u00e9tait tr\u00e8s critique vis-\u00e0-vis du pouvoir de Joseph Kabila qui n\u2019avait pas manqu\u00e9 de piquer une crise de nerf. Il reprochait vertement\u00a0 \u00e0 l\u2019Eglise catholique d\u2019outrepasser ses pr\u00e9rogatives pour s\u2019ing\u00e9rer dans les affaires politiques. Pour s\u00fbr, l\u2019archev\u00eaque y est pour quelque chose dans le renoncement de Kabila \u00e0 briguer un troisi\u00e8me mandat. Apr\u00e8s que l\u2019accord dit de la Saint-sylvestre a \u00e9t\u00e9 arrach\u00e9\u00a0<i>in extremis,<\/i>\u00a0le 31 d\u00e9cembre 2016, par le Cardinal Laurent Monsengwo et les siens,<\/p>\n<p>l\u2019Eglise n\u2019a eu de cesse, \u00e0 travers la Conf\u00e9rence \u00e9piscopale nationale du Congo (CENCO), de mettre la pression sur le locataire du palais de la Nation, pour l\u2019organisation du scrutin pr\u00e9sidentiel, sans la participation de Kabila qui a longtemps fait dans le clair-obscur quant \u00e0 son intention de se porter candidat.<\/p>\n<p><b>La lutte pour la d\u00e9mocratie semble toujours parsem\u00e9e d\u2019emb\u00fbches<\/b><\/p>\n<p>Bien qu\u2019il ait officiellement renonc\u00e9 \u00e0 la course pr\u00e9sidentielle, on sait que l\u2019homme fort de Kinshasa fait actuellement feu de tout bois pour le triomphe de son poulain, Emmanuel Ramazani Shadary. Pour cela, tout est mis en \u0153uvre pour que la pr\u00e9sidentielle du 23 d\u00e9cembre soit organis\u00e9e dans les conditions les moins transparentes possibles. A preuve, l\u2019imposition des machines \u00e0 voter, le refus du toilettage du fichier \u00e9lectoral ainsi que le rejet des observateurs de l\u2019Union europ\u00e9enne (UE). L\u2019autre combat du Cardinal Laurent Monsengwo \u00e9tait aussi la transparence de ce scrutin pr\u00e9sidentiel. C\u2019est dire que le jeu de chaises \u00e9piscopales au sein de l&rsquo;archidioc\u00e8se de Kinshasa, est comme un appel d\u2019air pour Joseph Kabila. A moins que Mgr Fridolin Ambongo chausse les bottes de\u00a0 son pr\u00e9d\u00e9cesseur.<\/p>\n<p>Cela dit, avant cette passation de charges eccl\u00e9siastiques, la RDC avait encore fait parler d\u2019elle avec la r\u00e9it\u00e9ration du pouvoir de Kinshasa de ne pas accepter la pr\u00e9sence des observateurs de l\u2019UE sur le territoire congolais. Si Kabila a d\u00e9cid\u00e9 d\u2019organiser le scrutin du 23 d\u00e9cembre \u00e0 huis clos, c\u2019est-\u00e0-dire sans la pr\u00e9sence d\u2019observateurs \u00e9trangers, on peut dire qu\u2019il a l\u00e2ch\u00e9 un peu de lest en invitant officiellement l\u2019Union africaine (UA) et l\u2019Organisation internationale de la francophonie (OIF). Mais, le fait de fermer la porte \u00e0 l\u2019UE renforce beaucoup plus le doute sur la cr\u00e9dibilit\u00e9 de cette pr\u00e9sidentielle que le pouvoir tient \u00e0 gagner co\u00fbte que co\u00fbte. L\u2019on ne doute point de l\u2019efficacit\u00e9 des observateurs de l\u2019UA ou de l\u2019OIF, encore moins des nationaux, mais le probl\u00e8me est que ces structures auront peu de moyens de pression sur le r\u00e9gime que l\u2019UE, en cas de fraudes constat\u00e9es. En tous les cas, pour un dictateur comme Kabila qui d\u00e9cide de choisir ses propres observateurs, c\u2019est tout de m\u00eame suspect.\u00a0 Du reste, on ne le dira jamais assez, il appartient au peuple congolais en lutte, de savoir qu\u2019avec le renoncement du pr\u00e9sident Kabila \u00e0 briguer un troisi\u00e8me mandat, il a certes gagn\u00e9 une bataille mais pas encore la guerre. Et la lutte pour la d\u00e9mocratie semble toujours parsem\u00e9e d\u2019emb\u00fbches qu\u2019il devra s\u2019employer \u00e0 dessoucher m\u00e9thodiquement, au risque de continuer \u00e0 \u00eatre prisonnier de la toile d\u2019araign\u00e9e tiss\u00e9e par la galaxie Kabila.<\/p>\n<p><b>\u00a0Drissa TRAORE<\/b><\/p>\n<\/div>\n<div style=\"text-align:center\" class=\"wps-pgfw-pdf-generate-icon__wrapper-frontend\">\n\t\t<a href=\"https:\/\/congokin.blog?action=genpdf&amp;id=3626\" class=\"pgfw-single-pdf-download-button\" ><img src=\"https:\/\/congokin.blog\/wp-content\/plugins\/pdf-generator-for-wp\/admin\/src\/images\/PDF_Tray.svg\" title=\"G\u00e9n\u00e9rer un PDF\" style=\"width:auto; height:45px;\"><\/a>\n\t\t<\/div>","protected":false},"excerpt":{"rendered":"<p>DEPART DE LAURENT MONSENGWO DE LA TETE DE L\u2019EGLISE CATHOLIQUE EN RDC Date:\u00a001 novembre 2018 in:\u00a0A la une,\u00a0Sur la braise \u00a0Un appel d\u2019air pour Kabila\u00a0? A mesure que l\u2019on s\u2019approche de la date fatidique du 23 d\u00e9cembre, pr\u00e9vue pour le scrutin pr\u00e9sidentiel, beaucoup d\u2019eau commence \u00e0 couler sous les ponts en RDC. Les \u00e9v\u00e9nements vont [&hellip;]<\/p>\n","protected":false},"author":4,"featured_media":0,"comment_status":"open","ping_status":"closed","sticky":false,"template":"","format":"standard","meta":{"footnotes":""},"categories":[6,7,8,1],"tags":[],"class_list":["post-3626","post","type-post","status-publish","format-standard","hentry","category-justice","category-politique","category-societe","category-uncategorized"],"_links":{"self":[{"href":"https:\/\/congokin.blog\/index.php?rest_route=\/wp\/v2\/posts\/3626","targetHints":{"allow":["GET"]}}],"collection":[{"href":"https:\/\/congokin.blog\/index.php?rest_route=\/wp\/v2\/posts"}],"about":[{"href":"https:\/\/congokin.blog\/index.php?rest_route=\/wp\/v2\/types\/post"}],"author":[{"embeddable":true,"href":"https:\/\/congokin.blog\/index.php?rest_route=\/wp\/v2\/users\/4"}],"replies":[{"embeddable":true,"href":"https:\/\/congokin.blog\/index.php?rest_route=%2Fwp%2Fv2%2Fcomments&post=3626"}],"version-history":[{"count":0,"href":"https:\/\/congokin.blog\/index.php?rest_route=\/wp\/v2\/posts\/3626\/revisions"}],"wp:attachment":[{"href":"https:\/\/congokin.blog\/index.php?rest_route=%2Fwp%2Fv2%2Fmedia&parent=3626"}],"wp:term":[{"taxonomy":"category","embeddable":true,"href":"https:\/\/congokin.blog\/index.php?rest_route=%2Fwp%2Fv2%2Fcategories&post=3626"},{"taxonomy":"post_tag","embeddable":true,"href":"https:\/\/congokin.blog\/index.php?rest_route=%2Fwp%2Fv2%2Ftags&post=3626"}],"curies":[{"name":"wp","href":"https:\/\/api.w.org\/{rel}","templated":true}]}}