{"id":3630,"date":"2018-11-02T00:32:44","date_gmt":"2018-11-02T00:32:44","guid":{"rendered":"https:\/\/congokin.media\/?p=3630"},"modified":"2018-11-02T00:32:44","modified_gmt":"2018-11-02T00:32:44","slug":"rdc-freddy-matungulu-on-ne-peut-plus-se-contenter-dun-president-pas-tout-a-fait-prepare-a-la-fonction","status":"publish","type":"post","link":"https:\/\/congokin.blog\/?p=3630","title":{"rendered":"RDC \u2013 Freddy Matungulu\u00a0: \u00ab\u00a0 On ne peut plus se contenter d\u2019un pr\u00e9sident pas tout \u00e0 fait pr\u00e9par\u00e9 \u00e0 la\u00a0fonction \u00bb"},"content":{"rendered":"<div class=\"art-header\">\n<h3 class=\"js-no-orphans\">RDC \u2013 Freddy Matungulu\u00a0: \u00ab\u00a0 On ne peut plus se contenter d\u2019un pr\u00e9sident pas tout \u00e0 fait pr\u00e9par\u00e9 \u00e0 la\u00a0<span class=\"css-nowrap\">fonction \u00bb<\/span><\/h3>\n<div><span class=\"art-reserved__date\">01 novembre 2018 \u00e0 14h49\u00a0<\/span><span class=\"art-reserved__author-bloc\"><span class=\"pipe-separator\">|<\/span>\u00a0<span class=\"art-header-author\">Par\u00a0Tr\u00e9sor Kibangula<\/span><\/span><\/div>\n<\/div>\n<div id=\"content\" class=\"col-sm-8\">\n<article id=\"post-656754\" class=\"art-content\">\n<figure class=\"thumbnail art-thumbnail-lead\"><img decoding=\"async\" src=\"https:\/\/www.jeuneafrique.com\/medias\/2018\/10\/31\/matungulu-e1541067294146-592x296.jpg\" \/><\/figure>\n<div class=\"art-text ja-teads-inread\">\n<p class=\"lead\">Esquisse de leur programme, machine \u00e0 voter, fichier \u00e9lectoral&#8230; Vingt-et-un candidats en lice pour la pr\u00e9sidentielle du 23 d\u00e9cembre en RDC se livrent chaque semaine \u00e0 Jeune Afrique. Entretien du jour avec Freddy Matungulu.<\/p>\n<p>C\u2019est dans la salle de r\u00e9union de Congo na Biso (Notre Congo, son parti) qu\u2019il a choisi de nous recevoir. L\u2019entretien se d\u00e9roule sous le regard t\u00e9moin de Nelson Mandela, \u00c9tienne Tshisekedi et Alassane Ouattara, \u00ab\u00a0des hommes qui [l\u2019]inspirent\u00a0\u00bb et dont les portraits triomphent sur le lieu.\u00a0<a href=\"https:\/\/www.jeuneafrique.com\/237934\/politique\/rdc-freddy-matungulu-le-report-de-la-presidentielle-au-dela-de-2016-serait-une-erreur\/\" target=\"_blank\" rel=\"noopener noreferrer\">Freddy Matungulu<\/a>, 63 ans, commence d\u2019ailleurs par louer \u00ab\u00a0l\u2019int\u00e9grit\u00e9, le sacrifice de soi et, surtout, le sens \u00e9lev\u00e9 de l\u2019\u00c9tat\u00a0\u00bb du h\u00e9ros de la lutte anti-apartheid, en Afrique du Sud.<\/p>\n<p>L\u2019ancien ministre salue ensuite la m\u00e9moire de l\u2019opposant historique congolais avant de s\u2019\u00e9tendre sur la mani\u00e8re dont le pr\u00e9sident ivoirien a su\u00a0<a href=\"https:\/\/www.jeuneafrique.com\/656149\/economie\/rwanda-maroc-cote-divoire-quels-progres-dans-le-classement-doing-business-2019\/\">\u00ab\u00a0r\u00e9instaurer un contexte favorable aux investissements\u00a0\u00bb<\/a>\u00a0dans son pays.<\/p>\n<p>Comme ADO, Freddy Matungulu a travaill\u00e9 au sein du Fonds mon\u00e9taire international (FMI), \u00e0 Washington. \u00c0 l\u2019av\u00e8nement de Joseph Kabila au pouvoir en 2001, il revient au pays pour prendre les r\u00eanes du minist\u00e8re de l\u2019\u00c9conomie, des Finances et du Budget. Mais, deux ans plus tard, il claque la porte et retourne au FMI. Aujourd\u2019hui, l\u2019\u00e9conomiste, qui a pris sa retraite anticip\u00e9e, a r\u00e9ussi \u00e0 se faire une place sur la sc\u00e8ne politique en RDC. Il fait partie\u00a0<a href=\"https:\/\/www.jeuneafrique.com\/mag\/640382\/politique\/opposition-en-rdc-un-pour-tous-tous-pour-un\/\" target=\"_blank\" rel=\"noopener noreferrer\">des \u00ab\u00a0L7\u00a0\u00bb, les sept leaders de l\u2019opposition qui se cherchent un candidat commun<\/a>.<\/p>\n<p><strong>Jeune Afrique : Longtemps consid\u00e9r\u00e9 comme un technocrate, un \u00ab\u00a0bon ministrable \u00bb, vous vous pr\u00e9sentez pour la premi\u00e8re fois \u00e0 la pr\u00e9sidentielle. Qu\u2019est-ce qui vous a d\u00e9cid\u00e9 \u00e0 franchir le pas ?<\/strong><\/p>\n<p><strong>Freddy Matungulu<\/strong>\u00a0: Tout est li\u00e9 \u00e0 mon exp\u00e9rience gouvernementale. Je suis entr\u00e9 au gouvernement par un concours de circonstances. Le pr\u00e9sident Laurent-D\u00e9sir\u00e9 Kabila venait d\u2019\u00eatre assassin\u00e9 et son successeur, Joseph Kabila, promettait de faire autre chose que ce que nous voyions toujours en RDC.<\/p>\n<p>J\u2019ai travaill\u00e9 pendant deux ans et j\u2019en ai tir\u00e9 deux le\u00e7ons. La premi\u00e8re\u00a0: m\u00eame en RDC, si le travail est effectu\u00e9 avec la ma\u00eetrise des param\u00e8tres et la connaissance des dossiers, on peut parvenir \u00e0 des r\u00e9sultats. Nous avions ainsi pass\u00e9 d\u2019une inflation \u00e0 plus de 500 % \u00e0 moins de 10 %. La deuxi\u00e8me le\u00e7on, c\u2019est que ce sera toujours le politique qui aura le dernier mot. D\u00e8s qu\u2019il n\u2019est plus avec vous, vous vous arr\u00eatez net. En ce moment l\u00e0, vous devez faire un choix\u00a0: soit devenir comme les autres et faire une croix sur vos id\u00e9es pour le pays et sur vos convictions, soit partir.<\/p>\n<p><strong>Dans ce contexte, tr\u00e8s rares sont les ministres qui d\u00e9cident de d\u00e9missionner en RDC. Mais vous, vous l\u2019avez fait. Pourquoi\u00a0?<\/strong><\/p>\n<p>Peut-\u00eatre parce que j\u2019ai v\u00e9cu dans un environnement o\u00f9 les questions de gouvernance faisaient parties de mon plat professionnel quotidien. J\u2019ai toujours consid\u00e9r\u00e9 que ma d\u00e9mission a \u00e9t\u00e9 intimement li\u00e9e \u00e0 mon profil. C\u2019est pourquoi, en revenant une nouvelle fois au pays en 2015, je ne voulais pas refaire la m\u00eame exp\u00e9rience. J\u2019ai alors d\u00e9cid\u00e9 d\u2019aller sur la sc\u00e8ne politique pour tenter de conqu\u00e9rir le pouvoir. Car c\u2019est ce dernier qui me permettrait d\u2019aller au bout de ma d\u00e9marche\u00a0: ouvrir la voie \u00e0 l\u2019expertise pour l\u2019ensemble de la communaut\u00e9 congolaise.<\/p>\n<blockquote><p>IL NOUS FAUT UN PR\u00c9SIDENT QUI SAIT D\u2019ABORD S\u2019ENCADRER LUI-M\u00caME AVANT D\u2019ENCADRER LES AUTRES<\/p><\/blockquote>\n<p>C\u2019est donc une candidature de civisme. On ne peut plus continuer \u00e0 se contenter des pr\u00e9sidents de la R\u00e9publique qui ne sont pas tout \u00e0 fait pr\u00e9par\u00e9s \u00e0 la fonction et qui sont encadr\u00e9s. Depuis l\u2019ind\u00e9pendance, c\u2019est ce que nous avons fait et nous voyons aujourd\u2019hui les r\u00e9sultats. \u00c7a ne marche pas\u00a0! Je l\u2019ai v\u00e9cu aux premi\u00e8res loges, en ce qui concerne Joseph Kabila. Il nous faut un pr\u00e9sident qui sait d\u2019abord s\u2019encadrer lui-m\u00eame avant d\u2019encadrer les autres, un chef de l\u2019\u00c9tat qui conna\u00eet les dossiers, dispose d\u2019une exp\u00e9rience et qui est \u00e0 mesure de faire la part des choses.<\/p>\n<p><strong>Quelles sont les grandes lignes du projet de soci\u00e9t\u00e9 que vous voudriez pr\u00e9senter aux Congolais ?<\/strong><\/p>\n<p>Le grand probl\u00e8me ne r\u00e9side pas au niveau du contenu d\u2019un projet de soci\u00e9t\u00e9. Il se situe plut\u00f4t dans la capacit\u00e9 de faire ce qu\u2019on a promis. C\u2019est ce qui nous a toujours manqu\u00e9 dans ce pays. Aujourd\u2019hui encore circulent nombre de marchands de r\u00eaves. Mais feront-ils le poids une fois mis \u00e0 l\u2019\u00e9preuve de la gestion du pays\u00a0? Mon projet de soci\u00e9t\u00e9 met l\u2019accent sur le contexte\u00a0\u00e0 la fois de s\u00e9curit\u00e9, d\u2019institutions fortes et de responsabilit\u00e9. Car sans un contexte appropri\u00e9, il ne saurait y avoir une relance de l\u2019\u00e9conomie. Et le social, le vrai, ne se pratique que lorsque l\u2019\u00e9conomie cr\u00e9e des emplois. Nous accorderons ainsi une attention particuli\u00e8re au syst\u00e8me \u00e9ducatif mais aussi \u00e0 la sant\u00e9.<\/p>\n<blockquote><p>C\u2019EST UNE \u00c9LECTION \u00c0 UN SEUL TOUR\u00a0: ON N\u2019AURA PAS LE TEMPS DE SE R\u00c9AJUSTER, SE RASSEMBLER, DE REFAIRE DES COALITIONS<\/p><\/blockquote>\n<p><strong>Vous \u00eates l\u2019un des \u00ab\u00a0L7\u00a0\u00bb, ces sept leaders de l\u2019opposition qui discutent autour de la candidature commune. Pourquoi maintenant\u00a0?<\/strong><\/p>\n<p>Nous aurions d\u00fb en effet le faire bien avant. D\u2019autant que le fait de se retrouver si nombreux comme candidats aujourd\u2019hui, m\u00eame si nous d\u00e9cidons tous demain de nous aligner derri\u00e8re l\u2019un d\u2019entre nous, cela va toujours nous co\u00fbter quelques suffrages. Nous n\u2019avons plus le temps de retirer nos candidatures de la liste d\u00e9finitive. Alors, plus vite on sera en mesure de s\u2019accorder sur la question, mieux \u00e7a vaudra.<\/p>\n<p><strong>N\u2019y aurait donc aucune chance d\u2019aller \u00e0 cette pr\u00e9sidentielle en ordre dispers\u00e9\u00a0?<\/strong><\/p>\n<p>Y aller derri\u00e8re l\u2019un d\u2019entre nous nous donne beaucoup plus de chances de gagner que si on devait y aller en ordre dispers\u00e9. Pourquoi ne pas le faire\u00a0? Sachant que c\u2019est aussi une \u00e9lection \u00e0 un seul tour\u00a0: on n\u2019a pas le temps de se r\u00e9ajuster, se rassembler, de refaire des coalitions, comme c\u2019est souvent le cas pour un scrutin \u00e0 deux tours.<\/p>\n<p><strong>Existe-t-il tout de m\u00eame une chance d\u2019avoir un candidat commun de l\u2019opposition d\u2019ici le 15 novembre, comme annonc\u00e9 \u00e0 Pretoria\u00a0?<\/strong><\/p>\n<p>Il faut que nous ayons cette candidature commune. Il s\u2019agit en fait, en tant que groupe, de la mutualisation de nos points faibles et de nos points forts. Certains d\u2019entre disposent d\u2019atouts politiques clairs, d\u2019autres de comp\u00e9tences techniques manifestes.\u00a0Nous avons bien travaill\u00e9 r\u00e9cemment \u00e0 Pretoria et nous poursuivons d\u2019ailleurs des consultations bilat\u00e9rales avec ceux qui sont ici, \u00e0 Kinshasa, mais aussi avec ceux qui sont \u00e0 l\u2019\u00e9tranger.<\/p>\n<blockquote><p>LA MACHINE \u00c0 VOTER DISPOSE DE FONCTIONNALIT\u00c9S EXTR\u00caMEMENT PR\u00c9OCCUPANTES<\/p><\/blockquote>\n<p><strong>De son c\u00f4t\u00e9, la Commission \u00e9lectorale nationale ind\u00e9pendante (Ceni) compte organiser ce scrutin\u00a0<a href=\"https:\/\/www.jeuneafrique.com\/643733\/politique\/rdc-toujours-pas-de-consensus-pour-la-machine-a-voter-et-le-fichier-electoral\/\">avec la machine \u00e0 voter.<\/a>\u00a0Quelle est votre opinion sur cette question qui divise la classe politique congolaise\u00a0?<\/strong><\/p>\n<p>Cette machine \u00e0 voter dispose de fonctionnalit\u00e9s extr\u00eamement pr\u00e9occupantes\u00a0: elle peut \u00e9mettre et recevoir des donn\u00e9es. Nous le savions d\u00e9j\u00e0, mais des experts britanniques l\u2019ont r\u00e9cemment confirm\u00e9.La Ceni a \u00e9t\u00e9 attrap\u00e9e en train de mentir parce qu\u2019elle pr\u00e9tendait que sa machine n\u2019\u00e9tait qu\u2019une imprimante. Ce n\u2019est pas le cas. S\u2019obstiner \u00e0 la maintenir, c\u2019est de la mauvaise foi.<\/p>\n<p>En fait, nous faisons face \u00e0 un organisateur de l\u2019\u00e9lection en qui nous n\u2019avons pas confiance et qui tient \u00e0 utiliser une machine \u00e0 voter capable de casser le lien entre le bulletin de vote que l\u2019\u00e9lecteur va glisser dans l\u2019urne et le r\u00e9sultat mis \u00e0 la disposition de je-ne-sais-quel serveur.<\/p>\n<p><strong>Pourquoi les Congolais doivent vous choisir pour remplacer Joseph Kabila\u00a0?<\/strong><\/p>\n<p>Si l\u2019objectif est de trouver des solutions aux probl\u00e8mes complexes auxquels notre pays est confront\u00e9, je suis le mieux qualifi\u00e9. Modestement, je suis fond\u00e9 de dire que je repr\u00e9sente la meilleure option pour remettre ce pays sur la voie du s\u00e9rieux, du travail et du progr\u00e8s \u00e9conomique et social. Aussi, je ne suis pas conflictuel et je suis dispos\u00e9 \u00e0 travailler avec tout le monde.<\/p>\n<p><strong>Mais le\u00a0<a href=\"https:\/\/www.jeuneafrique.com\/655929\/politique\/presidentielle-en-rdc-un-sondage-conteste-par-le-camp-kabila-donne-felix-tshisekedi-favori\/\" target=\"_blank\" rel=\"noopener noreferrer\">nouveau sondage de Groupe d\u2019\u00e9tude sur le Congo ne vous cr\u00e9dite que de quelque 5 % d\u2019intentions de vote<\/a>\u2026<\/strong><\/p>\n<p>(Rires) Je ne crois pas un mot \u00e0 ce sondage de GEC et de Berci [Bureau d\u2019\u00e9tudes, de recherches et de consulting international] : un \u00e9chantillon, r\u00e9pertori\u00e9 en 2016, qui comprendrait moins de 2 000 personnes alors que nous parlons tout de m\u00eame d\u2019un fichier \u00e9lectoral \u2013 malgr\u00e9 toutes ses imperfections \u2013 d\u2019au moins 40 millions d\u2019\u00e9lecteurs.<\/p>\n<p>Je connais personnellement Jason Stearns [directeur de GEC]. Je lui ai dit clairement que je n\u2019accordais aucun cr\u00e9dit \u00e0 son travail. Il conna\u00eet lui-m\u00eame la nature des liens qu\u2019il entretient avec certains d\u2019entre nous et avec qui il travaille de fa\u00e7on presque permanente dans le cadre de ce processus \u00e9lectoral.<\/p>\n<p><strong>Comment r\u00e9sumeriez-vous les dix-sept ans de r\u00e8gne du pr\u00e9sident sortant, Joseph Kabila\u00a0?<\/strong><\/p>\n<\/div>\n<\/article>\n<\/div>\n<div style=\"text-align:center\" class=\"wps-pgfw-pdf-generate-icon__wrapper-frontend\">\n\t\t<a href=\"https:\/\/congokin.blog?action=genpdf&amp;id=3630\" class=\"pgfw-single-pdf-download-button\" ><img src=\"https:\/\/congokin.blog\/wp-content\/plugins\/pdf-generator-for-wp\/admin\/src\/images\/PDF_Tray.svg\" title=\"G\u00e9n\u00e9rer un PDF\" style=\"width:auto; height:45px;\"><\/a>\n\t\t<\/div>","protected":false},"excerpt":{"rendered":"<p>RDC \u2013 Freddy Matungulu\u00a0: \u00ab\u00a0 On ne peut plus se contenter d\u2019un pr\u00e9sident pas tout \u00e0 fait pr\u00e9par\u00e9 \u00e0 la\u00a0fonction \u00bb 01 novembre 2018 \u00e0 14h49\u00a0|\u00a0Par\u00a0Tr\u00e9sor Kibangula Esquisse de leur programme, machine \u00e0 voter, fichier \u00e9lectoral&#8230; Vingt-et-un candidats en lice pour la pr\u00e9sidentielle du 23 d\u00e9cembre en RDC se livrent chaque semaine \u00e0 Jeune Afrique. [&hellip;]<\/p>\n","protected":false},"author":4,"featured_media":0,"comment_status":"open","ping_status":"closed","sticky":false,"template":"","format":"standard","meta":{"footnotes":""},"categories":[6,7,8,1],"tags":[],"class_list":["post-3630","post","type-post","status-publish","format-standard","hentry","category-justice","category-politique","category-societe","category-uncategorized"],"_links":{"self":[{"href":"https:\/\/congokin.blog\/index.php?rest_route=\/wp\/v2\/posts\/3630","targetHints":{"allow":["GET"]}}],"collection":[{"href":"https:\/\/congokin.blog\/index.php?rest_route=\/wp\/v2\/posts"}],"about":[{"href":"https:\/\/congokin.blog\/index.php?rest_route=\/wp\/v2\/types\/post"}],"author":[{"embeddable":true,"href":"https:\/\/congokin.blog\/index.php?rest_route=\/wp\/v2\/users\/4"}],"replies":[{"embeddable":true,"href":"https:\/\/congokin.blog\/index.php?rest_route=%2Fwp%2Fv2%2Fcomments&post=3630"}],"version-history":[{"count":0,"href":"https:\/\/congokin.blog\/index.php?rest_route=\/wp\/v2\/posts\/3630\/revisions"}],"wp:attachment":[{"href":"https:\/\/congokin.blog\/index.php?rest_route=%2Fwp%2Fv2%2Fmedia&parent=3630"}],"wp:term":[{"taxonomy":"category","embeddable":true,"href":"https:\/\/congokin.blog\/index.php?rest_route=%2Fwp%2Fv2%2Fcategories&post=3630"},{"taxonomy":"post_tag","embeddable":true,"href":"https:\/\/congokin.blog\/index.php?rest_route=%2Fwp%2Fv2%2Ftags&post=3630"}],"curies":[{"name":"wp","href":"https:\/\/api.w.org\/{rel}","templated":true}]}}