{"id":3632,"date":"2018-11-02T00:50:18","date_gmt":"2018-11-02T00:50:18","guid":{"rendered":"https:\/\/congokin.media\/?p=3632"},"modified":"2018-11-02T00:50:18","modified_gmt":"2018-11-02T00:50:18","slug":"3632","status":"publish","type":"post","link":"https:\/\/congokin.blog\/?p=3632","title":{"rendered":"Election en RDC : Joseph Kabila pr\u00e9side une r\u00e9union sur l\u2019\u00e9valuation du processus \u00e9lectoral"},"content":{"rendered":"<h3 class=\"page-header\">Election en RDC : Joseph Kabila pr\u00e9side une r\u00e9union sur l\u2019\u00e9valuation du processus \u00e9lectoral<\/h3>\n<div class=\"region region-content\">\n<section id=\"block-system-main\" class=\"block block-system clearfix\">\n<div id=\"article_area\" class=\"panel-flexible panels-flexible-3 clearfix\">\n<div class=\"panel-flexible-inside panels-flexible-3-inside\">\n<div class=\"panels-flexible-column panels-flexible-column-3-main panels-flexible-column-first\">\n<div class=\"inside panels-flexible-column-inside panels-flexible-column-3-main-inside panels-flexible-column-inside-first\">\n<div class=\"panels-flexible-row panels-flexible-row-3-main-row panels-flexible-row-first clearfix\">\n<div class=\"inside panels-flexible-row-inside panels-flexible-row-3-main-row-inside panels-flexible-row-inside-first clearfix\">\n<div class=\"panels-flexible-region panels-flexible-region-3-center panels-flexible-region-first panels-flexible-region-last article-meta\">\n<div class=\"inside panels-flexible-region-inside panels-flexible-region-3-center-inside panels-flexible-region-inside-first panels-flexible-region-inside-last\">\n<div class=\"panel-pane pane-custom pane-2\">\n<div class=\"pane-content\">\n<p>Publi\u00e9 le jeu, 01\/11\/2018 &#8211; 18:08 | Modifi\u00e9 le jeu, 01\/11\/2018 &#8211; 18:08<\/p>\n<\/div>\n<\/div>\n<div class=\"panel-separator\"><\/div>\n<div class=\"panel-pane pane-node-terms\">\n<div class=\"pane-content\"><\/div>\n<\/div>\n<div class=\"panel-separator\"><\/div>\n<div class=\"panel-pane pane-block pane-block-12\">\n<div class=\"pane-content\">\n<div class=\"button share-button facebook-share-button\">share<\/div>\n<div class=\"button share-button twitter-share-button\">tweet<\/div>\n<\/div>\n<\/div>\n<div class=\"panel-separator\"><\/div>\n<div class=\"panel-pane pane-block pane-addtoany-addtoany-button\">\n<div class=\"pane-content\"><span id=\"\" class=\"a2a_kit a2a_kit_size_24 a2a_target addtoany_list\">\u00a0<a class=\"a2a_dd addtoany_share_save\" href=\"https:\/\/www.addtoany.com\/share#url=https%3A%2F%2Fwww.radiookapi.net%2F2018%2F11%2F01%2Factualite%2Fpolitique%2Felection-en-rdc-joseph-kabila-preside-une-reunion-sur-levaluation-du&amp;title=Election%20en%20RDC%20%3A%20Joseph%20Kabila%20pr%C3%A9side%20une%20r%C3%A9union%20sur%20l%E2%80%99%C3%A9valuation%20du%20processus%20%C3%A9lectoral%20\"><img loading=\"lazy\" decoding=\"async\" src=\"https:\/\/www.radiookapi.net\/sites\/all\/modules\/addtoany\/images\/share_save_171_16.png\" srcset=\"https:\/\/static.addtoany.com\/buttons\/share_save_342_32.png 2x\" alt=\"Share\" width=\"171\" height=\"16\" \/><\/a><\/span><\/div>\n<\/div>\n<\/div>\n<\/div>\n<\/div>\n<\/div>\n<div class=\"panels-flexible-row panels-flexible-row-3-3 clearfix article-content\">\n<div class=\"inside panels-flexible-row-inside panels-flexible-row-3-3-inside clearfix\">\n<div class=\"panels-flexible-region panels-flexible-region-3-article_content_eeg panels-flexible-region-first panels-flexible-region-last article-content-reg\">\n<div class=\"inside panels-flexible-region-inside panels-flexible-region-3-article_content_eeg-inside panels-flexible-region-inside-first panels-flexible-region-inside-last\">\n<div class=\"panel-pane pane-node-content\">\n<div class=\"pane-content\">\n<article id=\"node-186293\" class=\"node node-article clearfix\">\n<header><\/header>\n<div class=\"field field-name-body field-type-text-with-summary field-label-hidden\">\n<div class=\"field-items\">\n<div class=\"field-item even\">\n<div class=\"big_wrapper_class\"><img decoding=\"async\" title=\"Joseph Kabila a pr\u00e9sid\u00e9 la R\u00e9union interinstitutionnelle  vendredi 19 Octobre 2018 \u00e0 la Cit\u00e9 de l\u2019Union Africaine. Photo Pr\u00e9sidence de la R\u00e9publique.\" src=\"https:\/\/lh3.googleusercontent.com\/-ybpgnVrDxrk\/W8sOZPjrBLI\/AAAAAAACPgY\/BhvJGY4rWo0XZTmxZCobTu8DMXZmi2_VQCHMYBhgL\/Dp5CA2hX0AAMSXd.jpg?imgmax=500\" \/><\/p>\n<div class=\"gem_pic_caption\">Joseph Kabila a pr\u00e9sid\u00e9 la R\u00e9union interinstitutionnelle vendredi 19 Octobre 2018 \u00e0 la Cit\u00e9 de l\u2019Union Africaine. Photo Pr\u00e9sidence de la R\u00e9publique.<\/div>\n<\/div>\n<p>Le Pr\u00e9sident Joseph\u00a0Kabila\u00a0a\u00a0pr\u00e9sid\u00e9 mercredi 31 octobre, \u00e0 la cit\u00e9 de l\u2019Union\u00a0africaine,\u00a0une r\u00e9union d\u2019\u00e9valuation du processus \u00e9lectoral en RDC.\u00a0Certains ministres de l\u2019ex\u00e9cutif central, le pr\u00e9sident de la\u00a0Commission \u00e9lectorale nationale\u00a0ind\u00e9pendante, la cheffe de la\u00a0MONUSCO et certaines organisations impliqu\u00e9es dans l\u2019organisation des \u00e9lections\u00a0pr\u00e9vues au\u00a023 d\u00e9cembre ont pris part \u00e0 cette r\u00e9union.Pour Mme Le\u00efla\u00a0Zerrougui, repr\u00e9sentante sp\u00e9ciale du secr\u00e9taire g\u00e9n\u00e9ral de l\u2019ONU en RDC,\u00a0cette r\u00e9union\u00a0a\u00a0\u00e9t\u00e9\u00a0\u00ab\u00a0un \u00e9change tr\u00e8s positif \u00bb.<br \/>\n\u00ab\u00a0Nous\u00a0sommes des partenaires, nous travaillons et nous devons absolument nous concerter et \u00e9changer\u00a0\u00bb, a indiqu\u00e9 Mme\u00a0Zerrougui.<\/p>\n<p>Le pr\u00e9sident de la CENI qui assure que les \u00e9lections auront\u00a0lieu\u00a0effectivement le 23 d\u00e9cembre, a not\u00e9 que les d\u00e9fis qui restent \u00e0 relever sont s\u00e9curitaire, politique, financier et\u00a0logistique.<\/p>\n<p>Le vice-Premier ministre charg\u00e9 de l\u2019Int\u00e9rieur Henri\u00a0Mova\u00a0Sakanyi\u00a0a\u00a0reconnu que les d\u00e9ficits s\u00e9curitaires ne sont pas totalement \u00e9puis\u00e9s dans la mesure o\u00f9 il existe encore quelques menaces susceptibles de cr\u00e9er une instabilit\u00e9 dans une zone et emp\u00eacher que la population n\u2019exprime sa volont\u00e9 le 23 d\u00e9cembre prochain.<\/p>\n<\/div>\n<\/div>\n<\/div>\n<\/article>\n<\/div>\n<\/div>\n<\/div>\n<\/div>\n<\/div>\n<\/div>\n<\/div>\n<\/div>\n<\/div>\n<\/div>\n<\/section>\n<\/div>\n<div style=\"text-align:center\" class=\"wps-pgfw-pdf-generate-icon__wrapper-frontend\">\n\t\t<a href=\"https:\/\/congokin.blog?action=genpdf&amp;id=3632\" class=\"pgfw-single-pdf-download-button\" ><img src=\"https:\/\/congokin.blog\/wp-content\/plugins\/pdf-generator-for-wp\/admin\/src\/images\/PDF_Tray.svg\" title=\"G\u00e9n\u00e9rer un PDF\" style=\"width:auto; height:45px;\"><\/a>\n\t\t<\/div>","protected":false},"excerpt":{"rendered":"<p>Election en RDC : Joseph Kabila pr\u00e9side une r\u00e9union sur l\u2019\u00e9valuation du processus \u00e9lectoral Publi\u00e9 le jeu, 01\/11\/2018 &#8211; 18:08 | Modifi\u00e9 le jeu, 01\/11\/2018 &#8211; 18:08 share tweet \u00a0 Joseph Kabila a pr\u00e9sid\u00e9 la R\u00e9union interinstitutionnelle vendredi 19 Octobre 2018 \u00e0 la Cit\u00e9 de l\u2019Union Africaine. Photo Pr\u00e9sidence de la R\u00e9publique. Le Pr\u00e9sident Joseph\u00a0Kabila\u00a0a\u00a0pr\u00e9sid\u00e9 [&hellip;]<\/p>\n","protected":false},"author":4,"featured_media":0,"comment_status":"open","ping_status":"closed","sticky":false,"template":"","format":"standard","meta":{"footnotes":""},"categories":[6,7,8,1],"tags":[],"class_list":["post-3632","post","type-post","status-publish","format-standard","hentry","category-justice","category-politique","category-societe","category-uncategorized"],"_links":{"self":[{"href":"https:\/\/congokin.blog\/index.php?rest_route=\/wp\/v2\/posts\/3632","targetHints":{"allow":["GET"]}}],"collection":[{"href":"https:\/\/congokin.blog\/index.php?rest_route=\/wp\/v2\/posts"}],"about":[{"href":"https:\/\/congokin.blog\/index.php?rest_route=\/wp\/v2\/types\/post"}],"author":[{"embeddable":true,"href":"https:\/\/congokin.blog\/index.php?rest_route=\/wp\/v2\/users\/4"}],"replies":[{"embeddable":true,"href":"https:\/\/congokin.blog\/index.php?rest_route=%2Fwp%2Fv2%2Fcomments&post=3632"}],"version-history":[{"count":0,"href":"https:\/\/congokin.blog\/index.php?rest_route=\/wp\/v2\/posts\/3632\/revisions"}],"wp:attachment":[{"href":"https:\/\/congokin.blog\/index.php?rest_route=%2Fwp%2Fv2%2Fmedia&parent=3632"}],"wp:term":[{"taxonomy":"category","embeddable":true,"href":"https:\/\/congokin.blog\/index.php?rest_route=%2Fwp%2Fv2%2Fcategories&post=3632"},{"taxonomy":"post_tag","embeddable":true,"href":"https:\/\/congokin.blog\/index.php?rest_route=%2Fwp%2Fv2%2Ftags&post=3632"}],"curies":[{"name":"wp","href":"https:\/\/api.w.org\/{rel}","templated":true}]}}