{"id":3636,"date":"2018-11-02T10:23:56","date_gmt":"2018-11-02T10:23:56","guid":{"rendered":"https:\/\/congokin.media\/?p=3636"},"modified":"2018-11-02T10:23:56","modified_gmt":"2018-11-02T10:23:56","slug":"a-qui-profite-le-crime","status":"publish","type":"post","link":"https:\/\/congokin.blog\/?p=3636","title":{"rendered":"\u00c0 QUI PROFITE LE CRIME?"},"content":{"rendered":"<div class=\"_1dwg _1w_m _q7o\">\n<div class=\"s_prged2ftr u_prgecyjy4 clearfix\">\n<div class=\"clearfix g_prged2gvi\">\n<div class=\"_38vo\">\n<div><img decoding=\"async\" class=\"_s0 _4ooo _5xib _5sq7 _44ma _rw img\" role=\"img\" src=\"https:\/\/scontent-lax3-1.xx.fbcdn.net\/v\/t1.0-1\/p50x50\/12360406_10208071766295912_864997910752324949_n.jpg?_nc_cat=103&amp;_nc_ht=scontent-lax3-1.xx&amp;oh=d6bece22544a3b299d77d99f7b52e199&amp;oe=5C443311\" alt=\"\" aria-label=\"Willy Delors Ongenda\" \/><\/p>\n<h5 id=\"js_5rt\" class=\"_14f3 _14f5 _5pbw _5vra\" data-ft=\"{&quot;tn&quot;:&quot;C&quot;}\"><span class=\"fwn fcg\"><span class=\"fcg\"><span class=\"fwb\">Willy Delors Ongenda<\/span>\u00a0<\/span><\/span><\/h5>\n<\/div>\n<\/div>\n<div class=\"clearfix _42ef\">\n<div class=\"rfloat _ohf\"><\/div>\n<div class=\"f_prged2gvh\">\n<div class=\"_6a _5u5j\">\n<div class=\"_6a _6b\"><\/div>\n<div class=\"_6a _5u5j _6b\"><\/div>\n<\/div>\n<\/div>\n<\/div>\n<\/div>\n<\/div>\n<div id=\"js_5rv\" class=\"_5pbx userContent _3576\" data-ad-preview=\"message\" data-ft=\"{&quot;tn&quot;:&quot;K&quot;}\">\n<div id=\"id_5bdc211707e636958649395\" class=\"text_exposed_root text_exposed\">\n<p>\u00c0 QUI PROFITE LE CRIME?<\/p>\n<p>On dirait qu\u2019une mal\u00e9diction s\u2019abat sur la RDC.<br \/>\nLe March\u00e9 de la libert\u00e9 des Kinshasa dans la commune de Masina \u00e9tait en feu ce soir de jeudi 01 Novembre 2.018.<\/p>\n<div class=\"text_exposed_show\">\n<p>L\u2019origine de l\u2019incendie n\u2019est pas encore connue ni le bilan de victimes. On nous signale les d\u00e9g\u00e2ts mat\u00e9riels tr\u00e8s importants.<\/p>\n<p>WL<br \/>\nLe Notable du Sankuru.<\/p>\n<\/div>\n<\/div>\n<\/div>\n<div class=\"_3x-2\" data-ft=\"{&quot;tn&quot;:&quot;H&quot;}\">\n<div data-ft=\"{&quot;tn&quot;:&quot;H&quot;}\">\n<div class=\"mtm\">\n<div>\n<div class=\"_1ktf\" data-ft=\"{&quot;tn&quot;:&quot;E&quot;}\">\n<div class=\"uiScaledImageContainer _517g\"><img loading=\"lazy\" decoding=\"async\" class=\"scaledImageFitWidth img\" src=\"https:\/\/scontent-lax3-1.xx.fbcdn.net\/v\/t1.0-0\/p526x296\/45265682_10217157045542215_3202910039232741376_n.jpg?_nc_cat=105&amp;_nc_ht=scontent-lax3-1.xx&amp;oh=184e58a2c7296a5311da3a97052e4e98&amp;oe=5C87FD63\" alt=\"Image may contain: 1 person, night\" width=\"500\" height=\"667\" \/><\/div>\n<\/div>\n<\/div>\n<\/div>\n<\/div>\n<\/div>\n<div><\/div>\n<\/div>\n<div>\n<form id=\"u_fetchstream_4_j\" class=\"commentable_item\" action=\"https:\/\/www.facebook.com\/ajax\/ufi\/modify.php\" method=\"post\" data-ft=\"{&quot;tn&quot;:&quot;]&quot;}\">\n<div class=\"_sa_ _gsd _fgm _5vsi _192z _1sz4 _1i6z\">\n<div class=\"_37uu\">\n<div>\n<div class=\"_57w\">\n<div class=\"_3399 _1f6t _4_dr _20h5\">\n<div class=\"_524d\">\n<div class=\"_ipn clearfix _-5d\">\n<div class=\"_ipo\"><\/div>\n<div class=\"_1vaq\">\n<div class=\"_ipp\">\n<div class=\"_3t53 _4ar- _ipn\"><\/div>\n<\/div>\n<\/div>\n<\/div>\n<\/div>\n<\/div>\n<\/div>\n<\/div>\n<\/div>\n<\/div>\n<\/form>\n<\/div>\n<div style=\"text-align:center\" class=\"wps-pgfw-pdf-generate-icon__wrapper-frontend\">\n\t\t<a href=\"https:\/\/congokin.blog?action=genpdf&amp;id=3636\" class=\"pgfw-single-pdf-download-button\" ><img src=\"https:\/\/congokin.blog\/wp-content\/plugins\/pdf-generator-for-wp\/admin\/src\/images\/PDF_Tray.svg\" title=\"G\u00e9n\u00e9rer un PDF\" style=\"width:auto; height:45px;\"><\/a>\n\t\t<\/div>","protected":false},"excerpt":{"rendered":"<p>Willy Delors Ongenda\u00a0 \u00c0 QUI PROFITE LE CRIME? On dirait qu\u2019une mal\u00e9diction s\u2019abat sur la RDC. Le March\u00e9 de la libert\u00e9 des Kinshasa dans la commune de Masina \u00e9tait en feu ce soir de jeudi 01 Novembre 2.018. L\u2019origine de l\u2019incendie n\u2019est pas encore connue ni le bilan de victimes. On nous signale les d\u00e9g\u00e2ts [&hellip;]<\/p>\n","protected":false},"author":4,"featured_media":0,"comment_status":"open","ping_status":"closed","sticky":false,"template":"","format":"standard","meta":{"footnotes":""},"categories":[8,1],"tags":[],"class_list":["post-3636","post","type-post","status-publish","format-standard","hentry","category-societe","category-uncategorized"],"_links":{"self":[{"href":"https:\/\/congokin.blog\/index.php?rest_route=\/wp\/v2\/posts\/3636","targetHints":{"allow":["GET"]}}],"collection":[{"href":"https:\/\/congokin.blog\/index.php?rest_route=\/wp\/v2\/posts"}],"about":[{"href":"https:\/\/congokin.blog\/index.php?rest_route=\/wp\/v2\/types\/post"}],"author":[{"embeddable":true,"href":"https:\/\/congokin.blog\/index.php?rest_route=\/wp\/v2\/users\/4"}],"replies":[{"embeddable":true,"href":"https:\/\/congokin.blog\/index.php?rest_route=%2Fwp%2Fv2%2Fcomments&post=3636"}],"version-history":[{"count":0,"href":"https:\/\/congokin.blog\/index.php?rest_route=\/wp\/v2\/posts\/3636\/revisions"}],"wp:attachment":[{"href":"https:\/\/congokin.blog\/index.php?rest_route=%2Fwp%2Fv2%2Fmedia&parent=3636"}],"wp:term":[{"taxonomy":"category","embeddable":true,"href":"https:\/\/congokin.blog\/index.php?rest_route=%2Fwp%2Fv2%2Fcategories&post=3636"},{"taxonomy":"post_tag","embeddable":true,"href":"https:\/\/congokin.blog\/index.php?rest_route=%2Fwp%2Fv2%2Ftags&post=3636"}],"curies":[{"name":"wp","href":"https:\/\/api.w.org\/{rel}","templated":true}]}}