{"id":3646,"date":"2018-11-03T06:25:48","date_gmt":"2018-11-03T06:25:48","guid":{"rendered":"https:\/\/congokin.media\/?p=3646"},"modified":"2018-11-03T06:25:48","modified_gmt":"2018-11-03T06:25:48","slug":"rdc-mainmise-de-la-presidence-sur-le-processus-electoral","status":"publish","type":"post","link":"https:\/\/congokin.blog\/?p=3646","title":{"rendered":"RDC: mainmise de la Pr\u00e9sidence sur le processus \u00e9lectoral"},"content":{"rendered":"<h1 class=\"post_title\">RDC: mainmise de la Pr\u00e9sidence sur le processus \u00e9lectoral<\/h1>\n<ul class=\"post_details clearfix\">\n<li class=\"detail date\">2 novembre 2018<\/li>\n<li class=\"detail author\">Belga<\/li>\n<\/ul>\n<p><a class=\"post_image page_margin_top margin_bottom_0 prettyPhoto\" title=\"RDC: mainmise de la Pr\u00e9sidence sur le processus \u00e9lectoral\" href=\"https:\/\/afrique.lalibre.be\/app\/uploads\/2018\/11\/Dq7Uw70WwAAjczp-960x640-787x525.jpg\"><img loading=\"lazy\" decoding=\"async\" class=\"attachment-small-slider-thumb size-small-slider-thumb wp-post-image\" title=\"\" src=\"https:\/\/afrique.lalibre.be\/app\/uploads\/2018\/11\/Dq7Uw70WwAAjczp-960x640-690x450.jpg\" alt=\"RDC: mainmise de la Pr\u00e9sidence sur le processus \u00e9lectoral\" width=\"690\" height=\"450\" \/><\/a><\/p>\n<div class=\"post_content page_margin_top_section clearfix\">\n<div class=\"content_box full_width\">\n<div><\/div>\n<div><\/div>\n<div><\/div>\n<div>La pr\u00e9sidence congolaise est accus\u00e9e d\u2019avoir une \u00ab\u00a0mainmise\u00a0\u00bb sur deux institutions charg\u00e9es d\u2019assurer la transparence du processus \u00e9lectoral en R\u00e9publique d\u00e9mocratique du Congo (RDC), \u00e0 moins de deux mois des scrutins cruciaux cens\u00e9s organiser la succession du pr\u00e9sident Joseph Kabila, selon une \u00e9tude am\u00e9ricaine.<\/div>\n<div class=\"text\">\n<div><\/div>\n<div>\u00ab\u00a0La Commission \u00e9lectorale nationale ind\u00e9pendante (C\u00e9ni) et la Cour constitutionnelle sont contest\u00e9es, leurs membres tax\u00e9s de partialit\u00e9\u00a0\u00bb, selon cette \u00e9tude publi\u00e9e jeudi par le Groupe d\u2019\u00c9tude sur le Congo (GEC), bas\u00e9 \u00e0 l\u2019Universit\u00e9 de New York. Pour les auteurs de l\u2019\u00e9tude, une grande partie de la faiblesse de ces institutions provient de \u00ab\u00a0la capacit\u00e9 de la pr\u00e9sidence de la R\u00e9publique \u00e0 contr\u00f4ler, coopter ou diviser\u00a0\u00bb les diff\u00e9rentes forces politiques et sociales qui devraient servir de contrepoids.<\/div>\n<div><\/div>\n<div><strong>Garde-fous quasi inop\u00e9rants<\/strong><\/div>\n<div><\/div>\n<div>Cette \u00ab\u00a0mainmise sur les institutions charg\u00e9es d\u2019assurer la transparence du processus \u00e9lectoral rend quasi inop\u00e9rants les garde-fous existant dans les diff\u00e9rents textes qui r\u00e9gissent ces institutions\u00a0\u00bb, affirme l\u2019\u00e9tude.<\/div>\n<div>\u00ab\u00a0Ces accusations de manipulation du processus politique, l\u2019absence de consensus au sein de la classe politique et les contestations qui pourraient en r\u00e9sulter risquent de plonger la RDC dans un nouveau cycle de conflits\u00a0\u00bb, estiment les experts dans ce rapport intitul\u00e9, \u00ab\u00a0RDC : les \u00e9lections de tous les dangers\u00a0\u00bb.<\/div>\n<div><\/div>\n<div>\u00ab\u00a0Toutes ces accusations gratuites visent \u00e0 pr\u00e9parer le terrain \u00e0 ceux qui veulent boycotter les \u00e9lections. Il y a des actions coordonn\u00e9es pour \u00e9viter que des \u00e9lections se tiennent\u00a0\u00bb, a r\u00e9agi le directeur de cabinet adjoint du pr\u00e9sident Kabila, Jean-Pierre Kambila.<\/div>\n<div><\/div>\n<div>Les \u00e9lections pr\u00e9sidentielle, l\u00e9gislatives et provinciales clefs du 23 d\u00e9cembre 2018 doivent organiser la succession du pr\u00e9sident Joseph Kabila. Ces scrutins ont d\u00e9j\u00e0 \u00e9t\u00e9 report\u00e9s \u00e0 deux reprises en 2016 et 2017.<\/div>\n<div>Le pr\u00e9sident Kabila, qui ne pouvait plus se repr\u00e9senter apr\u00e8s deux mandats constitutionnels, a d\u00e9sign\u00e9 son ex-ministre de l\u2019Int\u00e9rieur Emmanuel Ramazani Shadary comme \u00ab\u00a0dauphin\u00a0\u00bb.<\/div>\n<div><\/div>\n<div><strong>Cela ne suffira pas<\/strong><\/div>\n<div><\/div>\n<div>Vingt et un candidats sont en lice pour cette pr\u00e9sidentielle dont deux t\u00e9nors de l\u2019opposition, F\u00e9lix Tshisekedi, pr\u00e9sident de l\u2019Union pour la D\u00e9mocratie et le Progr\u00e8s social (UDPS, parti historique de l\u2019opposition) et Vital Kamerhe, de l\u2019Union pour le Congo (UNC), ancien pr\u00e9sident de l\u2019Assembl\u00e9e nationale pass\u00e9 \u00e0 l\u2019opposition.<\/div>\n<div><\/div>\n<div>L\u2019opposition dans son ensemble affirme qu\u2019elle ne boycottera pas les \u00e9lections bien que la majeure partie continue \u00e0 r\u00e9clamer l\u2019abandon de la machine \u00e0 voter le jour du scrutin que Kinshasa veut organiser seul, sans soutien de la communaut\u00e9 internationale.<\/div>\n<div><\/div>\n<div>\u00ab\u00a0Si la date des \u00e9lections est maintenue pour le 23 d\u00e9cembre 2018, il est clair que les contr\u00f4les institutionnels en place ne suffiront pas \u00e0 garantir l\u2019int\u00e9grit\u00e9 et la cr\u00e9dibilit\u00e9 du processus\u00a0\u00bb, conclut l\u2019\u00e9tude.<\/div>\n<\/div>\n<\/div>\n<\/div>\n<div style=\"text-align:center\" class=\"wps-pgfw-pdf-generate-icon__wrapper-frontend\">\n\t\t<a href=\"https:\/\/congokin.blog?action=genpdf&amp;id=3646\" class=\"pgfw-single-pdf-download-button\" ><img src=\"https:\/\/congokin.blog\/wp-content\/plugins\/pdf-generator-for-wp\/admin\/src\/images\/PDF_Tray.svg\" title=\"G\u00e9n\u00e9rer un PDF\" style=\"width:auto; height:45px;\"><\/a>\n\t\t<\/div>","protected":false},"excerpt":{"rendered":"<p>RDC: mainmise de la Pr\u00e9sidence sur le processus \u00e9lectoral 2 novembre 2018 Belga La pr\u00e9sidence congolaise est accus\u00e9e d\u2019avoir une \u00ab\u00a0mainmise\u00a0\u00bb sur deux institutions charg\u00e9es d\u2019assurer la transparence du processus \u00e9lectoral en R\u00e9publique d\u00e9mocratique du Congo (RDC), \u00e0 moins de deux mois des scrutins cruciaux cens\u00e9s organiser la succession du pr\u00e9sident Joseph Kabila, selon une [&hellip;]<\/p>\n","protected":false},"author":4,"featured_media":0,"comment_status":"open","ping_status":"closed","sticky":false,"template":"","format":"standard","meta":{"footnotes":""},"categories":[7,1],"tags":[],"class_list":["post-3646","post","type-post","status-publish","format-standard","hentry","category-politique","category-uncategorized"],"_links":{"self":[{"href":"https:\/\/congokin.blog\/index.php?rest_route=\/wp\/v2\/posts\/3646","targetHints":{"allow":["GET"]}}],"collection":[{"href":"https:\/\/congokin.blog\/index.php?rest_route=\/wp\/v2\/posts"}],"about":[{"href":"https:\/\/congokin.blog\/index.php?rest_route=\/wp\/v2\/types\/post"}],"author":[{"embeddable":true,"href":"https:\/\/congokin.blog\/index.php?rest_route=\/wp\/v2\/users\/4"}],"replies":[{"embeddable":true,"href":"https:\/\/congokin.blog\/index.php?rest_route=%2Fwp%2Fv2%2Fcomments&post=3646"}],"version-history":[{"count":0,"href":"https:\/\/congokin.blog\/index.php?rest_route=\/wp\/v2\/posts\/3646\/revisions"}],"wp:attachment":[{"href":"https:\/\/congokin.blog\/index.php?rest_route=%2Fwp%2Fv2%2Fmedia&parent=3646"}],"wp:term":[{"taxonomy":"category","embeddable":true,"href":"https:\/\/congokin.blog\/index.php?rest_route=%2Fwp%2Fv2%2Fcategories&post=3646"},{"taxonomy":"post_tag","embeddable":true,"href":"https:\/\/congokin.blog\/index.php?rest_route=%2Fwp%2Fv2%2Ftags&post=3646"}],"curies":[{"name":"wp","href":"https:\/\/api.w.org\/{rel}","templated":true}]}}