{"id":3650,"date":"2018-11-03T06:36:07","date_gmt":"2018-11-03T06:36:07","guid":{"rendered":"https:\/\/congokin.media\/?p=3650"},"modified":"2018-11-03T06:36:07","modified_gmt":"2018-11-03T06:36:07","slug":"tibor-nagy-le-nouveau-monsieur-afrique-americain-entame-sa-premiere-tournee-sur-le-continent","status":"publish","type":"post","link":"https:\/\/congokin.blog\/?p=3650","title":{"rendered":"Tibor Nagy, le nouveau \u00ab Monsieur Afrique \u00bb am\u00e9ricain, entame sa premi\u00e8re tourn\u00e9e sur\u00a0le continent"},"content":{"rendered":"<div class=\"art-header\">\n<h1 class=\"js-no-orphans\">Tibor Nagy, le nouveau \u00ab Monsieur Afrique \u00bb am\u00e9ricain, entame sa premi\u00e8re tourn\u00e9e sur\u00a0<span class=\"css-nowrap\">le continent<\/span><\/h1>\n<div><span class=\"art-reserved__date\">02 novembre 2018 \u00e0 18h31\u00a0<\/span><span class=\"art-reserved__author-bloc\"><span class=\"pipe-separator\">|<\/span>\u00a0<span class=\"art-header-author\">Par\u00a0Olivier Caslin<\/span><\/span><\/div>\n<\/div>\n<div id=\"content\" class=\"col-sm-8\">\n<article id=\"post-657536\" class=\"art-content\">\n<figure class=\"thumbnail art-thumbnail-lead\"><img decoding=\"async\" src=\"https:\/\/www.jeuneafrique.com\/medias\/2018\/11\/02\/tiborok-592x296-1541179762.jpg\" \/><\/figure>\n<div class=\"art-text ja-teads-inread\">\n<p class=\"lead\">Alors qu&rsquo;il vient de d\u00e9buter sa premi\u00e8re tourn\u00e9e africaine depuis sa nomination, en septembre, l&rsquo;ancien diplomate Tibor Nagy, r\u00e9cemment nomm\u00e9 secr\u00e9taire d&rsquo;\u00c9tat adjoint aux Affaires africaines, entend incarner une nouvelle approche envers le continent. \u00ab Il convient aujourd\u2019hui de regarder l\u2019Afrique \u00e0 travers le pare-brise, et non plus dans le r\u00e9troviseur \u00bb, confiait-il \u00e0 Jeune Afrique \u00e0 la veille de son p\u00e9riple.<\/p>\n<p>Quelques semaines apr\u00e8s sa prestation de serment, le 17 septembre \u00e0 Washington, Tibor Nagy, le secr\u00e9taire d\u2019\u00c9tat adjoint aux Affaires africaines, pose le pied sur le continent. Pour sa premi\u00e8re tourn\u00e9e dans ses nouvelles fonctions, il a choisi l\u2019Afrique de l\u2019Ouest. Apr\u00e8s Lom\u00e9, le 1er novembre, il devait se rendre en Guin\u00e9e du 2 au 4 novembre, puis rejoindre le Mali jusqu\u2019au 7 novembre, avant de terminer par Abuja, qu\u2019il quittera le 10 novembre.<\/p>\n<p>L\u2019occasion pour Tibor Nagy de prendre la temp\u00e9rature d\u2019un continent qu\u2019il conna\u00eet bien, puisque ce diplomate a \u00e9t\u00e9 en poste pendant vingt ans en Afrique, au Togo, au Cameroun et au Nigeria, avant d\u2019\u00eatre nomm\u00e9 ambassadeur en Guin\u00e9e puis en \u00c9thiopie.\u00a0\u00c0 69 ans,\u00a0il remplace l\u2019int\u00e9rimaire Donald Yamamoto\u00a0avec pour mission de renouer les liens entre Washington et un continent parfois exasp\u00e9r\u00e9\u00a0par les propos outranciers de Donald Trump.<\/p>\n<p><b>Jeune Afrique : Pourquoi avoir choisi l\u2019Afrique de l\u2019Ouest pour votre premi\u00e8re tourn\u00e9e sur le continent ?<\/b><\/p>\n<p><strong>Tibor Nagy :<\/strong>\u00a0Il \u00e9tait tr\u00e8s important pour moi de venir au Mali afin d\u2019avoir une meilleure appr\u00e9ciation de la situation en recueillant les r\u00e9actions de tous : du gouvernement, de mes propres services sur place, des diff\u00e9rents acteurs impliqu\u00e9s dans la crise\u2026 D\u2019autant qu\u2019en f\u00e9vrier 2019, l\u2019ONU rendra ses conclusions concernant les progr\u00e8s r\u00e9alis\u00e9s dans le cadre des accords d\u2019Alger\u2026<\/p>\n<blockquote><p>LES MALADRESSES R\u00c9P\u00c9T\u00c9ES DES TROUPES F\u00c9D\u00c9RALES NIG\u00c9RIANES ONT POUSS\u00c9\u00a0LES POPULATIONS DANS LES BRAS DE BOKO HARAM<\/p><\/blockquote>\n<p><b>Ce qui pourrait avoir un impact sur la pr\u00e9sence militaire am\u00e9ricaine dans la r\u00e9gion\u2026<br \/>\n<\/b><\/p>\n<p>Je ne pense pas que cela changera fondamentalement notre implication sur le terrain. Tout le monde veut voir le Mali sortir de la crise. Notre objectif est de stabiliser l\u2019ensemble de la r\u00e9gion, en travaillant avec les gouvernements et avec nos diff\u00e9rents alli\u00e9s pour la d\u00e9barrasser du terrorisme. Nos troupes au Niger continueront de s\u00e9curiser la zone, mais leur mandat est surtout de former et d\u2019entra\u00eener les forces arm\u00e9es locales. Ce sont ces derni\u00e8res qui doivent gagner cette guerre et, pour cela, elles doivent se montrer plus professionnelles et apprendre \u00e0 traiter correctement les civils. Ce sont les maladresses r\u00e9p\u00e9t\u00e9es des troupes f\u00e9d\u00e9rales nig\u00e9rianes qui ont pouss\u00e9 les populations dans les bras de Boko Haram.<\/p>\n<p><b>Quelle sera la teneur de votre message aux Maliens ?<\/b><\/p>\n<p>Nous faisons face \u00e0 plusieurs groupes terroristes que nous pourrions \u00e9liminer en combinant nos forces. Mais si rien ne vient combler le vide laiss\u00e9, un autre groupe terroriste viendra prendre sa place. C\u2019est ce qu\u2019il s\u2019est pass\u00e9 en Somalie et que nous voulons absolument \u00e9viter au Sahel. Nous devons donc travailler ensemble pour d\u00e9barrasser la r\u00e9gion du terrorisme, mais surtout pour consolider les services publics dans les secteurs de l\u2019\u00e9ducation, de la sant\u00e9 ou de la justice. Et aussi des opportunit\u00e9s d\u2019emploi qui apporteront stabilit\u00e9 et d\u00e9veloppement.<\/p>\n<p>Je suis plut\u00f4t optimiste quand je vois que la politique mise en place dans le cadre du G5 n\u2019est pas uniquement d\u2019ordre militaire. La population africaine doit doubler d\u2019ici \u00e0 2050, et ces millions de jeunes Africains voudront exactement la m\u00eame chose qu\u2019en Occident\u00a0: des emplois, toujours plus d\u2019emplois.<\/p>\n<p><b>La position am\u00e9ricaine concernant la r\u00e9cente \u00e9lection pr\u00e9sidentielle camerounaise a \u00e9t\u00e9 beaucoup plus distanci\u00e9e que celles de la France ou de l\u2019Union europ\u00e9enne. Pour quelles raisons\u00a0?<\/b><\/p>\n<p>Nous avons f\u00e9licit\u00e9 la population camerounaise pour la bonne tenue de ces \u00e9lections. En Afrique, les \u00c9tats-Unis ne soutiennent pas des candidats mais des processus \u00e9lectoraux clairs et transparents. Le scrutin a \u00e9t\u00e9 une r\u00e9ussite et il n\u2019y a aucune raison de penser qu\u2019il ne refl\u00e8te pas le choix de la population. N\u00e9anmoins, et c\u2019est peut-\u00eatre l\u00e0 que notre position diverge, l\u2019environnement g\u00e9n\u00e9ral pr\u00e9sente de s\u00e9rieuses anomalies. Une large proportion d\u2019\u00e9lecteurs n\u2019ont pas pu aller voter dans les r\u00e9gions anglophones, par exemple.<\/p>\n<blockquote><p>NOUS NE DISPOSONS D\u2019AUCUNE GARANTIE QUANT AU BON D\u00c9ROULEMENT DES \u00c9LECTIONS EN RDC<\/p><\/blockquote>\n<p><b>\u00cates-vous optimiste concernant l\u2019organisation de la pr\u00e9sidentielle\u00a0en RDC \u00e0 la date pr\u00e9vue, le 23 d\u00e9cembre\u00a0 ?<\/b><\/p>\n<p>Je me contente d\u2019esp\u00e9rer que nous puissions avoir l\u2019\u00e9lection la plus juste possible \u00e0 cette date. Toutefois, d\u2019importants probl\u00e8mes subsistent pour pouvoir faire avancer le processus. Le r\u00e9gime a, par exemple, emp\u00each\u00e9 la tenue d\u2019un meeting de l\u2019opposition \u00e0 Lubumbashi il y a quelques jours. Est-ce que cela signifie qu\u2019il veut restreindre davantage un espace politique d\u00e9j\u00e0 tr\u00e8s \u00e9troit\u00a0? Attendons pour en juger\u2026 Mais aujourd\u2019hui, il nous faut bien reconna\u00eetre que nous ne disposons d\u2019aucune garantie quant au bon d\u00e9roulement de ces \u00e9lections.<\/p>\n<p><b>Comment analysez-vous les changements en cours dans la corne de l\u2019Afrique ?<\/b><\/p>\n<p>C\u2019est l\u2019\u00e9v\u00e9nement le plus int\u00e9ressant \u00e0 suivre actuellement en Afrique, voire m\u00eame dans le monde. Abiy Ahmed est le parfait exemple de ce qu\u2019un v\u00e9ritable leader politique peut faire pour son pays. Il a r\u00e9ussi cet incroyable changement en interne en ouvrant le champ politique, en lib\u00e9rant les prisonniers politiques\u2026 Puis il a enclench\u00e9 ce mouvement vers l\u2019ext\u00e9rieur en r\u00e9chauffant les relations, longtemps glaciales, avec l\u2019\u00c9rythr\u00e9e. Cet air chaud souffle aujourd\u2019hui sur Djibouti, la Somalie et les deux Soudans.<\/p>\n<p><b>L\u2019Afrique a-t-elle plut\u00f4t besoin d\u2019hommes forts ou d\u2019institutions fortes\u00a0?<\/b><\/p>\n<p>D\u2019institutions fortes, \u00e9videmment. Leur absence est \u00e0 l\u2019origine de la trag\u00e9die que vivent de nombreux pays, et pas seulement en Afrique. Pour asseoir la r\u00e9ussite d\u2019un pays il lui faut des piliers. L\u00e0 encore, l\u2019\u00c9thiopie en est un parfait exemple. Abiy Ahmed a d\u00e9voil\u00e9 un aspect tr\u00e8s significatif de ce qu\u2019il pense, estimant qu\u2019il ne fallait plus voir les opposants comme des ennemis mais comme des concurrents. C\u2019est un concept rare en Afrique, et c\u2019est \u00e0 mes yeux l\u2019essence m\u00eame de la d\u00e9mocratie. Pour la premi\u00e8re fois, dans l\u2019un des pays les plus importants du continent, nous avons un dirigeant pr\u00eat \u00e0 accepter de quitter le pouvoir dans le respect des institutions.<\/p>\n<p><b>Que r\u00e9pondez-vous \u00e0 ceux qui pensent que votre int\u00e9r\u00eat pour l\u2019Afrique est proportionnel \u00e0 celui de la Chine ?<\/b><\/p>\n<p>C\u2019est faux\u00a0! Notre int\u00e9r\u00eat grandit car de plus en plus d\u2019Am\u00e9ricains commencent \u00e0 r\u00e9aliser le potentiel de l\u2019Afrique. La jeunesse africaine a la capacit\u00e9 de dynamiser la croissance \u00e9conomique du continent et du reste de la plan\u00e8te.<\/p>\n<blockquote><p>JE NE PEUX BL\u00c2MER LES AFRICAINS D\u2019AVOIR FAIT DES AFFAIRES AVEC LES CHINOIS, QUI \u00c9TAIENT LES SEULS \u00c0 S\u2019INT\u00c9RESSER \u00c0 EUX<\/p><\/blockquote>\n<p><b>Et que vous inspire l\u2019implication des Chinois sur le continent\u00a0?<\/b><\/p>\n<p>Je ne peux bl\u00e2mer les Africains d\u2019avoir fait, pendant des ann\u00e9es, des affaires avec les Chinois, qui \u00e9taient alors les seuls \u00e0 s\u2019int\u00e9resser \u00e0 eux. Notre travail consiste maintenant \u00e0 montrer aux entrepreneurs am\u00e9ricains que nous sommes pr\u00eats \u00e0 soutenir leurs investissements en Afrique. Contrairement aux Chinois, nous pouvons les en convaincre mais pas les y contraindre. Les \u00c9tats africains doivent faire leur part de travail en \u00e9tablissant un environnement favorable et \u00e9quitable en mati\u00e8re de litiges commerciaux, de facilit\u00e9 d\u2019entreprendre, d\u2019acc\u00e8s \u00e0 la formation\u2026 La r\u00e9alit\u00e9, c\u2019est que ce sont les entreprises occidentales qui cr\u00e9ent l\u2019emploi, qui proc\u00e8dent aux transferts de technologies, qui construisent le march\u00e9 du travail de demain en Afrique.<\/p>\n<p><b>Les \u00c9tats-Unis verraient-ils aujourd\u2019hui l\u2019Afrique \u00e0 travers un double prisme : \u00e9conomique et s\u00e9curitaire\u00a0?<\/b><\/p>\n<p>Nous avons une vision du continent qui a bien chang\u00e9 depuis la Guerre froide. Nous le voyons aujourd\u2019hui comme un partenaire mature, disposant d\u2019un potentiel \u00e9norme dans de nombreux domaines. Il convient de regarder l\u2019Afrique \u00e0 travers le pare-brise et non plus dans le r\u00e9troviseur.<\/p>\n<p><b>On reproche \u00e0 votre administration, par rapport \u00e0 la pr\u00e9c\u00e9dente, d\u2019avoir pris ses distances avec les oppositions et les repr\u00e9sentants de la soci\u00e9t\u00e9 civile\u2026<br \/>\n<\/b><\/p>\n<p>Je peux vous assurer que plusieurs rencontres ont eu lieu ces derniers mois \u00e0 Washington avec les opposants de certains pays. \u00a0Sur place, rien n\u2019a chang\u00e9 : nos ambassades sont l\u00e0 pour maintenir un dialogue constant avec les les repr\u00e9sentants de l\u2019opposition et de la soci\u00e9t\u00e9 civile, quitte \u00e0 provoquer parfois l\u2019agacement des pouvoirs en place. Nous parlons avec tout le monde et nous continuerons de le faire.<\/p>\n<\/div>\n<\/article>\n<\/div>\n<div style=\"text-align:center\" class=\"wps-pgfw-pdf-generate-icon__wrapper-frontend\">\n\t\t<a href=\"https:\/\/congokin.blog?action=genpdf&amp;id=3650\" class=\"pgfw-single-pdf-download-button\" ><img src=\"https:\/\/congokin.blog\/wp-content\/plugins\/pdf-generator-for-wp\/admin\/src\/images\/PDF_Tray.svg\" title=\"G\u00e9n\u00e9rer un PDF\" style=\"width:auto; height:45px;\"><\/a>\n\t\t<\/div>","protected":false},"excerpt":{"rendered":"<p>Tibor Nagy, le nouveau \u00ab Monsieur Afrique \u00bb am\u00e9ricain, entame sa premi\u00e8re tourn\u00e9e sur\u00a0le continent 02 novembre 2018 \u00e0 18h31\u00a0|\u00a0Par\u00a0Olivier Caslin Alors qu&rsquo;il vient de d\u00e9buter sa premi\u00e8re tourn\u00e9e africaine depuis sa nomination, en septembre, l&rsquo;ancien diplomate Tibor Nagy, r\u00e9cemment nomm\u00e9 secr\u00e9taire d&rsquo;\u00c9tat adjoint aux Affaires africaines, entend incarner une nouvelle approche envers le continent. [&hellip;]<\/p>\n","protected":false},"author":4,"featured_media":0,"comment_status":"open","ping_status":"closed","sticky":false,"template":"","format":"standard","meta":{"footnotes":""},"categories":[7,1],"tags":[],"class_list":["post-3650","post","type-post","status-publish","format-standard","hentry","category-politique","category-uncategorized"],"_links":{"self":[{"href":"https:\/\/congokin.blog\/index.php?rest_route=\/wp\/v2\/posts\/3650","targetHints":{"allow":["GET"]}}],"collection":[{"href":"https:\/\/congokin.blog\/index.php?rest_route=\/wp\/v2\/posts"}],"about":[{"href":"https:\/\/congokin.blog\/index.php?rest_route=\/wp\/v2\/types\/post"}],"author":[{"embeddable":true,"href":"https:\/\/congokin.blog\/index.php?rest_route=\/wp\/v2\/users\/4"}],"replies":[{"embeddable":true,"href":"https:\/\/congokin.blog\/index.php?rest_route=%2Fwp%2Fv2%2Fcomments&post=3650"}],"version-history":[{"count":0,"href":"https:\/\/congokin.blog\/index.php?rest_route=\/wp\/v2\/posts\/3650\/revisions"}],"wp:attachment":[{"href":"https:\/\/congokin.blog\/index.php?rest_route=%2Fwp%2Fv2%2Fmedia&parent=3650"}],"wp:term":[{"taxonomy":"category","embeddable":true,"href":"https:\/\/congokin.blog\/index.php?rest_route=%2Fwp%2Fv2%2Fcategories&post=3650"},{"taxonomy":"post_tag","embeddable":true,"href":"https:\/\/congokin.blog\/index.php?rest_route=%2Fwp%2Fv2%2Ftags&post=3650"}],"curies":[{"name":"wp","href":"https:\/\/api.w.org\/{rel}","templated":true}]}}