{"id":3652,"date":"2018-11-03T06:39:37","date_gmt":"2018-11-03T06:39:37","guid":{"rendered":"https:\/\/congokin.media\/?p=3652"},"modified":"2018-11-03T06:39:37","modified_gmt":"2018-11-03T06:39:37","slug":"rdc-lever-ou-non-les-sanctions-une-equation-delicate-pour-lunion-europeenne","status":"publish","type":"post","link":"https:\/\/congokin.blog\/?p=3652","title":{"rendered":"RDC: lever ou non les sanctions, une \u00e9quation d\u00e9licate pour l&rsquo;Union europ\u00e9enne"},"content":{"rendered":"<header class=\"wrapper\">\n<div class=\"row\">\n<div class=\"col-md-12 col-sm-12 col-xs-12\">\n<h1>RDC: lever ou non les sanctions, une \u00e9quation d\u00e9licate pour l&rsquo;Union europ\u00e9enne<\/h1>\n<\/div>\n<\/div>\n<div class=\"row\">\n<div class=\"block-image col-md-12 col-sm-12 col-xs-12\">\n<figure>\n<figure class=\"ratio-16x9-height cell-news\"><img decoding=\"async\" class=\"image-transition image-loaded\" src=\"http:\/\/scd.rfi.fr\/sites\/filesrfi\/imagecache\/rfi_16x9_1024_578\/sites\/images.rfi.fr\/files\/aef_image\/000_1883f8_0.jpg\" alt=\"\" data-image-nid=\"11B56EE8-FD28-4A92-B5D3-5A5D8C2D6486\" data-image-src=\"http:\/\/scd.rfi.fr\/sites\/filesrfi\/imagecache\/rfi_16x9_1024_578\/sites\/images.rfi.fr\/files\/aef_image\/000_1883f8_0.jpg\" data-image-loaded=\"true\" \/><\/figure><figcaption>Le cas du candidat de la majorit\u00e9 Emmanuel Ramazani Shadary (photo) pose probl\u00e8me \u00e0 l&rsquo;UE dans l&rsquo;affaire des sanctions contre 16 hauts responsables congolais.<br \/>\n\u00a9 Junior D. KANNAH \/ AFP<\/figcaption><\/figure>\n<div class=\"block-social\"><\/div>\n<\/div>\n<\/div>\n<\/header>\n<section class=\"row metadata\">\n<div class=\"col-md-12 col-sm-12 col-xs-12\">\n<p class=\"meta\"><span class=\"authors\">Par\u00a0RFI\u00a0<\/span><span class=\"pubDate\">Publi\u00e9 le 03-11-2018<\/span>\u00a0<span class=\"modDate\">Modifi\u00e9 le 03-11-2018 \u00e0 06:53<\/span><\/p>\n<\/div>\n<\/section>\n<section class=\"row intro\">\n<div class=\"col-md-12 col-sm-12 col-xs-12\">\n<div class=\"pub-content hidden-xs\"><\/div>\n<h2>L&rsquo;UE a jusqu&rsquo;au 10 d\u00e9cembre pour d\u00e9cider de renouveler ou non les sanctions prises en d\u00e9cembre 2016 contre des responsables congolais, sous le coup d&rsquo;une interdiction de voyager et d&rsquo;un gel de leurs avoirs en Europe. Des personnalit\u00e9s parmi lesquelles figure Emmanuel Ramazani Shadary, candidat choisi par le pr\u00e9sident Kabila pour la pr\u00e9sidentielle de d\u00e9cembre. Ce dossier \u00e9pineux fait l&rsquo;objet d&rsquo;intenses discussions au sein de l&rsquo;UE et pr\u00e9occupe Kinshasa.<\/h2>\n<p>Au cours d\u2019une conf\u00e9rence de presse, le comit\u00e9 strat\u00e9gique du\u00a0<strong>Front commun pour le Congo<\/strong>\u00a0a lanc\u00e9 un message de conciliation en direction de la communaut\u00e9 internationale. Le coordonnateur de ce comit\u00e9, \u00e9galement directeur de cabinet du pr\u00e9sident de la R\u00e9publique, N\u00e9h\u00e9mie Mwilanya, n\u2019y est pas all\u00e9 par quatre chemins.<\/p>\n<p>\u00ab\u00a0<em>Ni la communaut\u00e9 internationale, ni les Congolais, aucune des parties n\u2019a int\u00e9r\u00eat \u00e0 ce que ce pays soit d\u00e9stabilis\u00e9. Nous avons tous int\u00e9r\u00eat \u00e0 conjuguer nos efforts pour donner une chance \u00e0 la paix, \u00e0 la stabilit\u00e9, en commen\u00e7ant par la stabilit\u00e9 politique<\/em>.\u00a0\u00bb<\/p>\n<p>A une question relative aux sanctions qui frappent plusieurs dirigeants congolais, parmi lesquels\u00a0<strong>le candidat FCC Emmanuel Ramazani Shadary<\/strong>, le ministre des R\u00e9formes institutionnelles Azarias Ruberwa a r\u00e9pondu\u00a0: \u00ab\u00a0<em>Notre candidat n\u2019est pas poursuivi par la CPI, notre candidat ne porte pas sur lui une condamnation judiciaire. C\u2019est une simple sanction sous forme de menace politique.<\/em>\u00a0\u00bb<\/p>\n<p><strong>A l&rsquo;approche du scrutin<\/strong><\/p>\n<p>Pour les animateurs du FCC,<strong>\u00a0l\u2019Union europ\u00e9enne l\u00e8vera ces sanctions<\/strong>\u00a0d\u00e8s lors qu\u2019elle sera assur\u00e9e de l\u2019organisation des \u00e9lections le 23 d\u00e9cembre prochain. Mais pour l\u2019UE, l&rsquo;\u00e9quation est d\u00e9licate.<\/p>\n<p>Car il s\u2019agit soit de prendre le risque de maintenir sous sanctions l&rsquo;\u00e9ventuel successeur de Joseph Kabila et d&rsquo;ent\u00e9riner durablement la crise entre Kinshasa et Bruxelles en cas d&rsquo;\u00e9lection d&rsquo;<strong>Emmanuel Ramazani Shadary<\/strong>, soit de calmer le jeu en levant les sanctions, mais de se priver d&rsquo;un moyen de pression \u00e0 15 jours de la date pr\u00e9vue pour la pr\u00e9sidentielle, scrutin aussi attendu qu&rsquo;incertain.<\/p>\n<p><strong>Vers un compromis<\/strong>\u00a0<strong>?<\/strong><\/p>\n<p>Finalement, de sources diplomatiques, un compromis se dessinerait\u00a0: renouveler les sanctions, certes, mais envoyer dans le m\u00eame temps aux Congolais un signal positif en leur donnant rendez-vous au lendemain du scrutin pour r\u00e9\u00e9valuer la situation et envisager alors une possible lev\u00e9e de ces sanctions sans attendre la prochaine \u00e9ch\u00e9ance.<\/p>\n<p>Au sein de l&rsquo;UE, certains avaient propos\u00e9 de sortir Emmanuel Ramazani Shadary de la liste des sanctionn\u00e9s. Mais plusieurs pays ont rejet\u00e9 l&rsquo;hypoth\u00e8se, dont la France, soucieuse de \u00ab\u00a0<em>ne pas donner le sentiment d&rsquo;interf\u00e9rer dans le processus \u00e9lectoral<\/em>\u00a0\u00bb en faisant du dauphin un cas particulier. Or l&rsquo;unanimit\u00e9 est requise au sein de l&rsquo;UE en mati\u00e8re de sanctions.<\/p>\n<p><strong>Recours au tribunal de l&rsquo;UE<\/strong><\/p>\n<p>Reste \u00e0 savoir de quelle oreille l&rsquo;entendront les autorit\u00e9s congolaises, qui ont multipli\u00e9 les d\u00e9marches ces derniers mois pour se d\u00e9barrasser de ces sanctions v\u00e9cues comme une \u00ab\u00a0humiliation\u00a0\u00bb, allant jusqu&rsquo;\u00e0 mettre dans la balance la r\u00e9ouverture de la maison Schengen. Quant au\u00a0<strong>recours introduit par Kinshasa\u00a0<\/strong>aupr\u00e8s du tribunal de l&rsquo;Union europ\u00e9enne, il est encore en cours d&rsquo;examen.<\/p>\n<p>La premi\u00e8re audience dans ce dossier ne devrait pas avoir lieu avant le premier trimestre 2019. Me\u00a0Bontinck, l&rsquo;avocat belge qui d\u00e9fend ces personnalit\u00e9s congolaises sous sanctions, continue de contester la r\u00e9gularit\u00e9 de ses sanctions qui n&rsquo;auraient pas d\u00fb \u00eatre prises, selon lui, sans que ses clients soient pr\u00e9alablement entendus. Il s&rsquo;agit de \u00ab\u00a0<em>sanctions politiques<\/em>\u00a0\u00bb et non d&rsquo;une d\u00e9cision de justice r\u00e9pondent des sources au sein de l&rsquo;UE.<\/p>\n<\/div>\n<\/section>\n<div style=\"text-align:center\" class=\"wps-pgfw-pdf-generate-icon__wrapper-frontend\">\n\t\t<a href=\"https:\/\/congokin.blog?action=genpdf&amp;id=3652\" class=\"pgfw-single-pdf-download-button\" ><img src=\"https:\/\/congokin.blog\/wp-content\/plugins\/pdf-generator-for-wp\/admin\/src\/images\/PDF_Tray.svg\" title=\"G\u00e9n\u00e9rer un PDF\" style=\"width:auto; height:45px;\"><\/a>\n\t\t<\/div>","protected":false},"excerpt":{"rendered":"<p>RDC: lever ou non les sanctions, une \u00e9quation d\u00e9licate pour l&rsquo;Union europ\u00e9enne Le cas du candidat de la majorit\u00e9 Emmanuel Ramazani Shadary (photo) pose probl\u00e8me \u00e0 l&rsquo;UE dans l&rsquo;affaire des sanctions contre 16 hauts responsables congolais. \u00a9 Junior D. KANNAH \/ AFP Par\u00a0RFI\u00a0Publi\u00e9 le 03-11-2018\u00a0Modifi\u00e9 le 03-11-2018 \u00e0 06:53 L&rsquo;UE a jusqu&rsquo;au 10 d\u00e9cembre pour [&hellip;]<\/p>\n","protected":false},"author":4,"featured_media":0,"comment_status":"open","ping_status":"closed","sticky":false,"template":"","format":"standard","meta":{"footnotes":""},"categories":[1],"tags":[],"class_list":["post-3652","post","type-post","status-publish","format-standard","hentry","category-uncategorized"],"_links":{"self":[{"href":"https:\/\/congokin.blog\/index.php?rest_route=\/wp\/v2\/posts\/3652","targetHints":{"allow":["GET"]}}],"collection":[{"href":"https:\/\/congokin.blog\/index.php?rest_route=\/wp\/v2\/posts"}],"about":[{"href":"https:\/\/congokin.blog\/index.php?rest_route=\/wp\/v2\/types\/post"}],"author":[{"embeddable":true,"href":"https:\/\/congokin.blog\/index.php?rest_route=\/wp\/v2\/users\/4"}],"replies":[{"embeddable":true,"href":"https:\/\/congokin.blog\/index.php?rest_route=%2Fwp%2Fv2%2Fcomments&post=3652"}],"version-history":[{"count":0,"href":"https:\/\/congokin.blog\/index.php?rest_route=\/wp\/v2\/posts\/3652\/revisions"}],"wp:attachment":[{"href":"https:\/\/congokin.blog\/index.php?rest_route=%2Fwp%2Fv2%2Fmedia&parent=3652"}],"wp:term":[{"taxonomy":"category","embeddable":true,"href":"https:\/\/congokin.blog\/index.php?rest_route=%2Fwp%2Fv2%2Fcategories&post=3652"},{"taxonomy":"post_tag","embeddable":true,"href":"https:\/\/congokin.blog\/index.php?rest_route=%2Fwp%2Fv2%2Ftags&post=3652"}],"curies":[{"name":"wp","href":"https:\/\/api.w.org\/{rel}","templated":true}]}}