{"id":4360,"date":"2018-12-28T01:47:03","date_gmt":"2018-12-28T01:47:03","guid":{"rendered":"https:\/\/congokin.media\/?p=4360"},"modified":"2018-12-28T01:47:03","modified_gmt":"2018-12-28T01:47:03","slug":"ebola-en-rdc-centre-de-transit-attaque-des-cas-suspects-recherches","status":"publish","type":"post","link":"https:\/\/congokin.blog\/?p=4360","title":{"rendered":"Ebola en RDC: centre de transit attaqu\u00e9, des \u00ab\u00a0cas suspects\u00a0\u00bb recherch\u00e9s"},"content":{"rendered":"<h1 class=\"title\">Ebola en RDC: centre de transit attaqu\u00e9, des \u00ab\u00a0cas suspects\u00a0\u00bb recherch\u00e9s<\/h1>\n<div class=\"post-infos clearfix\">\n<p>Publi\u00e9 le 27.12.2018 \u00e0 17h50 par AFP<\/p>\n<\/div>\n<figure class=\"post-img\"><img loading=\"lazy\" decoding=\"async\" class=\"attachment-post-large size-post-large wp-post-image\" src=\"https:\/\/www.journaldebrazza.com\/wp-content\/uploads\/2018\/12\/15459294101805-780x440.jpg\" sizes=\"auto, (max-width: 780px) 100vw, 780px\" srcset=\"https:\/\/www.journaldebrazza.com\/wp-content\/uploads\/2018\/12\/15459294101805-780x440.jpg 780w, https:\/\/www.journaldebrazza.com\/wp-content\/uploads\/2018\/12\/15459294101805-380x215.jpg 380w, https:\/\/www.journaldebrazza.com\/wp-content\/uploads\/2018\/12\/15459294101805-160x90.jpg 160w, https:\/\/www.journaldebrazza.com\/wp-content\/uploads\/2018\/12\/15459294101805-240x135.jpg 240w\" alt=\"\" width=\"780\" height=\"440\" \/><\/figure>\n<div class=\"post-content\">\n<p>Des manifestants ont attaqu\u00e9 jeudi un centre de transit g\u00e9rant des cas suspects de fi\u00e8vre h\u00e9morragique Ebola \u00e0 Beni, \u00e9picentre de l\u2019\u00e9pid\u00e9mie dans l\u2019Est de la R\u00e9publique d\u00e9mocratique du Congo, a d\u00e9clar\u00e9 le minist\u00e8re congolais de la Sant\u00e9.<\/p>\n<p>Une vingtaine de \u00ab\u00a0cas suspects\u00a0\u00bb en ont profit\u00e9 pour quitter le centre, ajoute-t-on de m\u00eame source.<\/p>\n<p>Les incidents se sont produits apr\u00e8s une manifestation contre le report pour la r\u00e9gion de Beni des \u00e9lections g\u00e9n\u00e9rales pr\u00e9vues dimanche en RDC. Les autorit\u00e9s ont justifi\u00e9 la mesure notamment par le risque que repr\u00e9sentait l\u2019\u00e9pid\u00e9mie d\u2019Ebola.<\/p>\n<p>Au moins trois tentes ont \u00e9t\u00e9 saccag\u00e9es aux abords du camp g\u00e9r\u00e9 par l\u2019ONG M\u00e9decins sans fronti\u00e8res (MSF) \u00e0 Beni, a constat\u00e9 un correspondant de l\u2019AFP.<\/p>\n<p>Une importante pr\u00e9sence polici\u00e8re veillait sur le camp o\u00f9 les d\u00e9g\u00e2ts mat\u00e9riels ne paraissent pas tr\u00e8s importants, selon cette m\u00eame source.<\/p>\n<p>Les manifestants auraient p\u00e9n\u00e9tr\u00e9 \u00e0 l\u2019int\u00e9rieur de zones contamin\u00e9es, d\u2019apr\u00e8s une source humanitaire sur place.<\/p>\n<p>\u00ab\u00a0Parmi 24 patients, 17 avaient \u00e9t\u00e9 test\u00e9s n\u00e9gatifs une premi\u00e8re fois. Ils devaient \u00eatre test\u00e9s une deuxi\u00e8me fois pour \u00eatre d\u00e9charg\u00e9s\u00a0\u00bb, a indiqu\u00e9 une porte-parole du minist\u00e8re de la Sant\u00e9.<\/p>\n<p>\u00ab\u00a0Quatre autres sont rentr\u00e9s chez eux. Trois autres cas suspects \u00e9taient dans un \u00e9tat trop s\u00e9rieux, incapables de fuir\u00a0\u00bb, indique-t-on.<\/p>\n<p>Le minist\u00e8re affirme avoir les coordonn\u00e9es des familles.<\/p>\n<p>\u00ab\u00a0Les manifestants ont voulu s\u2019attaquer au centre de transit. Ils ont br\u00fbl\u00e9 des tentes de r\u00e9union\u00a0\u00bb, selon le minist\u00e8re de la Sant\u00e9.<\/p>\n<p>L\u2019\u00e9pid\u00e9mie d\u2019Ebola dans la r\u00e9gion de Beni a \u00e9t\u00e9 d\u00e9clar\u00e9e le 1er ao\u00fbt 2018. Elle a d\u00e9j\u00e0 fait 356 morts avec des craintes constantes de propagation vers les grandes villes de Goma et Kisangani, ou l\u2019Ouganda voisin.<\/p>\n<p>De nombreuses r\u00e9sistances ont \u00e9t\u00e9 observ\u00e9es dans les communaut\u00e9s, \u00e0 Beni notamment, envers la vaccination et les \u00ab\u00a0enterrements dignes et s\u00e9curis\u00e9s\u00a0\u00bb des malades d\u2019Ebola.<\/p>\n<p>Le territoire et la ville de Beni sont \u00e9galement la cible de tueries de civils g\u00e9n\u00e9ralement attribu\u00e9es aux miliciens du groupe arm\u00e9e ougandais des Forces d\u00e9mocratiques alli\u00e9es (ADF).<\/p>\n<p>Ebola et ces massacres sont les raisons invoqu\u00e9es par la commission \u00e9lectorale pour un report au mois de mars des \u00e9lections g\u00e9n\u00e9rales de dimanche \u00e0 Beni et dans la ville de Butembo, dans la m\u00eame r\u00e9gion.<\/p>\n<p>Des manifestants ont \u00e9t\u00e9 dispers\u00e9es par les forces de l\u2019ordre dans la matin\u00e9e alors qu\u2019ils protestaient contre ce report.<\/p>\n<\/div>\n<div class=\"wps-pgfw-pdf-generate-icon__wrapper-frontend pgfw-icon-display pgfw-icon-display--default\" style=\"--pgfw-icon-justify:center;\"><a href=\"https:\/\/congokin.blog?action=genpdf&#038;id=4360\" class=\"pgfw-single-pdf-download-button pgfw-single-pdf-download-button--default pgfw-single-pdf-download-button--icon-only\" title=\"G\u00e9n\u00e9rer un PDF\" style=\"--pgfw-icon-width:25px;--pgfw-icon-height:45px;\" aria-label=\"Download PDF\"><span class=\"pgfw-single-pdf-download-button__media\" aria-hidden=\"true\"><img src=\"https:\/\/congokin.blog\/wp-content\/plugins\/pdf-generator-for-wp\/admin\/src\/images\/PDF_Tray.svg\" alt=\"\" decoding=\"async\"><\/span><\/a><\/div>","protected":false},"excerpt":{"rendered":"<p>Ebola en RDC: centre de transit attaqu\u00e9, des \u00ab\u00a0cas suspects\u00a0\u00bb recherch\u00e9s Publi\u00e9 le 27.12.2018 \u00e0 17h50 par AFP Des manifestants ont attaqu\u00e9 jeudi un centre de transit g\u00e9rant des cas suspects de fi\u00e8vre h\u00e9morragique Ebola \u00e0 Beni, \u00e9picentre de l\u2019\u00e9pid\u00e9mie dans l\u2019Est de la R\u00e9publique d\u00e9mocratique du Congo, a d\u00e9clar\u00e9 le minist\u00e8re congolais de la [&hellip;]<\/p>\n","protected":false},"author":4,"featured_media":0,"comment_status":"open","ping_status":"closed","sticky":false,"template":"","format":"standard","meta":{"footnotes":""},"categories":[7,1],"tags":[],"class_list":["post-4360","post","type-post","status-publish","format-standard","hentry","category-politique","category-uncategorized"],"_links":{"self":[{"href":"https:\/\/congokin.blog\/index.php?rest_route=\/wp\/v2\/posts\/4360","targetHints":{"allow":["GET"]}}],"collection":[{"href":"https:\/\/congokin.blog\/index.php?rest_route=\/wp\/v2\/posts"}],"about":[{"href":"https:\/\/congokin.blog\/index.php?rest_route=\/wp\/v2\/types\/post"}],"author":[{"embeddable":true,"href":"https:\/\/congokin.blog\/index.php?rest_route=\/wp\/v2\/users\/4"}],"replies":[{"embeddable":true,"href":"https:\/\/congokin.blog\/index.php?rest_route=%2Fwp%2Fv2%2Fcomments&post=4360"}],"version-history":[{"count":0,"href":"https:\/\/congokin.blog\/index.php?rest_route=\/wp\/v2\/posts\/4360\/revisions"}],"wp:attachment":[{"href":"https:\/\/congokin.blog\/index.php?rest_route=%2Fwp%2Fv2%2Fmedia&parent=4360"}],"wp:term":[{"taxonomy":"category","embeddable":true,"href":"https:\/\/congokin.blog\/index.php?rest_route=%2Fwp%2Fv2%2Fcategories&post=4360"},{"taxonomy":"post_tag","embeddable":true,"href":"https:\/\/congokin.blog\/index.php?rest_route=%2Fwp%2Fv2%2Ftags&post=4360"}],"curies":[{"name":"wp","href":"https:\/\/api.w.org\/{rel}","templated":true}]}}