{"id":7057,"date":"2022-02-07T10:05:01","date_gmt":"2022-02-07T10:05:01","guid":{"rendered":"https:\/\/congokin.blog\/?p=7057"},"modified":"2022-02-07T10:07:53","modified_gmt":"2022-02-07T10:07:53","slug":"rumeurs-de-coup-detat-qui-a-panique-le-pays-samedi-soir","status":"publish","type":"post","link":"https:\/\/congokin.blog\/?p=7057","title":{"rendered":"Rumeurs de coup d\u2019\u00c9tat : qui a paniqu\u00e9 le pays samedi soir ?"},"content":{"rendered":"\n<h1 class=\"wp-block-heading\" id=\"rumeurs-de-coup-d-etat-qui-a-panique-le-pays-samedi-soir\">Rumeurs de coup d\u2019\u00c9tat : qui a paniqu\u00e9 le pays samedi soir ?<\/h1>\n\n\n\n<p class=\"wp-block-paragraph\">07.02.2022,<a href=\"https:\/\/www.mediacongo.net\/articles-actualite-0_.html\"><\/a><\/p>\n\n\n\n<figure class=\"wp-block-image\"><img decoding=\"async\" src=\"https:\/\/www.mediacongo.net\/cache\/beya_francois_22_0214522_jpg_640_350_1.jpeg\" alt=\"-\"\/><\/figure>\n\n\n\n<p class=\"wp-block-paragraph\">Fran\u00e7ois Beya, le conseiller sp\u00e9cial du chef de l\u2019\u00c9tat en mati\u00e8re de s\u00e9curit\u00e9<\/p>\n\n\n\n<p class=\"wp-block-paragraph\">Il s\u2019agirait encore d\u2019une enqu\u00eate sur une possible conspiration qui viserait le sommet de l\u2019\u00c9tat.<br>&nbsp;<br>Fran\u00e7ois Beya, le conseiller sp\u00e9cial du chef de l\u2019\u00c9tat en mati\u00e8re de s\u00e9curit\u00e9 a pass\u00e9 sa premi\u00e8re nuit sous interrogatoire serr\u00e9 \u00e0 l\u2019Agence nationale des renseignements (ANR). Ce qui explique le degr\u00e9 de gravit\u00e9 des all\u00e9gations qui peseraient sur l\u2019individu, haut fonctionnaire de la R\u00e9publique de son \u00e9tat. Georges Kapiamba, pr\u00e9sident de l\u2019Association congolaise pour l\u2019acc\u00e8s \u00e0 la justice (ACAJ), proche parent du sp\u00e9cial a rapport\u00e9 tard dans la nuit que Fran\u00e7ois Beya a re\u00e7u la visite de sa famille, mais qu\u2019il restait entre les mains des services de s\u00e9curit\u00e9 pour raison d\u2019approfondissement de l\u2019enqu\u00eate.<\/p>\n\n\n\n<p class=\"wp-block-paragraph\"><strong>Pourquoi livrer le pays \u00e0 une incertitude Ouest-africaine ?<\/strong><\/p>\n\n\n\n<p class=\"wp-block-paragraph\">Quoi qu\u2019il en soit, cette affaire renvoie \u00e0 des critiques \u00e9tant donn\u00e9 que le dossier se trouve encore dans sa phase de renseignements, question de remonter la fili\u00e8re, si n\u00e9cessaire. Dans plusieurs d\u00e9mocraties, des pareils cas se g\u00e8rent dans une indiscr\u00e9tion absolue jusqu\u2019\u00e0 ce que des faits soient officiellement \u00e9tablis et des coupables totalement ma\u00eetris\u00e9s. A cause des fuites d\u2019information, n\u2019importe quel quidam s\u2019est permis de livrer \u00e0 la nation sa propre version de l\u2019histoire. Conspiration, tentative de coup d\u2019\u00c9tat, menace de d\u00e9stabilisation du pays o\u00f9 encore d\u2019autres versions imaginaires suffisamment hors contexte. Or, plusieurs cas similaires seraient r\u00e9guli\u00e8rement g\u00e9r\u00e9s sous d\u2019autres cieux de mani\u00e8re intelligente et souteraine sans que la moindre fourmi n\u2019en entende le bruitage.<\/p>\n\n\n\n<p class=\"wp-block-paragraph\">La flamb\u00e9e de cette annonce sur la toile a co\u00fbt\u00e9 de nombreuses pertes aux hommes d\u2019affaires et \u00e0 l\u2019\u00e9conomie du pays. Plusieurs activit\u00e9s se sont brutalement interrompues croyant que le pays \u00e9tait entr\u00e9 dans un nouveau cycle de d\u00e9stabilisation certaine. Des voyages post-pos\u00e9s, des visites du week-end \u00e9court\u00e9es, des commerces ferm\u00e9s, les transports en commun subitement stopp\u00e9s dans certains coins du pays et m\u00eame des cabines de retrait des fonds (M-PESA, Airtel-Money, Orange-Money) achaland\u00e9s dans certains quartiers de nos principales agglom\u00e9rations. Beaucoup ont m\u00eame d\u00e9cid\u00e9 d\u2019observer la matin\u00e9e avant de se r\u00e9soudre d\u2019aller au culte ce dimanche par crainte de d\u00e9bordement s\u00e9curitaire.<\/p>\n\n\n\n<p class=\"wp-block-paragraph\"><strong>Que les services fixent la nation<\/strong><\/p>\n\n\n\n<p class=\"wp-block-paragraph\">Mis \u00e0 part l\u2019activiste des droits de l\u2019homme, Georges Kapiamba dont les entr\u00e9es dans le r\u00e9gime sont fiables, il aurait \u00e9t\u00e9 p\u00e9nible de saisir le moindre d\u00e9tail autour de l\u2019affaire. Or, il est question de la vie de toute la nation et de son pr\u00e9sident. C\u2019est donc une affaire \u00e0 prendre tr\u00e8s au s\u00e9rieux. Dans cet univers des rumeurs sur fond de r\u00e9seaux sociaux tentaculaires, il y a lieu de vite rectifier le tir en articulant une communication idoine, r\u00e9guli\u00e8re et juste pour fixer l\u2019opinion nationale et internationale sur les v\u00e9ritables contours de cette \u00e9pop\u00e9e.<\/p>\n\n\n\n<p class=\"wp-block-paragraph\"><strong>Jeanric Umande<br>OURAGAN \/ MCP, via mediacongo.net<\/strong><\/p>\n<div class=\"wps-pgfw-pdf-generate-icon__wrapper-frontend pgfw-icon-display pgfw-icon-display--default\" style=\"--pgfw-icon-justify:center;\"><a href=\"https:\/\/congokin.blog?action=genpdf&#038;id=7057\" class=\"pgfw-single-pdf-download-button pgfw-single-pdf-download-button--default pgfw-single-pdf-download-button--icon-only\" title=\"G\u00e9n\u00e9rer un PDF\" style=\"--pgfw-icon-width:25px;--pgfw-icon-height:45px;\" aria-label=\"Download PDF\"><span class=\"pgfw-single-pdf-download-button__media\" aria-hidden=\"true\"><img src=\"https:\/\/congokin.blog\/wp-content\/plugins\/pdf-generator-for-wp\/admin\/src\/images\/PDF_Tray.svg\" alt=\"\" decoding=\"async\"><\/span><\/a><\/div>","protected":false},"excerpt":{"rendered":"<p>Rumeurs de coup d\u2019\u00c9tat : qui a paniqu\u00e9 le pays samedi soir ? 07.02.2022, Fran\u00e7ois Beya, le conseiller sp\u00e9cial du chef de l\u2019\u00c9tat en mati\u00e8re de s\u00e9curit\u00e9 Il s\u2019agirait encore d\u2019une enqu\u00eate sur une possible conspiration qui viserait le sommet de l\u2019\u00c9tat.&nbsp;Fran\u00e7ois Beya, le conseiller sp\u00e9cial du chef de l\u2019\u00c9tat en mati\u00e8re de s\u00e9curit\u00e9 a [&hellip;]<\/p>\n","protected":false},"author":8,"featured_media":0,"comment_status":"open","ping_status":"closed","sticky":false,"template":"","format":"standard","meta":{"footnotes":""},"categories":[7,1],"tags":[],"class_list":["post-7057","post","type-post","status-publish","format-standard","hentry","category-politique","category-uncategorized"],"_links":{"self":[{"href":"https:\/\/congokin.blog\/index.php?rest_route=\/wp\/v2\/posts\/7057","targetHints":{"allow":["GET"]}}],"collection":[{"href":"https:\/\/congokin.blog\/index.php?rest_route=\/wp\/v2\/posts"}],"about":[{"href":"https:\/\/congokin.blog\/index.php?rest_route=\/wp\/v2\/types\/post"}],"author":[{"embeddable":true,"href":"https:\/\/congokin.blog\/index.php?rest_route=\/wp\/v2\/users\/8"}],"replies":[{"embeddable":true,"href":"https:\/\/congokin.blog\/index.php?rest_route=%2Fwp%2Fv2%2Fcomments&post=7057"}],"version-history":[{"count":1,"href":"https:\/\/congokin.blog\/index.php?rest_route=\/wp\/v2\/posts\/7057\/revisions"}],"predecessor-version":[{"id":7058,"href":"https:\/\/congokin.blog\/index.php?rest_route=\/wp\/v2\/posts\/7057\/revisions\/7058"}],"wp:attachment":[{"href":"https:\/\/congokin.blog\/index.php?rest_route=%2Fwp%2Fv2%2Fmedia&parent=7057"}],"wp:term":[{"taxonomy":"category","embeddable":true,"href":"https:\/\/congokin.blog\/index.php?rest_route=%2Fwp%2Fv2%2Fcategories&post=7057"},{"taxonomy":"post_tag","embeddable":true,"href":"https:\/\/congokin.blog\/index.php?rest_route=%2Fwp%2Fv2%2Ftags&post=7057"}],"curies":[{"name":"wp","href":"https:\/\/api.w.org\/{rel}","templated":true}]}}