{"id":78,"date":"2018-04-05T23:29:57","date_gmt":"2018-04-05T23:29:57","guid":{"rendered":"http:\/\/congokin.media\/?p=78"},"modified":"2018-04-05T23:29:57","modified_gmt":"2018-04-05T23:29:57","slug":"kinshasa-ne-veut-pas-de-laide-de-lonu","status":"publish","type":"post","link":"https:\/\/congokin.blog\/?p=78","title":{"rendered":"Kinshasa ne veut pas de l&rsquo;aide de l&rsquo;ONU"},"content":{"rendered":"<div class=\"article-title-wrapper\">\n<h1>Crise humanitaire en RDC\u00a0: Kinshasa ne veut pas de l&rsquo;aide de l&rsquo;ONU<\/h1>\n<section class=\"signature\"><i class=\"sprite sprite-ICO_PLUME\"><\/i>\u00a0<span class=\"author-name\">Par\u00a0Ibrahima Bayo Jr.\u00a0<\/span>\u00a0|\u00a0\u00a0<time datetime=\"2018-04-04CEST17:59:00+0200\">04\/04\/2018, 17:59\u00a0<\/time>\u00a0|\u00a0\u00a0<\/section>\n<section><\/section>\n<section class=\"signature\"><img decoding=\"async\" src=\"https:\/\/static.latribune.fr\/full_width\/961272\/aide-humanitaire.jpg\" alt=\"\" \/><\/section>\n<\/div>\n<div class=\"article-content-wrapper\">\n<aside class=\"sharelinks\">(Cr\u00e9dits : Reuters)<\/aside>\n<section class=\"chapo\">Ce sont les d\u00e9plac\u00e9s et les personnes en situation de grave pr\u00e9carit\u00e9 qui risquent d\u2019\u00eatre pris dans cette guerre des chiffres et des descriptions entre les autorit\u00e9s congolaises et l\u2019ONU. A contrepied de l\u2019organisation internationale qui tire la sonnette d\u2019alarme humanitaire, Kinshasa envisage de financer, sur fonds propres mobilis\u00e9s par ses soins, le r\u00e8glement de la crise humanitaire dans le pays. La RDC semble bien d\u00e9cid\u00e9e \u00e0 aller au clash avec l\u2019ONU et m\u00eame de\u2026 se passer de ses \u00ab\u00a0services\u00a0\u00bb!<\/section>\n<section class=\"contenu-article clearfix\">\n<div class=\"body-article\">\n<p>\u00ab\u00a0Une situation humanitaire d&rsquo;urgence\u00a0!\u00a0\u00bb, au m\u00eame degr\u00e9 de gravit\u00e9 que la Syrie ou encore le Y\u00e9men. Sans euph\u00e9misme, c&rsquo;est le sombre tableau que dresse l&rsquo;ONU de la situation dans les provinces Kasa\u00ef-Central, du Tanganyika et de l&rsquo;Ituri o\u00f9 elle recense 4,5 millions de d\u00e9plac\u00e9s, plus de 3 millions d&rsquo;enfants frapp\u00e9s de malnutrition s\u00e9v\u00e8re et 13 millions qui ont besoin d&rsquo;une aide humanitaire.<\/p>\n<p>Des statistiques de d\u00e9solation contest\u00e9es par Kinshasa qui qualifie d&rsquo;\u00abexag\u00e9ration\u00bb les chiffres onusiens en remplacement desquels les autorit\u00e9s congolaises indiquent qu&rsquo;il n&rsquo;existe que 23.000 d\u00e9plac\u00e9s dans le pays. \u00ab\u00a0<em>La situation de la crise dans les trois provinces concern\u00e9es n&rsquo;a pas atteint le degr\u00e9 de gravit\u00e9 dont parlent les Nations unies<\/em>\u00bb, s&rsquo;est m\u00eame permis, sans subtilit\u00e9 diplomatique, L\u00e9onard Sh\u00e9 Okitundu, le chef de la diplomatie congolaise, lors d&rsquo;une conf\u00e9rence de presse ce 3 avril.<\/p>\n<h2><strong>Clash autour de la conf\u00e9rence des donateurs<\/strong><\/h2>\n<p>Entre l&rsquo;organisation internationale et le pays d&rsquo;Afrique centrale le torchon br\u00fble et le clash semble presque in\u00e9vitable. Cette guerre des chiffres et des mots se fait autour de la conf\u00e9rence des donateurs pr\u00e9vue \u00e0 Gen\u00e8ve, le 13 avril prochain afin de lever 1,7 milliard de dollars pour faire face aux crises humanitaires dans le pays. Mais aucun officiel congolais ne devrait faire le d\u00e9placement, Kinshasa ayant d\u00e9cid\u00e9 de la boycotter pour protester contre un descriptif onusien \u00abexcessif\u00bb de la situation dans le pays.<\/p>\n<p>Malgr\u00e9 les n\u00e9gociations pour la ramener \u00e0 la table de la lev\u00e9e de fonds, Kinshasa tient mordicus, \u00e0 conditionner sa participation \u00e0 une r\u00e9vision de la vision v\u00e9hicul\u00e9e par les ONG internationales, accus\u00e9es de donner une mauvaise image du pays. La conf\u00e9rence de Gen\u00e8ve n&rsquo;en est pas pour autant annul\u00e9e. Elle devrait se tenir \u00e0 la date pr\u00e9vue. De quoi h\u00e9risser les poils des officiels congolais.<\/p>\n<p><em>\u00ab Ce que nous avons refus\u00e9, c&rsquo;est qu&rsquo;on organise une conf\u00e9rence humanitaire sur la d\u00e9tresse en R\u00e9publique d\u00e9mocratique du Congo, en ignorant le gouvernement de ce pays. C&rsquo;est tout \u00e0 fait intol\u00e9rable. Et l\u00e0, on viole les textes et nous ne pouvons pas l&rsquo;accepter\u00a0<\/em>\u00bb, pr\u00e9vient L\u00e9onard She Okitundu. La r\u00e9plique du gouvernement congolais \u00e0 l&rsquo;Onu: un plan humanitaire d&rsquo;urgence\u00a0!<\/p>\n<p>Kinshasa envisage en effet de lancer ce plan, en dehors de la conf\u00e9rence de Gen\u00e8ve tout en restant ouvert aux dons de la \u00ab<em>solidarit\u00e9 internationale<\/em>\u00bb, et de le financer sur ses fonds propres, de mani\u00e8re \u00e9chelonn\u00e9e. \u00ab<em>C&rsquo;est vrai, le gouvernement de la R\u00e9publique d\u00e9mocratique du Congo a d\u00e9cid\u00e9, malgr\u00e9 les difficult\u00e9s budg\u00e9taires que rencontre notre pays, de donner 100 millions de dollars pour la d\u00e9tresse humanitaire dans les trois provinces de notre pays<\/em>\u00bb, pr\u00e9cise le chef de la diplomatie congolaise.<\/p>\n<h2><strong>La RDC sous les tirs crois\u00e9s de l&rsquo;ONU<\/strong><\/h2>\n<p>L&rsquo;ONU table quant \u00e0 elle sur une fin des violences (notamment interethniques) et sur une transition politique pacifique lors des \u00e9lections g\u00e9n\u00e9rales pr\u00e9vues le 23 d\u00e9cembre prochain pour att\u00e9nuer les effets de la crise humanitaire aliment\u00e9e par l&rsquo;incertitude politique et \u00e9conomique dans le pays.<\/p>\n<p>Pour autant, m\u00eame si la situation en RDC est loin d&rsquo;\u00eatre enviable, la comparer \u00e0 une Syrie ravag\u00e9e par la guerre ou \u00e0 un Y\u00e9men presque en ruines, est un grossissement dans le trait de la description. Ce qui est le propre des ONG internationales- affili\u00e9es \u00e0 l&rsquo;ONU ou non- qui, bien souvent, r\u00e9digent leurs rapports sur les pays africains, sous le prisme du mis\u00e9rabilisme. Les m\u00eames rapports sont bien souvent repris pour d\u00e9crire des situations et faire des rapprochements de situations souvent diff\u00e9rentes.<\/p>\n<p>A l&rsquo;\u00e9vidence, il faut reconna\u00eetre une sorte d&rsquo;acharnement de l&rsquo;ONU sur le pays d&rsquo;Afrique centrale. Tout au long de l&rsquo;ann\u00e9e, la RDC a \u00e9t\u00e9 accabl\u00e9e par des tirs de l&rsquo;ONU. Que ce soit sur la question\u00a0des droits de l&rsquo;Homme, sur le renouvellement du mandat de Minusco, pri\u00e9e de quitter le pays en 2020, sur la question de l&rsquo;assassinat des experts de l&rsquo;ONU dans le Kasa\u00ef, ou encore sur la situation politique, la RDC ploie sous les accusations de l&rsquo;ONU.<\/p>\n<p>Avec ce mini-clash, l&rsquo;organisation internationale est peut-\u00eatre en train de fournir des pr\u00e9textes au r\u00e9gime de Joseph Kabila pour jouer la dangereuse carte d&rsquo;une suppos\u00e9e ing\u00e9rence internationale dans les conflits. Entre temps, ce sont les personnes martyris\u00e9es par la faim, la maladie (la RDC connait une \u00e9pid\u00e9mie de chol\u00e9ra), la malnutrition, l&rsquo;exode qui sont prises au pi\u00e8ge. Il est peut-\u00eatre temps d&rsquo;y mettre un terme.<\/p>\n<\/div>\n<\/section>\n<\/div>\n<div style=\"text-align:center\" class=\"wps-pgfw-pdf-generate-icon__wrapper-frontend\">\n\t\t<a href=\"https:\/\/congokin.blog?action=genpdf&amp;id=78\" class=\"pgfw-single-pdf-download-button\" ><img src=\"https:\/\/congokin.blog\/wp-content\/plugins\/pdf-generator-for-wp\/admin\/src\/images\/PDF_Tray.svg\" title=\"G\u00e9n\u00e9rer un PDF\" style=\"width:auto; height:45px;\"><\/a>\n\t\t<\/div>","protected":false},"excerpt":{"rendered":"<p>Crise humanitaire en RDC\u00a0: Kinshasa ne veut pas de l&rsquo;aide de l&rsquo;ONU \u00a0Par\u00a0Ibrahima Bayo Jr.\u00a0\u00a0|\u00a0\u00a004\/04\/2018, 17:59\u00a0\u00a0|\u00a0\u00a0 (Cr\u00e9dits : Reuters) Ce sont les d\u00e9plac\u00e9s et les personnes en situation de grave pr\u00e9carit\u00e9 qui risquent d\u2019\u00eatre pris dans cette guerre des chiffres et des descriptions entre les autorit\u00e9s congolaises et l\u2019ONU. A contrepied de l\u2019organisation internationale qui [&hellip;]<\/p>\n","protected":false},"author":4,"featured_media":0,"comment_status":"open","ping_status":"closed","sticky":false,"template":"","format":"standard","meta":{"footnotes":""},"categories":[7,1],"tags":[],"class_list":["post-78","post","type-post","status-publish","format-standard","hentry","category-politique","category-uncategorized"],"_links":{"self":[{"href":"https:\/\/congokin.blog\/index.php?rest_route=\/wp\/v2\/posts\/78","targetHints":{"allow":["GET"]}}],"collection":[{"href":"https:\/\/congokin.blog\/index.php?rest_route=\/wp\/v2\/posts"}],"about":[{"href":"https:\/\/congokin.blog\/index.php?rest_route=\/wp\/v2\/types\/post"}],"author":[{"embeddable":true,"href":"https:\/\/congokin.blog\/index.php?rest_route=\/wp\/v2\/users\/4"}],"replies":[{"embeddable":true,"href":"https:\/\/congokin.blog\/index.php?rest_route=%2Fwp%2Fv2%2Fcomments&post=78"}],"version-history":[{"count":0,"href":"https:\/\/congokin.blog\/index.php?rest_route=\/wp\/v2\/posts\/78\/revisions"}],"wp:attachment":[{"href":"https:\/\/congokin.blog\/index.php?rest_route=%2Fwp%2Fv2%2Fmedia&parent=78"}],"wp:term":[{"taxonomy":"category","embeddable":true,"href":"https:\/\/congokin.blog\/index.php?rest_route=%2Fwp%2Fv2%2Fcategories&post=78"},{"taxonomy":"post_tag","embeddable":true,"href":"https:\/\/congokin.blog\/index.php?rest_route=%2Fwp%2Fv2%2Ftags&post=78"}],"curies":[{"name":"wp","href":"https:\/\/api.w.org\/{rel}","templated":true}]}}