{"id":8210,"date":"2022-04-23T12:55:11","date_gmt":"2022-04-23T12:55:11","guid":{"rendered":"https:\/\/congokin.blog\/?p=8210"},"modified":"2022-04-23T12:55:13","modified_gmt":"2022-04-23T12:55:13","slug":"rdc-apres-le-sommet-de-nairobi-un-nouveau-pari-securitaire-pour-felix-tshisekedi","status":"publish","type":"post","link":"https:\/\/congokin.blog\/?p=8210","title":{"rendered":"RDC : apr\u00e8s le sommet de Nairobi, un nouveau pari s\u00e9curitaire pour F\u00e9lix Tshisekedi ?"},"content":{"rendered":"\n<h1 class=\"wp-block-heading\">RDC : apr\u00e8s le sommet de Nairobi, un nouveau pari s\u00e9curitaire pour F\u00e9lix Tshisekedi ?<\/h1>\n\n\n\n<h2 class=\"wp-block-heading\">L\u2019id\u00e9e d\u2019une force conjointe aux pays de la r\u00e9gion des Grands Lacs a de nouveau \u00e9t\u00e9 \u00e9voqu\u00e9e. Les chefs d\u2019\u00c9tat ont lanc\u00e9 un processus politique pour faciliter les contacts avec les gro<\/h2>\n\n\n\n<h2 class=\"wp-block-heading\">22 avril 2022 \u00e0 17:31Par\u00a0<a href=\"https:\/\/www.jeuneafrique.com\/auteurs\/romain.gras\/\">Romain Gras<\/a>Mis \u00e0 jour le 22 avril 2022 \u00e0 17:31<\/h2>\n\n\n\n<figure class=\"wp-block-image\"><img decoding=\"async\" src=\"https:\/\/www.jeuneafrique.com\/cdn-cgi\/image\/q=80,f=auto,metadata=none,h=296,w=592\/https:\/\/www.jeuneafrique.com\/medias\/2022\/04\/22\/jad20220421-ass-rdc-eac-02-592x296-1650641454.jpg\" alt=\"\"\/><figcaption>Le pr\u00e9sident Uhuru Kenyatta avec le pr\u00e9sident F\u00e9lix Tshisekedi \u00e0 Nairobi, le 21 avril 2022. \u00a9 PSCU<\/figcaption><\/figure>\n\n\n\n<p>Pour la deuxi\u00e8me fois en moins de quinze jours, plusieurs chefs d\u2019\u00c9tat de la Communaut\u00e9 des \u00c9tats d\u2019Afrique de l\u2019Est (EAC) se sont retrouv\u00e9s \u00e0 Nairobi ce 21 avril pour parler de la s\u00e9curit\u00e9 dans la r\u00e9gion des Grands Lacs. Le casting \u00e9tait quasiment le m\u00eame que lors de la pr\u00e9c\u00e9dente rencontre, le 8 avril dernier.\u00c0 LIRE<a href=\"https:\/\/www.jeuneafrique.com\/1252945\/politique\/grands-lacs-felix-tshisekedi-sous-la-pression-des-nations-unies\/\">Grands lacs : F\u00e9lix Tshisekedi sous la pression des Nations unies<\/a><\/p>\n\n\n\n<p>F\u00e9lix Tshisekedi, son homologue ougandais Yoweri Museveni, le k\u00e9nyan Uhuru Kenyatta \u00e9tait \u00e0 nouveau pr\u00e9sents. Le pr\u00e9sident burundais, Evariste Ndayishimiye, avait cette fois \u00e9t\u00e9 convi\u00e9 tandis que le Rwandais Paul Kagame, pr\u00e9sent \u00e0 la pr\u00e9c\u00e9dente r\u00e9union, s\u2019est fait repr\u00e9senter par&nbsp;<a href=\"https:\/\/www.jeuneafrique.com\/893547\/politique\/vincent-biruta-aucun-projet-rwandais-de-balkanisation-de-la-rdc-na-jamais-existe\/\" target=\"_blank\" rel=\"noreferrer noopener\">son ministre des Affaires \u00e9trang\u00e8res, Vincent Biruta.<\/a><\/p>\n\n\n\n<h2 class=\"wp-block-heading\">Tension r\u00e9gionale<\/h2>\n\n\n\n<p>La lutte contres les groupes arm\u00e9s dans l\u2019Est de la RDC a \u00e9t\u00e9 au c\u0153ur de cette nouvelle rencontre qui s\u2019est conclue par l\u2019adoption de plusieurs mesures. Le communiqu\u00e9 final a notamment annonc\u00e9 le lancement d\u2019un \u00ab&nbsp;processus politique&nbsp;\u00bb men\u00e9 par Uhuru Kenyatta afin de \u00ab&nbsp;faciliter les consultations entre la RDC et les groupes arm\u00e9s locaux&nbsp;\u00bb.\u00c0 LIRE<a href=\"https:\/\/www.jeuneafrique.com\/1334854\/politique\/m23-en-rdc-pourquoi-la-tension-monte-entre-tshisekedi-kagame-et-museveni\/\">M23 en RDC : pourquoi la tension monte entre Tshisekedi, Kagame et Museveni<\/a><\/p>\n\n\n\n<p>D\u00e8s ce 22 avril, une \u00ab&nbsp;r\u00e9union consultative&nbsp;\u00bb \u00e9tait cens\u00e9e se tenir au Kenya. \u00ab&nbsp;Tous les groupes arm\u00e9s&nbsp;\u00bb ont \u00e9t\u00e9 invit\u00e9s mais aucune pr\u00e9cision n\u2019avait \u00e9t\u00e9 fournie sur ceux d\u2019entre eux pr\u00eats \u00e0 prendre part \u00e0 cette initiative. F\u00e9lix Tshisekedi n\u2019a finalement pas re\u00e7u les repr\u00e9sentants de ces mouvements.<\/p>\n\n\n\n<p>La porte-parole adjointe de F\u00e9lix Tshisekedi, Tina Salama, a \u00e9voqu\u00e9 un \u00ab&nbsp;probl\u00e8me logistique&nbsp;\u00bb en pr\u00e9cisant qu\u2019 \u00ab&nbsp;une \u00e9quipe congolaise restera sur place sous le leadership du pr\u00e9sident Uhuru Kenyatta pour faire aboutir le processus&nbsp;\u00bb.<\/p>\n\n\n\n<h3 class=\"wp-block-heading\">Id\u00e9e d\u2019un dialogue<\/h3>\n\n\n\n<p>En marge de la premi\u00e8re quadripartite du 8 avril, qui avait pour but la signature du trait\u00e9 d\u2019<a href=\"https:\/\/www.jeuneafrique.com\/1334627\/economie\/avec-ladhesion-de-la-rdc-leac-devient-un-marche-de-280-millions-de-consommateurs\/\">adh\u00e9sion de la RDC \u00e0 l\u2019EAC<\/a>, une discr\u00e8te r\u00e9union s\u2019\u00e9tait tenue, \u00e0 huis clos et sans collaborateur, entre les quatre chefs d\u2019\u00c9tat pr\u00e9sents.&nbsp;<a href=\"https:\/\/www.jeuneafrique.com\/1338367\/politique\/rdc-m23-dans-le-secret-du-sommet-de-nairobi\/\" target=\"_blank\" rel=\"noreferrer noopener\">Selon ses conclusions, r\u00e9v\u00e9l\u00e9es par&nbsp;<em>Jeune Afrique,<\/em><\/a>&nbsp;l\u2019id\u00e9e d\u2019un dialogue avec les groupes arm\u00e9es, dont les M23, avait d\u00e9j\u00e0 \u00e9t\u00e9 mise sur la table. F\u00e9lix Tshisekedi s\u2019\u00e9tait alors engag\u00e9 \u00e0 entamer des discussions \u00ab&nbsp;d\u2019ici deux semaines&nbsp;\u00bb.\u00c0 LIRE<a href=\"https:\/\/www.jeuneafrique.com\/1333038\/politique\/adhesion-de-la-rdc-a-leac-une-victoire-et-des-defis-pour-tshisekedi\/\">Adh\u00e9sion de la RDC \u00e0 l\u2019EAC : une victoire et des d\u00e9fis pour Tshisekedi<\/a><\/p>\n\n\n\n<p>D\u00e9fait militairement en 2013,&nbsp;<a href=\"https:\/\/www.jeuneafrique.com\/1337645\/politique\/dans-lest-de-la-rdc-plusieurs-villages-passent-sous-le-controle-du-m23\/\" target=\"_blank\" rel=\"noreferrer noopener\">le M23 ressurgit depuis novembre 2021 et multiplie ses attaques dans le territoire de Rutshuru (Nord-Kivu).<\/a>&nbsp;Les raisons de ce regain d\u2019activit\u00e9 demeurent incertaines, mais la reprise des combats a r\u00e9veill\u00e9 les suspicions d\u2019un soutien du Rwanda au groupe arm\u00e9.<\/p>\n\n\n\n<p>Kigali nie fermement, mais ces accusations ont provoqu\u00e9&nbsp;<a href=\"https:\/\/www.jeuneafrique.com\/1334854\/politique\/m23-en-rdc-pourquoi-la-tension-monte-entre-tshisekedi-kagame-et-museveni\/\">une r\u00e9elle crispation entre la RDC, le Rwanda et l\u2019Ouganda<\/a>. C\u2019est \u00e0 la suite de ce regain de tension que les discussions entre les diff\u00e9rents voisins, sous l\u2019\u00e9gide du Kenya, se sont intensifi\u00e9es.<\/p>\n\n\n\n<h4 class=\"wp-block-heading\">Discr\u00e8te rencontre \u00e0 Entebbe<\/h4>\n\n\n\n<p>Mais la m\u00e9fiance demeure. Apr\u00e8s s\u2019\u00eatre rapproch\u00e9 au d\u00e9but du mandat de F\u00e9lix Tshisekedi, les relations entre la RDC et le Rwanda ont connu ces derniers mois quelques turbulences. La nouvelle coop\u00e9ration entre Kinshasa et Kampala, qui s\u2019est notamment traduit par&nbsp;<a href=\"https:\/\/www.jeuneafrique.com\/1272847\/politique\/rdc-vers-une-intervention-ougandaise-contre-les-adf\/\">le lancement en novembre dernier d\u2019une op\u00e9ration conjointe des arm\u00e9es congolaises et ougandaises contre les ADF<\/a>, au Nord-Kivu et en Ituri, n\u2019y est pas \u00e9trang\u00e8re.<\/p>\n\n\n\n<p>Selon nos informations, une premi\u00e8re d\u00e9l\u00e9gation, emmen\u00e9e par le coordonnateur du m\u00e9canisme national de suivi de l\u2019accord cadre d\u2019Addis-Abeba (MNS), Claude Ibalanky, s\u2019est rendue \u00e0 Entebbe, en Ouganda, le 20 avril, \u00e0 la veille du sommet de Nairobi.&nbsp;<a href=\"https:\/\/www.jeuneafrique.com\/1264441\/politique\/rdc-le-spectre-dun-retour-du-m23\/\" target=\"_blank\" rel=\"noreferrer noopener\">Le but de cette visite \u00e9tait d\u2019\u00e9changer avec des membres du M23<\/a>, dont le pr\u00e9sident du mouvement rebelle, Bertrand Bisimwa. Cette rencontre s\u2019est d\u00e9roul\u00e9e gr\u00e2ce \u00e0 la facilitation du pr\u00e9sident ougandais Yoweri Museveni.<\/p>\n\n\n\n<p>Le MNS joue un r\u00f4le cl\u00e9 dans le dialogue avec les M23. C\u2019est en effet cette structure qui \u00e9tait d\u00e9j\u00e0 charg\u00e9e de suivre les n\u00e9gociations sur l\u2019application de l\u2019accord sign\u00e9 en octobre 2019, cens\u00e9 encadrer le rapatriement en RDC des contingents M23 pr\u00e9sents au Rwanda. Aucune feuille de route de ce type n\u2019a pour le moment \u00e9t\u00e9 conclue avec le contingent pr\u00e9sent en Ouganda.\u00c0 LIRE<a href=\"https:\/\/www.jeuneafrique.com\/1334378\/politique\/rdc-rwanda-le-rapport-confidentiel-des-renseignements-congolais-sur-les-rebelles-du-m23\/\">RDC-Rwanda : le rapport confidentiel des renseignements congolais sur les rebelles du M23<\/a><\/p>\n\n\n\n<p>La perspective d\u2019un tel dialogue avec les groupes arm\u00e9s est accueillie avec pr\u00e9caution par certains partenaires de la RDC, notamment dans le contexte de la mise en \u0153uvre du nouveau programme de d\u00e9sarmement, d\u00e9mobilisation, r\u00e9int\u00e9gration (DDR). Plusieurs chancelleries sont hostiles \u00e0 l\u2019id\u00e9e d\u2019une int\u00e9gration des rebelles au sein de l\u2019arm\u00e9e congolaise, comme cela a \u00e9t\u00e9 le cas par le pass\u00e9 avec les membres d\u2019autres groupes arm\u00e9s.<\/p>\n\n\n\n<h5 class=\"wp-block-heading\">T\u00e2tonnement strat\u00e9gique<\/h5>\n\n\n\n<p>L\u2019autre annonce majeure qui figure dans le communiqu\u00e9 du sommet de Nairobi est la mise en place \u00ab&nbsp;d\u2019une force r\u00e9gionale pour aider \u00e0 contenir et, le cas \u00e9ch\u00e9ant, \u00e0 combattre les forces n\u00e9gatives\u201d. Les chefs d\u2019\u00c9tat pr\u00e9sents n\u2019en ont pas pr\u00e9cis\u00e9 les contours. Ils ont simplement ajout\u00e9 que cette coalition devrait \u00eatre lanc\u00e9e imm\u00e9diatement, et \u00ab&nbsp;sous la direction de la RDC&nbsp;\u00bb, appelant au passage tous les groupes arm\u00e9s \u00e9trangers pr\u00e9sents \u00ab&nbsp;\u00e0 d\u00e9sarmer et \u00e0 rentrer dans leur pays d\u2019origine&nbsp;\u00bb.<\/p>\n\n\n\n<figure class=\"wp-block-image\"><img decoding=\"async\" src=\"https:\/\/www.jeuneafrique.com\/medias\/2022\/04\/22\/jad20220421-ass-rdc-eac-01-1024x688.jpg\" alt=\"Le pr\u00e9sident k\u00e9nyan Uhuru Kenyatta avec le pr\u00e9sident congolais F\u00e9lix Tshisekedi, le pr\u00e9sident ougandais Yoweri Museveni, le pr\u00e9sident burundais \u00c9variste Ndayishimiye et le ministre rwandais des Affaires \u00e9trang\u00e8res Vincent Biruta. \u00a9 PSCU\"\/><figcaption>Le pr\u00e9sident k\u00e9nyan Uhuru Kenyatta avec le pr\u00e9sident congolais F\u00e9lix Tshisekedi, le pr\u00e9sident ougandais Yoweri Museveni, le pr\u00e9sident burundais \u00c9variste Ndayishimiye et le ministre rwandais des Affaires \u00e9trang\u00e8res Vincent Biruta. \u00a9 PSCU<\/figcaption><\/figure>\n\n\n\n<p>L\u2019id\u00e9e d\u2019une mutualisation des forces militaires des diff\u00e9rents voisins de la RDC n\u2019est pas nouvelle.&nbsp;<a href=\"https:\/\/www.jeuneafrique.com\/844158\/politique\/rdc-casse-tete-autour-dune-offensive-conjointe-contre-les-groupes-armes-a-lest\/\" target=\"_blank\" rel=\"noreferrer noopener\">En octobre 2019, l\u2019\u00e9bauche d\u2019un projet d\u2019\u00e9tat-major conjoint avait fuit\u00e9<\/a>. En principe, il devait r\u00e9unir les arm\u00e9es congolaise, burundaise, rwandaise et ougandaise pour lutter contre les groupes arm\u00e9s pr\u00e9sents dans l\u2019Est de la RDC. La crispation que ce projet a g\u00e9n\u00e9r\u00e9e dans l\u2019opinion congolaise et la rivalit\u00e9 entre les diff\u00e9rents voisins, notamment entre le Rwanda et l\u2019Ouganda, avaient, \u00e0 l\u2019\u00e9poque, eu raison de cette initiative.<\/p>\n\n\n\n<h6 class=\"wp-block-heading\">\u00c9tat de si\u00e8ge<\/h6>\n\n\n\n<p>La r\u00e9surrection de cette initiative soul\u00e8ve des questions quant \u00e0 la strat\u00e9gie s\u00e9curitaire adopt\u00e9e par la RDC. Alors que les provinces du Nord-Kivu et de l\u2019Ituri vivent depuis un an sous \u00e9tat de si\u00e8ge, les critiques ne cessent de s\u2019accumuler contre cette mesure cens\u00e9e ramener la paix dans ces deux provinces. Un projet de loi vient d\u2019ailleurs d\u2019\u00eatre d\u00e9pos\u00e9 par cinq d\u00e9put\u00e9s pour lever cette disposition.<\/p>\n\n\n\n<p>Reste d\u00e9sormais \u00e0 conna\u00eetre l\u2019impact&nbsp;<a href=\"https:\/\/www.jeuneafrique.com\/1258137\/politique\/etat-de-siege-en-rdc-ce-que-contient-laccablant-rapport-de-la-commission-defense-de-lassemblee\/\" target=\"_blank\" rel=\"noreferrer noopener\">qu\u2019aura la mise en place d\u2019une telle force r\u00e9gionale sur le maintien ou non de l\u2019\u00e9tat de si\u00e8ge<\/a>&nbsp;et la fa\u00e7on dont elle pourra se conjuguer avec l\u2019op\u00e9ration d\u00e9j\u00e0 en cours entre la RDC et l\u2019arm\u00e9e ougandaise. Une nouvelle rencontre est pr\u00e9vue dans un mois pour \u00e9valuer les progr\u00e8s effectu\u00e9s apr\u00e8s ce sommet de Nairobi.<\/p>\n<div style=\"text-align:center\" class=\"wps-pgfw-pdf-generate-icon__wrapper-frontend\">\n\t\t<a href=\"https:\/\/congokin.blog?action=genpdf&amp;id=8210\" class=\"pgfw-single-pdf-download-button\" ><img src=\"https:\/\/congokin.blog\/wp-content\/plugins\/pdf-generator-for-wp\/admin\/src\/images\/PDF_Tray.svg\" title=\"G\u00e9n\u00e9rer un PDF\" style=\"width:auto; height:45px;\"><\/a>\n\t\t<\/div>","protected":false},"excerpt":{"rendered":"<p>RDC : apr\u00e8s le sommet de Nairobi, un nouveau pari s\u00e9curitaire pour F\u00e9lix Tshisekedi ? L\u2019id\u00e9e d\u2019une force conjointe aux pays de la r\u00e9gion des Grands Lacs a de nouveau \u00e9t\u00e9 \u00e9voqu\u00e9e. Les chefs d\u2019\u00c9tat ont lanc\u00e9 un processus politique pour faciliter les contacts avec les gro 22 avril 2022 \u00e0 17:31Par\u00a0Romain GrasMis \u00e0 jour [&hellip;]<\/p>\n","protected":false},"author":8,"featured_media":0,"comment_status":"open","ping_status":"closed","sticky":false,"template":"","format":"standard","meta":{"footnotes":""},"categories":[3],"tags":[],"class_list":["post-8210","post","type-post","status-publish","format-standard","hentry","category-diplomatie"],"_links":{"self":[{"href":"https:\/\/congokin.blog\/index.php?rest_route=\/wp\/v2\/posts\/8210","targetHints":{"allow":["GET"]}}],"collection":[{"href":"https:\/\/congokin.blog\/index.php?rest_route=\/wp\/v2\/posts"}],"about":[{"href":"https:\/\/congokin.blog\/index.php?rest_route=\/wp\/v2\/types\/post"}],"author":[{"embeddable":true,"href":"https:\/\/congokin.blog\/index.php?rest_route=\/wp\/v2\/users\/8"}],"replies":[{"embeddable":true,"href":"https:\/\/congokin.blog\/index.php?rest_route=%2Fwp%2Fv2%2Fcomments&post=8210"}],"version-history":[{"count":1,"href":"https:\/\/congokin.blog\/index.php?rest_route=\/wp\/v2\/posts\/8210\/revisions"}],"predecessor-version":[{"id":8211,"href":"https:\/\/congokin.blog\/index.php?rest_route=\/wp\/v2\/posts\/8210\/revisions\/8211"}],"wp:attachment":[{"href":"https:\/\/congokin.blog\/index.php?rest_route=%2Fwp%2Fv2%2Fmedia&parent=8210"}],"wp:term":[{"taxonomy":"category","embeddable":true,"href":"https:\/\/congokin.blog\/index.php?rest_route=%2Fwp%2Fv2%2Fcategories&post=8210"},{"taxonomy":"post_tag","embeddable":true,"href":"https:\/\/congokin.blog\/index.php?rest_route=%2Fwp%2Fv2%2Ftags&post=8210"}],"curies":[{"name":"wp","href":"https:\/\/api.w.org\/{rel}","templated":true}]}}