{"id":846,"date":"2018-05-20T08:50:26","date_gmt":"2018-05-20T08:50:26","guid":{"rendered":"https:\/\/congokin.media\/?p=846"},"modified":"2018-05-20T08:50:26","modified_gmt":"2018-05-20T08:50:26","slug":"la-police-etouffe-une-tantative-de-manifestation-aux-obseques-de-rossy-mukendi","status":"publish","type":"post","link":"https:\/\/congokin.blog\/?p=846","title":{"rendered":"La police \u00e9touffe une tantative de manifestation aux obs\u00e8ques de Rossy Mukendi"},"content":{"rendered":"<header class=\"row narrow-header\">\n<div class=\"col-lg-10 c-black l-black offset-lg-1\">\n<div class=\"meta row align-items-center\">\n<div class=\"col-lg-6 actual-meta\">\n<div class=\"by-badge c-meta l-black  small d-flex align-items-center\"><span class=\"author\">By\u00a0La R\u00e9daction<\/span><span class=\"date ml-1\">\/ 19 mai 2018<\/span><\/div>\n<\/div>\n<div class=\"col-lg-6 share\"><\/div>\n<\/div>\n<hr class=\"mb-4 mt-1\" \/>\n<h1 class=\"title font-weight-bold mt-3 mb-0\">La police \u00e9touffe une tantative de manifestation aux obs\u00e8ques de Rossy Mukendi<\/h1>\n<\/div>\n<\/header>\n<div class=\"post-container pt-4\">\n<div class=\"row pb-5\">\n<div class=\"col-lg-7 offset-lg-1\n          \"><\/p>\n<div class=\"lead c-meta mb-4 f-main\">\n<p>Les forces de l\u2019ordre sont intervenus samedi pour disperser des partisans de l\u2019opposition qui tentaient de manifester \u00e0 la lev\u00e9e du corps de l\u2019activiste congolais Rossy Mukendi.<\/p>\n<\/div>\n<div class=\"mb-4\">\n<div class=\"featured-img\"><img decoding=\"async\" src=\"https:\/\/i2.wp.com\/www.politico.cd\/wp-content\/uploads\/2017\/11\/urgent-flash-politico.jpg?fit=1024%2C683\" alt=\"La police \u00e9touffe une tantative de manifestation aux obs\u00e8ques de Rossy Mukendi\" \/><\/div>\n<div class=\"img-caption f-main c-meta small text-right\"><\/div>\n<\/div>\n<div class=\"post-content l-1 lh-black mb-4 clearfix\">\n<p><span class=\"wpsdc-drop-cap\">D<\/span>es dizaines des partisans de l\u2019opposition et des mouvements citoyens ont tent\u00e9 de manifester ce samedi devant la Cath\u00e9drale du Congo o\u00f9 la d\u00e9pouille de l\u2019activiste Rossy Mukendi \u00e9tait expos\u00e9e \u00e0 l\u2019occasion d\u2019une messe en sa m\u00e9moire.<\/p>\n<p>Les policiers sont intervenus, alors que la d\u00e9pouille allait \u00eatre lev\u00e9e en direction du cimeti\u00e8re,tirant du gaz lacrymog\u00e8n face des militants qui scandaient des cris hostiles au pr\u00e9sident Joseph Kabila.<\/p>\n<p>Apr\u00e8s deux mois de bras de fer avec les autorit\u00e9s de Kinshasa, la d\u00e9pouille de l\u2019activiste tu\u00e9 le 25 f\u00e9vrier dernier \u00e0 finalement \u00e9t\u00e9 sortie de la morgue hier, pour \u00eatre expos\u00e9e au centre Assanef, \u00e0 quelques mettre de cette \u00e9glise catholique o\u00f9 des personnalit\u00e9s czthooises et politiques lui ont rendu hommage.<\/p>\n<div class=\"code-block code-block-3\"><\/div>\n<p>Aucun bilan n\u2019est pour l\u2019instant connu. Les autorit\u00e9s sont resteer injoignable.<\/p>\n<\/div>\n<\/div>\n<\/div>\n<\/div>\n<div style=\"text-align:center\" class=\"wps-pgfw-pdf-generate-icon__wrapper-frontend\">\n\t\t<a href=\"https:\/\/congokin.blog?action=genpdf&amp;id=846\" class=\"pgfw-single-pdf-download-button\" ><img src=\"https:\/\/congokin.blog\/wp-content\/plugins\/pdf-generator-for-wp\/admin\/src\/images\/PDF_Tray.svg\" title=\"G\u00e9n\u00e9rer un PDF\" style=\"width:auto; height:45px;\"><\/a>\n\t\t<\/div>","protected":false},"excerpt":{"rendered":"<p>By\u00a0La R\u00e9daction\/ 19 mai 2018 La police \u00e9touffe une tantative de manifestation aux obs\u00e8ques de Rossy Mukendi Les forces de l\u2019ordre sont intervenus samedi pour disperser des partisans de l\u2019opposition qui tentaient de manifester \u00e0 la lev\u00e9e du corps de l\u2019activiste congolais Rossy Mukendi. Des dizaines des partisans de l\u2019opposition et des mouvements citoyens ont [&hellip;]<\/p>\n","protected":false},"author":4,"featured_media":0,"comment_status":"open","ping_status":"closed","sticky":false,"template":"","format":"standard","meta":{"footnotes":""},"categories":[7],"tags":[],"class_list":["post-846","post","type-post","status-publish","format-standard","hentry","category-politique"],"_links":{"self":[{"href":"https:\/\/congokin.blog\/index.php?rest_route=\/wp\/v2\/posts\/846","targetHints":{"allow":["GET"]}}],"collection":[{"href":"https:\/\/congokin.blog\/index.php?rest_route=\/wp\/v2\/posts"}],"about":[{"href":"https:\/\/congokin.blog\/index.php?rest_route=\/wp\/v2\/types\/post"}],"author":[{"embeddable":true,"href":"https:\/\/congokin.blog\/index.php?rest_route=\/wp\/v2\/users\/4"}],"replies":[{"embeddable":true,"href":"https:\/\/congokin.blog\/index.php?rest_route=%2Fwp%2Fv2%2Fcomments&post=846"}],"version-history":[{"count":0,"href":"https:\/\/congokin.blog\/index.php?rest_route=\/wp\/v2\/posts\/846\/revisions"}],"wp:attachment":[{"href":"https:\/\/congokin.blog\/index.php?rest_route=%2Fwp%2Fv2%2Fmedia&parent=846"}],"wp:term":[{"taxonomy":"category","embeddable":true,"href":"https:\/\/congokin.blog\/index.php?rest_route=%2Fwp%2Fv2%2Fcategories&post=846"},{"taxonomy":"post_tag","embeddable":true,"href":"https:\/\/congokin.blog\/index.php?rest_route=%2Fwp%2Fv2%2Ftags&post=846"}],"curies":[{"name":"wp","href":"https:\/\/api.w.org\/{rel}","templated":true}]}}