{"id":8540,"date":"2022-05-15T17:56:18","date_gmt":"2022-05-15T17:56:18","guid":{"rendered":"https:\/\/congokin.blog\/?p=8540"},"modified":"2022-05-15T17:56:18","modified_gmt":"2022-05-15T17:56:18","slug":"ambongo-la-visite-du-pape-na-rien-a-voir-avec-lhonorabilite-la-bonte-ou-la-saintete-du-pouvoir-en-place","status":"publish","type":"post","link":"https:\/\/congokin.blog\/?p=8540","title":{"rendered":"Ambongo:\u00ab la visite du pape n\u2019a rien \u00e0 voir avec l\u2019honorabilit\u00e9, la bont\u00e9 ou la saintet\u00e9 du pouvoir en place \u00bb"},"content":{"rendered":"\n<p><strong>RDC: \u00ab la visite du pape n\u2019a rien \u00e0 voir avec l\u2019honorabilit\u00e9, la bont\u00e9 ou la saintet\u00e9 du pouvoir en place \u00bb, nuance le Cardinal Ambongo<\/strong>Dimanche 15 mai 2022 &#8211; 18:30<\/p>\n\n\n\n<figure class=\"wp-block-image\"><img decoding=\"async\" src=\"https:\/\/actualite.cd\/sites\/default\/files\/styles\/800_400\/public\/2022-05\/images%20%2814%29.jpeg?itok=UC1S_QnM\" alt=\"Pape. Photo droits tiers\"\/><\/figure>\n\n\n\n<p>Pape. Photo droits tiers<\/p>\n\n\n\n<p>Le cardinal Fridolin Ambongo Besungu a apport\u00e9 un \u00e9clairage sur la visite prochaine du pape en RDC. Pour lui, il s\u2019agit d\u2019un \u00e9v\u00e8nement historique pour l\u2019ensemble du pays dont la port\u00e9e n\u2019est pas que politique.<\/p>\n\n\n\n<blockquote class=\"wp-block-quote is-layout-flow wp-block-quote-is-layout-flow\"><p>\u00ab La visite du pape est un grand \u00e9v\u00e9nement pour le Congo et pour l\u2019ensemble du Congo. Le Pape Jean Paul II est venu au Za\u00efre pour la premi\u00e8re fois en 1984. Je terminais mes \u00e9tudes secondaires. J\u2019\u00e9tais \u00e0 l\u2019int\u00e9rieur et je n\u2019avais pas l\u2019opportunit\u00e9 d\u2019\u00eatre \u00e0 Kinshasa. Nous avons \u00e9norm\u00e9ment souffert de ne pas le voir de nos propres yeux. Quand il est revenu en 1985, j\u2019\u00e9tais d\u00e9j\u00e0 \u00e9tudiant ici \u00e0 Kinshasa, malheureusement, j\u2019\u00e9tais en vacances \u00e0 l\u2019int\u00e9rieur. Je peux imaginer tous ceux qui n\u2019ont pas jamais le pape en pr\u00e9sentiel \u00bb, a-t-il expliqu\u00e9.&nbsp;<\/p><\/blockquote>\n\n\n\n<p>Et d\u2019ajouter:<\/p>\n\n\n\n<blockquote class=\"wp-block-quote is-layout-flow wp-block-quote-is-layout-flow\"><p>\u00ab Tous ceux qui ont moins de 45 ans, qui ne sont jamais sortis du pays n\u2019ont pas encore cette occasion de voir le Pape. Je peux imaginer leur souffrance. Pour nous tous, c\u2019est un \u00e9v\u00e9nement important \u00bb.&nbsp;<\/p><\/blockquote>\n\n\n\n<p class=\"has-luminous-vivid-amber-background-color has-background\">A ceux qui veulent lier ce voyage \u00e0 une l\u00e9gitimation du pouvoir en place, le Cardinal a pr\u00e9cis\u00e9: \u00ab La visite du pape n\u2019a rien \u00e0 voir avec l\u2019honorabilit\u00e9, la bont\u00e9 ou la saintet\u00e9 du pouvoir en place. Le principe, c\u2019est que le Pape visite tout le monde. Il ne vient pas parce qu\u2019il a port\u00e9 une \u00e9valuation du r\u00e9gime en place, mais il vient visiter le peuple. Il vient en Pasteur. Il vient apporter le r\u00e9confort de J\u00e9sus \u00e0 un peuple qui a souffert. C\u2019est cela sa visite. Cela n\u2019a rien \u00e0 voir avec un jugement de valeur sur la gouvernance du r\u00e9gime actuel \u00bb.&nbsp;<\/p>\n\n\n\n<p>Contexte&nbsp;<\/p>\n\n\n\n<p>Le Pape se rendra en RDC au Soudan du Sud du 2 au 7 juillet. Ce sera le premier voyage du souverain pontif (85 ans) au Congo-Kinshasa. Le dernier s\u00e9jour d\u2019un pape \u00e0 Kinshasa remonte \u00e0 ao\u00fbt 1985. Jean-Paul II avait pass\u00e9 deux jours au Za\u00efre. Aujourd\u2019hui, la RDC est une place forte du catholicisme en Afrique avec environ 40 % de la population qui serait catholiques. L&rsquo;\u00c9glise est d\u2019ailleurs quasi omnipr\u00e9sente dans la vie publique. De l\u2019ind\u00e9pendance du pays en passant par la Conf\u00e9rence nationale souveraine aux r\u00e9centes luttes pour les \u00e9lections cr\u00e9dibles, les \u00e9v\u00eaques sont toujours impliqu\u00e9s d\u2019une mani\u00e8re ou d\u2019une autre dans la vie publique. L\u2019\u00e9glise est \u00e9galement tr\u00e8s pr\u00e9sente dans l\u2019appareillage scolaire \u00e0 travers des \u00e9coles dites conventionn\u00e9es.<\/p>\n<div style=\"text-align:center\" class=\"wps-pgfw-pdf-generate-icon__wrapper-frontend\">\n\t\t<a href=\"https:\/\/congokin.blog?action=genpdf&amp;id=8540\" class=\"pgfw-single-pdf-download-button\" ><img src=\"https:\/\/congokin.blog\/wp-content\/plugins\/pdf-generator-for-wp\/admin\/src\/images\/PDF_Tray.svg\" title=\"G\u00e9n\u00e9rer un PDF\" style=\"width:auto; height:45px;\"><\/a>\n\t\t<\/div>","protected":false},"excerpt":{"rendered":"<p>RDC: \u00ab la visite du pape n\u2019a rien \u00e0 voir avec l\u2019honorabilit\u00e9, la bont\u00e9 ou la saintet\u00e9 du pouvoir en place \u00bb, nuance le Cardinal AmbongoDimanche 15 mai 2022 &#8211; 18:30 Pape. Photo droits tiers Le cardinal Fridolin Ambongo Besungu a apport\u00e9 un \u00e9clairage sur la visite prochaine du pape en RDC. Pour lui, il [&hellip;]<\/p>\n","protected":false},"author":9,"featured_media":0,"comment_status":"open","ping_status":"closed","sticky":false,"template":"","format":"standard","meta":{"footnotes":""},"categories":[7,8],"tags":[],"class_list":["post-8540","post","type-post","status-publish","format-standard","hentry","category-politique","category-societe"],"_links":{"self":[{"href":"https:\/\/congokin.blog\/index.php?rest_route=\/wp\/v2\/posts\/8540","targetHints":{"allow":["GET"]}}],"collection":[{"href":"https:\/\/congokin.blog\/index.php?rest_route=\/wp\/v2\/posts"}],"about":[{"href":"https:\/\/congokin.blog\/index.php?rest_route=\/wp\/v2\/types\/post"}],"author":[{"embeddable":true,"href":"https:\/\/congokin.blog\/index.php?rest_route=\/wp\/v2\/users\/9"}],"replies":[{"embeddable":true,"href":"https:\/\/congokin.blog\/index.php?rest_route=%2Fwp%2Fv2%2Fcomments&post=8540"}],"version-history":[{"count":1,"href":"https:\/\/congokin.blog\/index.php?rest_route=\/wp\/v2\/posts\/8540\/revisions"}],"predecessor-version":[{"id":8541,"href":"https:\/\/congokin.blog\/index.php?rest_route=\/wp\/v2\/posts\/8540\/revisions\/8541"}],"wp:attachment":[{"href":"https:\/\/congokin.blog\/index.php?rest_route=%2Fwp%2Fv2%2Fmedia&parent=8540"}],"wp:term":[{"taxonomy":"category","embeddable":true,"href":"https:\/\/congokin.blog\/index.php?rest_route=%2Fwp%2Fv2%2Fcategories&post=8540"},{"taxonomy":"post_tag","embeddable":true,"href":"https:\/\/congokin.blog\/index.php?rest_route=%2Fwp%2Fv2%2Ftags&post=8540"}],"curies":[{"name":"wp","href":"https:\/\/api.w.org\/{rel}","templated":true}]}}